{"id":2120,"date":"2019-12-26T11:22:14","date_gmt":"2019-12-26T14:22:14","guid":{"rendered":"http:\/\/fedemba.org.ar\/web\/?p=2120"},"modified":"2019-12-26T11:23:49","modified_gmt":"2019-12-26T14:23:49","slug":"fedemba-participo-en-el-96o-aniversario-de-la-mutual-de-aduanas-aeana","status":"publish","type":"post","link":"https:\/\/fedemba.org.ar\/web\/fedemba-participo-en-el-96o-aniversario-de-la-mutual-de-aduanas-aeana\/","title":{"rendered":"FEDEMBA PARTICIP\u00d3 EN EL 96\u00ba ANIVERSARIO DE LA MUTUAL DE ADUANAS (AEANA)"},"content":{"rendered":"<p><strong>FEDEMBA particip\u00f3 en el 96\u00ba Aniversario de la<\/strong> Asociaci\u00f3n de Empleados de la Administraci\u00f3n Nacional de Aduanas de Ayuda Mutual y previsi\u00f3n<strong> (AEANA)<\/strong>, <strong>entidad adherida a FEDEMBA<\/strong>, el pasado 19 de diciembre, en un gran evento en la hist\u00f3rica sede de la mutual.<\/p>\n<p>Junto al Vicepresidente de la Federaci\u00f3n, <strong>Ricardo Lorenzo<\/strong>, y la Secretaria de Promoci\u00f3n y Relaciones Institucionales de <strong>FEDEMBA, Rosa Rodr\u00edguez<\/strong>, participaron autoridades del Sindicato \u00fanico del Personal Aduanero de la Rep\u00fablica Argentina<strong> (SUPARA)<\/strong>, representantes de diversos Centros de Jubilados, asociados de la mutual AEANA y otros invitados especiales.<\/p>\n<p><img decoding=\"async\" loading=\"lazy\" class=\"size-full wp-image-2125 aligncenter\" src=\"http:\/\/fedemba.org.ar\/web\/wp-content\/uploads\/2019\/12\/79950320_2128037540632270_7553543835125547008_n.jpg\" alt=\"\" width=\"747\" height=\"600\" srcset=\"https:\/\/fedemba.org.ar\/web\/wp-content\/uploads\/2019\/12\/79950320_2128037540632270_7553543835125547008_n.jpg 747w, https:\/\/fedemba.org.ar\/web\/wp-content\/uploads\/2019\/12\/79950320_2128037540632270_7553543835125547008_n-300x241.jpg 300w\" sizes=\"(max-width: 747px) 100vw, 747px\" \/><\/p>\n<p><img decoding=\"async\" loading=\"lazy\" class=\"alignleft size-full wp-image-2123\" src=\"http:\/\/fedemba.org.ar\/web\/wp-content\/uploads\/2019\/12\/80127187_2128037663965591_6489332655224520704_n.jpg\" alt=\"\" width=\"900\" height=\"466\" srcset=\"https:\/\/fedemba.org.ar\/web\/wp-content\/uploads\/2019\/12\/80127187_2128037663965591_6489332655224520704_n.jpg 900w, https:\/\/fedemba.org.ar\/web\/wp-content\/uploads\/2019\/12\/80127187_2128037663965591_6489332655224520704_n-300x155.jpg 300w, https:\/\/fedemba.org.ar\/web\/wp-content\/uploads\/2019\/12\/80127187_2128037663965591_6489332655224520704_n-768x398.jpg 768w\" sizes=\"(max-width: 900px) 100vw, 900px\" \/><\/p>\n<p>El evento se inici\u00f3 con las palabras del <strong>Presidente de la mutual y Vocal Titular 3\u00ba de FEDEMBA, Guillermo Potenza, quien agradeci\u00f3 a todos los presentes por asistir y destac\u00f3 el clima de enorme alegr\u00eda y festejo<\/strong>. En este sentido, se realiz\u00f3 un lunch con diversos shows musicales y sorteos. <strong>Asimismo, se les entregaron obsequios especiales a los asociados jubilados en los a\u00f1os 2017 y 2018.<\/strong><\/p>\n<p><img decoding=\"async\" loading=\"lazy\" class=\"size-full wp-image-2124 aligncenter\" src=\"http:\/\/fedemba.org.ar\/web\/wp-content\/uploads\/2019\/12\/81030080_2128036853965672_8763539025530191872_n.jpg\" alt=\"\" width=\"745\" height=\"671\" srcset=\"https:\/\/fedemba.org.ar\/web\/wp-content\/uploads\/2019\/12\/81030080_2128036853965672_8763539025530191872_n.jpg 745w, https:\/\/fedemba.org.ar\/web\/wp-content\/uploads\/2019\/12\/81030080_2128036853965672_8763539025530191872_n-300x270.jpg 300w\" sizes=\"(max-width: 745px) 100vw, 745px\" \/><\/p>\n<div id=\"attachment_2122\" style=\"width: 650px\" class=\"wp-caption aligncenter\"><img aria-describedby=\"caption-attachment-2122\" decoding=\"async\" loading=\"lazy\" class=\"wp-image-2122 size-full\" src=\"http:\/\/fedemba.org.ar\/web\/wp-content\/uploads\/2019\/12\/80343769_2128037403965617_7517373836761759744_o-1.jpg\" alt=\"\" width=\"640\" height=\"815\" srcset=\"https:\/\/fedemba.org.ar\/web\/wp-content\/uploads\/2019\/12\/80343769_2128037403965617_7517373836761759744_o-1.jpg 640w, https:\/\/fedemba.org.ar\/web\/wp-content\/uploads\/2019\/12\/80343769_2128037403965617_7517373836761759744_o-1-236x300.jpg 236w\" sizes=\"(max-width: 640px) 100vw, 640px\" \/><p id=\"caption-attachment-2122\" class=\"wp-caption-text\"><strong>El Presidente de la mutual y Vocal Titular 3\u00ba de FEDEMBA, Guillermo Potenza, hablando ante una sede colmada de personas.<\/strong><\/p><\/div>\n","protected":false},"excerpt":{"rendered":"<p>FEDEMBA particip\u00f3 en el 96\u00ba Aniversario de la Asociaci\u00f3n de Empleados de la Administraci\u00f3n Nacional de Aduanas de Ayuda Mutual y previsi\u00f3n (AEANA), entidad adherida a FEDEMBA, el pasado 19 de diciembre, en un gran evento en la hist\u00f3rica sede de la mutual. Junto al Vicepresidente de la Federaci\u00f3n, Ricardo Lorenzo, y la Secretaria de [&hellip;]<\/p>\n","protected":false},"author":1,"featured_media":2125,"comment_status":"closed","ping_status":"closed","sticky":false,"template":"","format":"standard","meta":[],"categories":[1],"tags":[283,300,12,6,105,61,10,83,14,388],"_links":{"self":[{"href":"https:\/\/fedemba.org.ar\/web\/wp-json\/wp\/v2\/posts\/2120"}],"collection":[{"href":"https:\/\/fedemba.org.ar\/web\/wp-json\/wp\/v2\/posts"}],"about":[{"href":"https:\/\/fedemba.org.ar\/web\/wp-json\/wp\/v2\/types\/post"}],"author":[{"embeddable":true,"href":"https:\/\/fedemba.org.ar\/web\/wp-json\/wp\/v2\/users\/1"}],"replies":[{"embeddable":true,"href":"https:\/\/fedemba.org.ar\/web\/wp-json\/wp\/v2\/comments?post=2120"}],"version-history":[{"count":3,"href":"https:\/\/fedemba.org.ar\/web\/wp-json\/wp\/v2\/posts\/2120\/revisions"}],"predecessor-version":[{"id":2128,"href":"https:\/\/fedemba.org.ar\/web\/wp-json\/wp\/v2\/posts\/2120\/revisions\/2128"}],"wp:featuredmedia":[{"embeddable":true,"href":"https:\/\/fedemba.org.ar\/web\/wp-json\/wp\/v2\/media\/2125"}],"wp:attachment":[{"href":"https:\/\/fedemba.org.ar\/web\/wp-json\/wp\/v2\/media?parent=2120"}],"wp:term":[{"taxonomy":"category","embeddable":true,"href":"https:\/\/fedemba.org.ar\/web\/wp-json\/wp\/v2\/categories?post=2120"},{"taxonomy":"post_tag","embeddable":true,"href":"https:\/\/fedemba.org.ar\/web\/wp-json\/wp\/v2\/tags?post=2120"}],"curies":[{"name":"wp","href":"https:\/\/api.w.org\/{rel}","templated":true}]}}