{"id":2135,"date":"2020-03-30T11:57:15","date_gmt":"2020-03-30T14:57:15","guid":{"rendered":"http:\/\/fedemba.org.ar\/web\/?p=2135"},"modified":"2020-03-30T14:08:21","modified_gmt":"2020-03-30T17:08:21","slug":"el-sindicato-y-la-mutual-de-pasteleros-12-de-enero-instalan-hospital-de-campana-en-el-camping-de-esteban-echeverria","status":"publish","type":"post","link":"https:\/\/fedemba.org.ar\/web\/el-sindicato-y-la-mutual-de-pasteleros-12-de-enero-instalan-hospital-de-campana-en-el-camping-de-esteban-echeverria\/","title":{"rendered":"EL SINDICATO Y LA MUTUAL DE PASTELEROS \u00ab12 DE ENERO\u00bb INSTALAN HOSPITAL DE CAMPA\u00d1A EN EL CAMPING DE ESTEBAN ECHEVERR\u00cdA"},"content":{"rendered":"<div class=\"\" data-block=\"true\" data-editor=\"8e1pu\" data-offset-key=\"fkmb0-0-0\">\n<div data-offset-key=\"fkmb0-0-0\"><strong>La Asociaci\u00f3n Mutual \u201c12 de enero\u201d<\/strong>\u00a0Trabajadores Pasteleros, Confiteros, Pizzeros, Heladeros, Alfajoreros y Servicios R\u00e1pidos, <strong>entidad adherida a FEDEMBA, junto al Sindicato del mismo rubro decidieron abrir las puertas del camping que poseen sobre la Ruta de la Tradici\u00f3n 6455 <\/strong>en la localidad 9 de Abril, <strong>en donde el municipio de Esteban Echeverr\u00eda emplazar\u00e1 el hospital de campa\u00f1a m\u00e1s grande en instalaciones sindicales para combatir la pandemia del COVID-19 (Coronavirus).<\/strong><\/div>\n<\/div>\n<div class=\"_1mf _1mj\" data-offset-key=\"d35mg-0-0\"><span data-offset-key=\"d35mg-0-0\">\u00a0<\/span><\/div>\n<div data-offset-key=\"d35mg-0-0\"><span data-offset-key=\"42g5j-2-0\"><strong>Este centro recreativo reconvertido en hospital de campa\u00f1a alojar\u00e1 a cientos de bonaerenses que necesiten aislamiento obligatorio afectados por el virus o a la espera de resultados de test por el Covid-19.<\/strong> Cabe destacar que<\/span>\u00a0adem\u00e1s del gremio de pasteleros son numerosos los sindicatos que abrieron sus puertas para brindar apoyo en la tarea de aislamiento y contenci\u00f3n del coronavirus en esta etapa crucial en Argentina.<\/div>\n<div class=\"\" data-block=\"true\" data-editor=\"8e1pu\" data-offset-key=\"ei1j2-0-0\">\n<div data-offset-key=\"ei1j2-0-0\"><img decoding=\"async\" loading=\"lazy\" class=\"size-full wp-image-2137 aligncenter\" src=\"http:\/\/fedemba.org.ar\/web\/wp-content\/uploads\/2020\/03\/91285045_563339504297025_1682767860155285504_o.jpg\" alt=\"\" width=\"960\" height=\"720\" srcset=\"https:\/\/fedemba.org.ar\/web\/wp-content\/uploads\/2020\/03\/91285045_563339504297025_1682767860155285504_o.jpg 960w, https:\/\/fedemba.org.ar\/web\/wp-content\/uploads\/2020\/03\/91285045_563339504297025_1682767860155285504_o-300x225.jpg 300w, https:\/\/fedemba.org.ar\/web\/wp-content\/uploads\/2020\/03\/91285045_563339504297025_1682767860155285504_o-768x576.jpg 768w\" sizes=\"(max-width: 960px) 100vw, 960px\" \/><\/div>\n<\/div>\n<div class=\"\" data-block=\"true\" data-editor=\"8e1pu\" data-offset-key=\"13emp-0-0\">\n<div class=\"_1mf _1mj\" data-offset-key=\"13emp-0-0\"><strong>\u00a0<\/strong><\/div>\n<\/div>\n<div class=\"\" data-block=\"true\" data-editor=\"8e1pu\" data-offset-key=\"dsn5-0-0\">\n<div class=\"_1mf _1mj\" data-offset-key=\"dsn5-0-0\"><span data-offset-key=\"ei1j2-2-0\"><strong>Este virus que ha puesto en alarma a todo el mundo, ha sido combatido en los \u00faltimos d\u00edas con medidas<\/strong> que tienden a evitar su propagaci\u00f3n local, para generar una contenci\u00f3n del surgimiento de nuevos casos,<strong> y pol\u00edticas de salud<\/strong> que permitan asegurar una atenci\u00f3n a los enfermos respetando las normas de higiene y salubridad, sin olvidar de continuar con la esperanzadora labor de encontrar una cura.<\/span><\/div>\n<\/div>\n<div class=\"\" data-block=\"true\" data-editor=\"8e1pu\" data-offset-key=\"ermnp-0-0\">\n<div class=\"_1mf _1mj\" data-offset-key=\"ermnp-0-0\"><\/div>\n<\/div>\n<div class=\"\" data-block=\"true\" data-editor=\"8e1pu\" data-offset-key=\"42g5j-0-0\">\n<div data-offset-key=\"42g5j-0-0\"><img decoding=\"async\" loading=\"lazy\" class=\"size-full wp-image-2138 aligncenter\" src=\"http:\/\/fedemba.org.ar\/web\/wp-content\/uploads\/2020\/03\/91333477_563339177630391_3835791766859022336_o.jpg\" alt=\"\" width=\"960\" height=\"720\" srcset=\"https:\/\/fedemba.org.ar\/web\/wp-content\/uploads\/2020\/03\/91333477_563339177630391_3835791766859022336_o.jpg 960w, https:\/\/fedemba.org.ar\/web\/wp-content\/uploads\/2020\/03\/91333477_563339177630391_3835791766859022336_o-300x225.jpg 300w, https:\/\/fedemba.org.ar\/web\/wp-content\/uploads\/2020\/03\/91333477_563339177630391_3835791766859022336_o-768x576.jpg 768w\" sizes=\"(max-width: 960px) 100vw, 960px\" \/><\/div>\n<\/div>\n<div class=\"\" data-block=\"true\" data-editor=\"8e1pu\" data-offset-key=\"4llj1-0-0\">\n<div class=\"_1mf _1mj\" data-offset-key=\"4llj1-0-0\"><span data-offset-key=\"4llj1-0-0\">\u00a0<\/span><\/div>\n<\/div>\n<div class=\"\" data-block=\"true\" data-editor=\"8e1pu\" data-offset-key=\"68tjc-0-0\">\n<blockquote>\n<div class=\"_1mf _1mj\" data-offset-key=\"68tjc-0-0\"><strong>\u00abEsto forma parte del compromiso de nuestro sindicato con la comunidad en general, y en la lucha contra el coronavirus, en particular. Somos una organizaci\u00f3n abierta y siempre dispuesta a ayudar a nuestros compatriotas\u00bb, se\u00f1al\u00f3 Luis Hlebowicz, Secretario General del sindicato de Pasteleros.<\/strong><\/div>\n<\/blockquote>\n<div data-offset-key=\"68tjc-0-0\">Por otra parte, las mutuales que se encuentran preparadas contin\u00faan brindando servicios a distancia para sus asociados.<\/div>\n<div data-offset-key=\"68tjc-0-0\"><img decoding=\"async\" loading=\"lazy\" class=\"alignleft size-full wp-image-2136\" src=\"http:\/\/fedemba.org.ar\/web\/wp-content\/uploads\/2020\/03\/90812945_563284917635817_2620871799449059328_o.png\" alt=\"\" width=\"960\" height=\"466\" srcset=\"https:\/\/fedemba.org.ar\/web\/wp-content\/uploads\/2020\/03\/90812945_563284917635817_2620871799449059328_o.png 960w, https:\/\/fedemba.org.ar\/web\/wp-content\/uploads\/2020\/03\/90812945_563284917635817_2620871799449059328_o-300x146.png 300w, https:\/\/fedemba.org.ar\/web\/wp-content\/uploads\/2020\/03\/90812945_563284917635817_2620871799449059328_o-768x373.png 768w\" sizes=\"(max-width: 960px) 100vw, 960px\" \/><\/div>\n<\/div>\n","protected":false},"excerpt":{"rendered":"<p>La Asociaci\u00f3n Mutual \u201c12 de enero\u201d\u00a0Trabajadores Pasteleros, Confiteros, Pizzeros, Heladeros, Alfajoreros y Servicios R\u00e1pidos, entidad adherida a FEDEMBA, junto al Sindicato del mismo rubro decidieron abrir las puertas del camping que poseen sobre la Ruta de la Tradici\u00f3n 6455 en la localidad 9 de Abril, en donde el municipio de Esteban Echeverr\u00eda emplazar\u00e1 el hospital [&hellip;]<\/p>\n","protected":false},"author":1,"featured_media":2136,"comment_status":"closed","ping_status":"closed","sticky":false,"template":"","format":"standard","meta":[],"categories":[1],"tags":[18,389,390,300,12,6,85,10],"_links":{"self":[{"href":"https:\/\/fedemba.org.ar\/web\/wp-json\/wp\/v2\/posts\/2135"}],"collection":[{"href":"https:\/\/fedemba.org.ar\/web\/wp-json\/wp\/v2\/posts"}],"about":[{"href":"https:\/\/fedemba.org.ar\/web\/wp-json\/wp\/v2\/types\/post"}],"author":[{"embeddable":true,"href":"https:\/\/fedemba.org.ar\/web\/wp-json\/wp\/v2\/users\/1"}],"replies":[{"embeddable":true,"href":"https:\/\/fedemba.org.ar\/web\/wp-json\/wp\/v2\/comments?post=2135"}],"version-history":[{"count":2,"href":"https:\/\/fedemba.org.ar\/web\/wp-json\/wp\/v2\/posts\/2135\/revisions"}],"predecessor-version":[{"id":2140,"href":"https:\/\/fedemba.org.ar\/web\/wp-json\/wp\/v2\/posts\/2135\/revisions\/2140"}],"wp:featuredmedia":[{"embeddable":true,"href":"https:\/\/fedemba.org.ar\/web\/wp-json\/wp\/v2\/media\/2136"}],"wp:attachment":[{"href":"https:\/\/fedemba.org.ar\/web\/wp-json\/wp\/v2\/media?parent=2135"}],"wp:term":[{"taxonomy":"category","embeddable":true,"href":"https:\/\/fedemba.org.ar\/web\/wp-json\/wp\/v2\/categories?post=2135"},{"taxonomy":"post_tag","embeddable":true,"href":"https:\/\/fedemba.org.ar\/web\/wp-json\/wp\/v2\/tags?post=2135"}],"curies":[{"name":"wp","href":"https:\/\/api.w.org\/{rel}","templated":true}]}}