{"id":214,"date":"2013-09-21T12:07:26","date_gmt":"2013-09-21T15:07:26","guid":{"rendered":"http:\/\/fedemba.org.ar\/web\/?p=214"},"modified":"2015-05-14T16:43:16","modified_gmt":"2015-05-14T19:43:16","slug":"fedemba-realizo-jornada-de-integracion-y-capacitacion","status":"publish","type":"post","link":"https:\/\/fedemba.org.ar\/web\/fedemba-realizo-jornada-de-integracion-y-capacitacion\/","title":{"rendered":"FEDEMBA realiz\u00f3 la Jornada de Capacitaci\u00f3n denominada \u201cIncorporaci\u00f3n de nuevos asociados y fidelizaci\u00f3n de los actuales\u201d"},"content":{"rendered":"<p>FEDEMBA organiz\u00f3 junto a CONAM la Jornada de Capacitaci\u00f3n denominada \u201cIncorporaci\u00f3n de nuevos asociados y fidelizaci\u00f3n de los actuales\u201d, el 19 de septiembre en el C\u00edrculo de Suboficiales de la Prefectura Naval Argentina.<\/p>\n<p>Los objetivos fueron reflexionar sobre la necesidad en nuestras Instituciones mutuales de incorporar nuevos asociados y fidelizar a los actuales, y fortalecer a\u00fan m\u00e1s la integraci\u00f3n entre los dirigentes miembros de FEDEMBA.<\/p>\n<p>La participaci\u00f3n fue libre y gratuita y cont\u00f3 con la coordinaci\u00f3n del Prof. Sergio Echag\u00fce, del Instituto de Capacitaci\u00f3n y Formaci\u00f3n Mutual \u201cCarlos Castillo\u201d de ODEMA, Asimismo, disertaron la Lic. Mar\u00eda Elena Saccone, Directora del Departamento de la Facultad de Ciencias Econ\u00f3micas de la UNLP; el Dr. Marcelo Collomb, Coordinaci\u00f3n T\u00e9cnica del Directorio del INAES; la Dra. Eleuteria Rompotis, Coordinaci\u00f3n Asesor\u00eda Legal Mutual del INAES; y el Dr. Fernando Torres, Vicepresidente de FEDEMBA.<\/p>\n<p><a href=\"http:\/\/fedemba.org.ar\/web\/wp-content\/uploads\/2013\/09\/57.-IMG_0130.jpg\"><img decoding=\"async\" loading=\"lazy\" class=\"alignleft size-medium wp-image-328\" src=\"http:\/\/fedemba.org.ar\/web\/wp-content\/uploads\/2013\/09\/57.-IMG_0130-300x200.jpg\" alt=\"57. IMG_0130\" width=\"300\" height=\"200\" srcset=\"https:\/\/fedemba.org.ar\/web\/wp-content\/uploads\/2013\/09\/57.-IMG_0130-300x200.jpg 300w, https:\/\/fedemba.org.ar\/web\/wp-content\/uploads\/2013\/09\/57.-IMG_0130-1024x683.jpg 1024w\" sizes=\"(max-width: 300px) 100vw, 300px\" \/><\/a> <a href=\"http:\/\/fedemba.org.ar\/web\/wp-content\/uploads\/2013\/09\/58.-IMG_0143.jpg\"><img decoding=\"async\" loading=\"lazy\" class=\"alignleft size-medium wp-image-329\" src=\"http:\/\/fedemba.org.ar\/web\/wp-content\/uploads\/2013\/09\/58.-IMG_0143-300x200.jpg\" alt=\"58. IMG_0143\" width=\"300\" height=\"200\" srcset=\"https:\/\/fedemba.org.ar\/web\/wp-content\/uploads\/2013\/09\/58.-IMG_0143-300x200.jpg 300w, https:\/\/fedemba.org.ar\/web\/wp-content\/uploads\/2013\/09\/58.-IMG_0143-1024x683.jpg 1024w\" sizes=\"(max-width: 300px) 100vw, 300px\" \/><\/a> <a href=\"http:\/\/fedemba.org.ar\/web\/wp-content\/uploads\/2013\/09\/59.-IMG_0165.jpg\"><img decoding=\"async\" loading=\"lazy\" class=\"alignleft size-medium wp-image-330\" src=\"http:\/\/fedemba.org.ar\/web\/wp-content\/uploads\/2013\/09\/59.-IMG_0165-300x200.jpg\" alt=\"59. IMG_0165\" width=\"300\" height=\"200\" srcset=\"https:\/\/fedemba.org.ar\/web\/wp-content\/uploads\/2013\/09\/59.-IMG_0165-300x200.jpg 300w, https:\/\/fedemba.org.ar\/web\/wp-content\/uploads\/2013\/09\/59.-IMG_0165-1024x683.jpg 1024w\" sizes=\"(max-width: 300px) 100vw, 300px\" \/><\/a> <a href=\"http:\/\/fedemba.org.ar\/web\/wp-content\/uploads\/2013\/09\/60.-IMG_0190.jpg\"><img decoding=\"async\" loading=\"lazy\" class=\"alignleft size-medium wp-image-331\" src=\"http:\/\/fedemba.org.ar\/web\/wp-content\/uploads\/2013\/09\/60.-IMG_0190-300x200.jpg\" alt=\"60. IMG_0190\" width=\"300\" height=\"200\" srcset=\"https:\/\/fedemba.org.ar\/web\/wp-content\/uploads\/2013\/09\/60.-IMG_0190-300x200.jpg 300w, https:\/\/fedemba.org.ar\/web\/wp-content\/uploads\/2013\/09\/60.-IMG_0190-1024x683.jpg 1024w\" sizes=\"(max-width: 300px) 100vw, 300px\" \/><\/a><\/p>\n<p>&nbsp;<\/p>\n","protected":false},"excerpt":{"rendered":"<p>FEDEMBA organiz\u00f3 junto a CONAM la Jornada de Capacitaci\u00f3n denominada \u201cIncorporaci\u00f3n de nuevos asociados y fidelizaci\u00f3n de los actuales\u201d, el 19 de septiembre en el C\u00edrculo de Suboficiales de la Prefectura Naval Argentina.<\/p>\n","protected":false},"author":1,"featured_media":327,"comment_status":"closed","ping_status":"closed","sticky":false,"template":"","format":"standard","meta":[],"categories":[1],"tags":[9,12,6,15,10,13],"_links":{"self":[{"href":"https:\/\/fedemba.org.ar\/web\/wp-json\/wp\/v2\/posts\/214"}],"collection":[{"href":"https:\/\/fedemba.org.ar\/web\/wp-json\/wp\/v2\/posts"}],"about":[{"href":"https:\/\/fedemba.org.ar\/web\/wp-json\/wp\/v2\/types\/post"}],"author":[{"embeddable":true,"href":"https:\/\/fedemba.org.ar\/web\/wp-json\/wp\/v2\/users\/1"}],"replies":[{"embeddable":true,"href":"https:\/\/fedemba.org.ar\/web\/wp-json\/wp\/v2\/comments?post=214"}],"version-history":[{"count":3,"href":"https:\/\/fedemba.org.ar\/web\/wp-json\/wp\/v2\/posts\/214\/revisions"}],"predecessor-version":[{"id":332,"href":"https:\/\/fedemba.org.ar\/web\/wp-json\/wp\/v2\/posts\/214\/revisions\/332"}],"wp:featuredmedia":[{"embeddable":true,"href":"https:\/\/fedemba.org.ar\/web\/wp-json\/wp\/v2\/media\/327"}],"wp:attachment":[{"href":"https:\/\/fedemba.org.ar\/web\/wp-json\/wp\/v2\/media?parent=214"}],"wp:term":[{"taxonomy":"category","embeddable":true,"href":"https:\/\/fedemba.org.ar\/web\/wp-json\/wp\/v2\/categories?post=214"},{"taxonomy":"post_tag","embeddable":true,"href":"https:\/\/fedemba.org.ar\/web\/wp-json\/wp\/v2\/tags?post=214"}],"curies":[{"name":"wp","href":"https:\/\/api.w.org\/{rel}","templated":true}]}}