{"id":2141,"date":"2020-04-02T12:53:08","date_gmt":"2020-04-02T15:53:08","guid":{"rendered":"http:\/\/fedemba.org.ar\/web\/?p=2141"},"modified":"2020-04-02T12:53:39","modified_gmt":"2020-04-02T15:53:39","slug":"el-gobierno-saco-dos-dnu-donde-prohibe-despidos-por-60-dias-y-crea-un-programa-de-asistencia-a-empleadores-y-trabajadores","status":"publish","type":"post","link":"https:\/\/fedemba.org.ar\/web\/el-gobierno-saco-dos-dnu-donde-prohibe-despidos-por-60-dias-y-crea-un-programa-de-asistencia-a-empleadores-y-trabajadores\/","title":{"rendered":"EL GOBIERNO SAC\u00d3 DOS DNU DONDE PROH\u00cdBE DESPIDOS POR 60 D\u00cdAS Y CREA UN PROGRAMA DE ASISTENCIA A EMPLEADORES Y TRABAJADORES"},"content":{"rendered":"<p><strong>El gobierno de Argentina sac\u00f3 dos Decretos de Necesidad y Urgencia (DNU): el 2020\/329,<\/strong>\u00a0el cual proh\u00edbe despidos por 60 d\u00edas,\u00a0<strong>y el 2020\/332<\/strong>, el cual crea el Programa de Asistencia de Emergencia al Trabajo y la Producci\u00f3n para empleadores\/as y trabajadores\/as afectados por la emergencia sanitaria, ambos publicados en el Bolet\u00edn Oficial.<\/p>\n<h3 class=\"has-text-color has-large-font-size has-vivid-cyan-blue-color\"><span style=\"color: #993366;\"><strong>LES COMPARTIMOS AMBOS DECRETOS:<\/strong><\/span><\/h3>\n<p><strong>DECRETO 2020\/329<\/strong><\/p>\n<p class=\"has-text-color has-vivid-cyan-blue-color\"><a href=\"https:\/\/www.boletinoficial.gob.ar\/suplementos\/2020033101NS.pdf\">https:\/\/www.boletinoficial.gob.ar\/suplementos\/2020033101NS.pdf<\/a><\/p>\n<hr \/>\n<p><strong>DECRETO 2020\/332<\/strong><\/p>\n<p><a href=\"https:\/\/www.boletinoficial.gob.ar\/suplementos\/2020040101NS.pdf\">https:\/\/www.boletinoficial.gob.ar\/suplementos\/2020040101NS.pdf<\/a><\/p>\n<p><img decoding=\"async\" loading=\"lazy\" class=\"alignleft size-full wp-image-1064\" src=\"http:\/\/fedemba.org.ar\/web\/wp-content\/uploads\/2017\/07\/LOGO-FEDEMBA-INFORMA.jpg\" alt=\"\" width=\"929\" height=\"455\" srcset=\"https:\/\/fedemba.org.ar\/web\/wp-content\/uploads\/2017\/07\/LOGO-FEDEMBA-INFORMA.jpg 929w, https:\/\/fedemba.org.ar\/web\/wp-content\/uploads\/2017\/07\/LOGO-FEDEMBA-INFORMA-300x147.jpg 300w\" sizes=\"(max-width: 929px) 100vw, 929px\" \/><\/p>\n","protected":false},"excerpt":{"rendered":"<p>El gobierno de Argentina sac\u00f3 dos Decretos de Necesidad y Urgencia (DNU): el 2020\/329,\u00a0el cual proh\u00edbe despidos por 60 d\u00edas,\u00a0y el 2020\/332, el cual crea el Programa de Asistencia de Emergencia al Trabajo y la Producci\u00f3n para empleadores\/as y trabajadores\/as afectados por la emergencia sanitaria, ambos publicados en el Bolet\u00edn Oficial. LES COMPARTIMOS AMBOS DECRETOS: [&hellip;]<\/p>\n","protected":false},"author":1,"featured_media":1064,"comment_status":"closed","ping_status":"closed","sticky":false,"template":"","format":"standard","meta":[],"categories":[1],"tags":[284,389,390,392,391,300,12,10],"_links":{"self":[{"href":"https:\/\/fedemba.org.ar\/web\/wp-json\/wp\/v2\/posts\/2141"}],"collection":[{"href":"https:\/\/fedemba.org.ar\/web\/wp-json\/wp\/v2\/posts"}],"about":[{"href":"https:\/\/fedemba.org.ar\/web\/wp-json\/wp\/v2\/types\/post"}],"author":[{"embeddable":true,"href":"https:\/\/fedemba.org.ar\/web\/wp-json\/wp\/v2\/users\/1"}],"replies":[{"embeddable":true,"href":"https:\/\/fedemba.org.ar\/web\/wp-json\/wp\/v2\/comments?post=2141"}],"version-history":[{"count":2,"href":"https:\/\/fedemba.org.ar\/web\/wp-json\/wp\/v2\/posts\/2141\/revisions"}],"predecessor-version":[{"id":2143,"href":"https:\/\/fedemba.org.ar\/web\/wp-json\/wp\/v2\/posts\/2141\/revisions\/2143"}],"wp:featuredmedia":[{"embeddable":true,"href":"https:\/\/fedemba.org.ar\/web\/wp-json\/wp\/v2\/media\/1064"}],"wp:attachment":[{"href":"https:\/\/fedemba.org.ar\/web\/wp-json\/wp\/v2\/media?parent=2141"}],"wp:term":[{"taxonomy":"category","embeddable":true,"href":"https:\/\/fedemba.org.ar\/web\/wp-json\/wp\/v2\/categories?post=2141"},{"taxonomy":"post_tag","embeddable":true,"href":"https:\/\/fedemba.org.ar\/web\/wp-json\/wp\/v2\/tags?post=2141"}],"curies":[{"name":"wp","href":"https:\/\/api.w.org\/{rel}","templated":true}]}}