{"id":2184,"date":"2020-06-04T15:23:54","date_gmt":"2020-06-04T18:23:54","guid":{"rendered":"http:\/\/fedemba.org.ar\/web\/?p=2184"},"modified":"2020-06-04T15:24:54","modified_gmt":"2020-06-04T18:24:54","slug":"ampf-y-ampc-implementan-un-sistema-de-consultas-medicas-por-videollamada","status":"publish","type":"post","link":"https:\/\/fedemba.org.ar\/web\/ampf-y-ampc-implementan-un-sistema-de-consultas-medicas-por-videollamada\/","title":{"rendered":"AMPF Y AMPC IMPLEMENTAN UN SISTEMA DE CONSULTAS M\u00c9DICAS POR VIDEOLLAMADA"},"content":{"rendered":"<p class=\"x_ydpba815c0ayiv6607355345MsoNormal\"><strong>La Mutual implementa consultas m\u00e9dicas por video-llamada<\/strong><\/p>\n<p class=\"x_ydpba815c0ayiv6607355345MsoNormal\">La Asociaci\u00f3n Mutual de Protecci\u00f3n Familiar <strong>(AMPF) y<\/strong> la Asociaci\u00f3n Mutual del Personal de Comunicaciones <strong>(AMPC), entidades adheridas a FEDEMBA,<\/strong> en el \u00e1nimo de brindar una mayor asistencia y seguridad a sus asociados en este tiempo de pandemia y cuarentena<strong>, est\u00e1n implementando un nuevo servicio de salud de consultas m\u00e9dicas por video-llamada con los profesionales de cada una de sus delegaciones. <\/strong><\/p>\n<p class=\"x_ydpba815c0ayiv6607355345MsoNormal\">Asimismo, de resultar necesario tras la video-llamada, se realizar\u00e1 una atenci\u00f3n en modo presencial personalizada, cumpliendo con todos los protocolos de cuidados sanitarios.<\/p>\n<p class=\"x_ydpba815c0ayiv6607355345MsoNormal\">Cab destacar que por el momento esta nueva modalidad de atenci\u00f3n est\u00e1 disponible para algunas especialidades s\u00f3lo en sede central.<\/p>\n<p class=\"x_ydpba815c0ayiv6607355345MsoNormal\"><strong>Siendo asociado<\/strong>, el \u00fanico requisito es <strong>registrarse en la plataforma de gesti\u00f3n de turnos de\u00a0<span class=\"marknzu1zex0r\" data-markjs=\"true\" data-ogac=\"\" data-ogab=\"\" data-ogsc=\"\" data-ogsb=\"\">AMPF<\/span>\u00a0<\/strong>(en convenio con Osana Salud) <strong>y reservar turno ingresando en el siguiente link\u00a0<a id=\"LPlnk810541\" href=\"https:\/\/www.ampf.org.ar\/ampf\/servicios\/salud\/atencion-medica-online\/\" target=\"_blank\" rel=\"nofollow noopener noreferrer\" data-auth=\"NotApplicable\">www.<span class=\"marknzu1zex0r\" data-markjs=\"true\" data-ogac=\"\" data-ogab=\"\" data-ogsc=\"\" data-ogsb=\"\">ampf<\/span>.org.ar<\/a><\/strong><\/p>\n<p><img decoding=\"async\" loading=\"lazy\" class=\"size-full wp-image-1064 aligncenter\" src=\"http:\/\/fedemba.org.ar\/web\/wp-content\/uploads\/2017\/07\/LOGO-FEDEMBA-INFORMA.jpg\" alt=\"\" width=\"929\" height=\"455\" srcset=\"https:\/\/fedemba.org.ar\/web\/wp-content\/uploads\/2017\/07\/LOGO-FEDEMBA-INFORMA.jpg 929w, https:\/\/fedemba.org.ar\/web\/wp-content\/uploads\/2017\/07\/LOGO-FEDEMBA-INFORMA-300x147.jpg 300w\" sizes=\"(max-width: 929px) 100vw, 929px\" \/><\/p>\n","protected":false},"excerpt":{"rendered":"<p>La Mutual implementa consultas m\u00e9dicas por video-llamada La Asociaci\u00f3n Mutual de Protecci\u00f3n Familiar (AMPF) y la Asociaci\u00f3n Mutual del Personal de Comunicaciones (AMPC), entidades adheridas a FEDEMBA, en el \u00e1nimo de brindar una mayor asistencia y seguridad a sus asociados en este tiempo de pandemia y cuarentena, est\u00e1n implementando un nuevo servicio de salud de [&hellip;]<\/p>\n","protected":false},"author":1,"featured_media":1064,"comment_status":"closed","ping_status":"closed","sticky":false,"template":"","format":"standard","meta":[],"categories":[1],"tags":[403,56,300,12,6,10],"_links":{"self":[{"href":"https:\/\/fedemba.org.ar\/web\/wp-json\/wp\/v2\/posts\/2184"}],"collection":[{"href":"https:\/\/fedemba.org.ar\/web\/wp-json\/wp\/v2\/posts"}],"about":[{"href":"https:\/\/fedemba.org.ar\/web\/wp-json\/wp\/v2\/types\/post"}],"author":[{"embeddable":true,"href":"https:\/\/fedemba.org.ar\/web\/wp-json\/wp\/v2\/users\/1"}],"replies":[{"embeddable":true,"href":"https:\/\/fedemba.org.ar\/web\/wp-json\/wp\/v2\/comments?post=2184"}],"version-history":[{"count":2,"href":"https:\/\/fedemba.org.ar\/web\/wp-json\/wp\/v2\/posts\/2184\/revisions"}],"predecessor-version":[{"id":2186,"href":"https:\/\/fedemba.org.ar\/web\/wp-json\/wp\/v2\/posts\/2184\/revisions\/2186"}],"wp:featuredmedia":[{"embeddable":true,"href":"https:\/\/fedemba.org.ar\/web\/wp-json\/wp\/v2\/media\/1064"}],"wp:attachment":[{"href":"https:\/\/fedemba.org.ar\/web\/wp-json\/wp\/v2\/media?parent=2184"}],"wp:term":[{"taxonomy":"category","embeddable":true,"href":"https:\/\/fedemba.org.ar\/web\/wp-json\/wp\/v2\/categories?post=2184"},{"taxonomy":"post_tag","embeddable":true,"href":"https:\/\/fedemba.org.ar\/web\/wp-json\/wp\/v2\/tags?post=2184"}],"curies":[{"name":"wp","href":"https:\/\/api.w.org\/{rel}","templated":true}]}}