{"id":225,"date":"2013-11-21T12:24:47","date_gmt":"2013-11-21T15:24:47","guid":{"rendered":"http:\/\/fedemba.org.ar\/web\/?p=225"},"modified":"2015-05-15T16:32:56","modified_gmt":"2015-05-15T19:32:56","slug":"fedemba-participo-en-el-1o-encuentro-de-prevencion-y-erradicacion-de-la-violencia-contra-la-mujer","status":"publish","type":"post","link":"https:\/\/fedemba.org.ar\/web\/fedemba-participo-en-el-1o-encuentro-de-prevencion-y-erradicacion-de-la-violencia-contra-la-mujer\/","title":{"rendered":"FEDEMBA particip\u00f3 en el 1\u00ba Encuentro de prevenci\u00f3n y erradicaci\u00f3n de la violencia contra la mujer"},"content":{"rendered":"<p>FEDEMBA\u00a0particip\u00f3 del 1er. \u00abENCUENTRO DE PREVENCI\u00d3N Y ERRADICACI\u00d3N DE LA VIOLENCIA CONTRA LA MUJER\u00bb, organizado por la Comisi\u00f3n de G\u00e9nero de CONAM, el 26 de noviembre en la Mutual AMEPORT, con motivo del D\u00eda Internacional de la Eliminaci\u00f3n de la Violencia contra la Mujer, que se conmemora anualmente cada 25 de noviembre.<\/p>\n<p>La apertura cont\u00f3 con las palabras de la Ing. Claudia Bernazza, Coordinadora Relaciones Institucionales del INAES, de la Dra. Rosa Rodr\u00edguez, Presidenta de CONAM, del Sr. Alberto Salom, Presidente de Mutual Ameport, y de la Lic. Nadia Finck, Directora Provincial de Econom\u00eda Social de Tierra del Fuego. Disert\u00f3 sobre Trata de Personas la Lic. Mar\u00eda Alicia Timpanaro, Asesora Direcci\u00f3n de la Mujer de la Canciller\u00eda Argentina; sobre Masculinidades y violencia de G\u00e9nero la Dra. Dolores Breit y el Dr. Daniel Rodrigo Aguilar L\u00f3pez, representantes de la Fundaci\u00f3n Lazos Blancos; y sobre Violencias en los Noviazgos la Lic. Carolina Gamba y la Dra. Ana Lewin, representantes de la Fundaci\u00f3n para Estudio e Investigaci\u00f3n de la Mujer (FEIM).<\/p>\n<p><a href=\"http:\/\/fedemba.org.ar\/web\/wp-content\/uploads\/2013\/11\/paguina-fedemba4.jpg\"><img decoding=\"async\" loading=\"lazy\" class=\"alignleft size-medium wp-image-343\" src=\"http:\/\/fedemba.org.ar\/web\/wp-content\/uploads\/2013\/11\/paguina-fedemba4-300x225.jpg\" alt=\"paguina fedemba4\" width=\"300\" height=\"225\" srcset=\"https:\/\/fedemba.org.ar\/web\/wp-content\/uploads\/2013\/11\/paguina-fedemba4-300x225.jpg 300w, https:\/\/fedemba.org.ar\/web\/wp-content\/uploads\/2013\/11\/paguina-fedemba4-1024x768.jpg 1024w, https:\/\/fedemba.org.ar\/web\/wp-content\/uploads\/2013\/11\/paguina-fedemba4.jpg 2000w\" sizes=\"(max-width: 300px) 100vw, 300px\" \/><\/a><\/p>\n<p><a href=\"http:\/\/fedemba.org.ar\/web\/wp-content\/uploads\/2013\/11\/paguina-fedemba-5.jpg\"><img decoding=\"async\" loading=\"lazy\" class=\"alignleft size-medium wp-image-344\" src=\"http:\/\/fedemba.org.ar\/web\/wp-content\/uploads\/2013\/11\/paguina-fedemba-5-300x225.jpg\" alt=\"paguina fedemba 5\" width=\"300\" height=\"225\" srcset=\"https:\/\/fedemba.org.ar\/web\/wp-content\/uploads\/2013\/11\/paguina-fedemba-5-300x225.jpg 300w, https:\/\/fedemba.org.ar\/web\/wp-content\/uploads\/2013\/11\/paguina-fedemba-5-1024x768.jpg 1024w, https:\/\/fedemba.org.ar\/web\/wp-content\/uploads\/2013\/11\/paguina-fedemba-5.jpg 2000w\" sizes=\"(max-width: 300px) 100vw, 300px\" \/><\/a><\/p>\n<p>&nbsp;<\/p>\n<p>&nbsp;<\/p>\n<p>&nbsp;<\/p>\n<p>&nbsp;<\/p>\n<p>&nbsp;<\/p>\n<p>&nbsp;<\/p>\n<p>&nbsp;<\/p>\n<p><a href=\"http:\/\/fedemba.org.ar\/web\/wp-content\/uploads\/2013\/11\/PAGUINA-FEDEMBA-6.jpg\"><img decoding=\"async\" loading=\"lazy\" class=\"alignleft size-medium wp-image-345\" src=\"http:\/\/fedemba.org.ar\/web\/wp-content\/uploads\/2013\/11\/PAGUINA-FEDEMBA-6-300x225.jpg\" alt=\"PAGUINA FEDEMBA 6\" width=\"300\" height=\"225\" srcset=\"https:\/\/fedemba.org.ar\/web\/wp-content\/uploads\/2013\/11\/PAGUINA-FEDEMBA-6-300x225.jpg 300w, https:\/\/fedemba.org.ar\/web\/wp-content\/uploads\/2013\/11\/PAGUINA-FEDEMBA-6-1024x768.jpg 1024w, https:\/\/fedemba.org.ar\/web\/wp-content\/uploads\/2013\/11\/PAGUINA-FEDEMBA-6.jpg 2000w\" sizes=\"(max-width: 300px) 100vw, 300px\" \/><\/a><\/p>\n<p><a href=\"http:\/\/fedemba.org.ar\/web\/wp-content\/uploads\/2013\/11\/PAGUINA-FEDEMBA-7.jpg\"><img decoding=\"async\" loading=\"lazy\" class=\"alignleft size-medium wp-image-346\" src=\"http:\/\/fedemba.org.ar\/web\/wp-content\/uploads\/2013\/11\/PAGUINA-FEDEMBA-7-300x225.jpg\" alt=\"PAGUINA FEDEMBA 7\" width=\"300\" height=\"225\" srcset=\"https:\/\/fedemba.org.ar\/web\/wp-content\/uploads\/2013\/11\/PAGUINA-FEDEMBA-7-300x225.jpg 300w, https:\/\/fedemba.org.ar\/web\/wp-content\/uploads\/2013\/11\/PAGUINA-FEDEMBA-7-1024x768.jpg 1024w, https:\/\/fedemba.org.ar\/web\/wp-content\/uploads\/2013\/11\/PAGUINA-FEDEMBA-7.jpg 2000w\" sizes=\"(max-width: 300px) 100vw, 300px\" \/><\/a><\/p>\n<p>&nbsp;<\/p>\n<p>&nbsp;<\/p>\n<p>&nbsp;<\/p>\n<p>&nbsp;<\/p>\n<p>&nbsp;<\/p>\n<p>&nbsp;<\/p>\n<p><a href=\"http:\/\/fedemba.org.ar\/web\/wp-content\/uploads\/2013\/11\/P\u00c0GUINA-FEDEMBA-8.jpg\">\u00a0<\/a><\/p>\n<p>&nbsp;<\/p>\n","protected":false},"excerpt":{"rendered":"<p>FEDEMBA particip\u00f3 del 1er. \u00abENCUENTRO DE PREVENCI\u00d3N Y ERRADICACI\u00d3N DE LA VIOLENCIA CONTRA LA MUJER\u00bb, organizado por la Comisi\u00f3n de G\u00e9nero de CONAM, el 26 de noviembre en la Mutual AMEPORT, con motivo del D\u00eda Internacional de la Eliminaci\u00f3n de la Violencia contra la Mujer, que se conmemora anualmente cada 25 de noviembre.<\/p>\n","protected":false},"author":1,"featured_media":347,"comment_status":"closed","ping_status":"closed","sticky":false,"template":"","format":"standard","meta":[],"categories":[1],"tags":[25,23,9,6,15,10,14],"_links":{"self":[{"href":"https:\/\/fedemba.org.ar\/web\/wp-json\/wp\/v2\/posts\/225"}],"collection":[{"href":"https:\/\/fedemba.org.ar\/web\/wp-json\/wp\/v2\/posts"}],"about":[{"href":"https:\/\/fedemba.org.ar\/web\/wp-json\/wp\/v2\/types\/post"}],"author":[{"embeddable":true,"href":"https:\/\/fedemba.org.ar\/web\/wp-json\/wp\/v2\/users\/1"}],"replies":[{"embeddable":true,"href":"https:\/\/fedemba.org.ar\/web\/wp-json\/wp\/v2\/comments?post=225"}],"version-history":[{"count":3,"href":"https:\/\/fedemba.org.ar\/web\/wp-json\/wp\/v2\/posts\/225\/revisions"}],"predecessor-version":[{"id":394,"href":"https:\/\/fedemba.org.ar\/web\/wp-json\/wp\/v2\/posts\/225\/revisions\/394"}],"wp:featuredmedia":[{"embeddable":true,"href":"https:\/\/fedemba.org.ar\/web\/wp-json\/wp\/v2\/media\/347"}],"wp:attachment":[{"href":"https:\/\/fedemba.org.ar\/web\/wp-json\/wp\/v2\/media?parent=225"}],"wp:term":[{"taxonomy":"category","embeddable":true,"href":"https:\/\/fedemba.org.ar\/web\/wp-json\/wp\/v2\/categories?post=225"},{"taxonomy":"post_tag","embeddable":true,"href":"https:\/\/fedemba.org.ar\/web\/wp-json\/wp\/v2\/tags?post=225"}],"curies":[{"name":"wp","href":"https:\/\/api.w.org\/{rel}","templated":true}]}}