{"id":231,"date":"2014-03-29T12:33:17","date_gmt":"2014-03-29T15:33:17","guid":{"rendered":"http:\/\/fedemba.org.ar\/web\/?p=231"},"modified":"2015-05-15T16:36:14","modified_gmt":"2015-05-15T19:36:14","slug":"fedemba-desarrollo-la-asamblea-extraordinaria-del-2014","status":"publish","type":"post","link":"https:\/\/fedemba.org.ar\/web\/fedemba-desarrollo-la-asamblea-extraordinaria-del-2014\/","title":{"rendered":"Asamblea Extraordinaria 2014 de FEDEMBA"},"content":{"rendered":"<p>El 27 de marzo de 2014 se desarroll\u00f3 la Asamblea Extraordinaria de FEDEMBA en la sede social de la Mutualidad del Personal de Clar\u00edn y se puso en consideraci\u00f3n de los delegados las modificaciones del Estatuto Social pautadas, siendo todas aprobadas. Actualmente, el expediente con lo presentado se encuentra en tr\u00e1mite en el INAES.<\/p>\n<p><a href=\"http:\/\/fedemba.org.ar\/web\/wp-content\/uploads\/2014\/03\/paguina-fedemba-7.jpg\"><img decoding=\"async\" loading=\"lazy\" class=\"alignleft size-medium wp-image-359\" src=\"http:\/\/fedemba.org.ar\/web\/wp-content\/uploads\/2014\/03\/paguina-fedemba-7-300x225.jpg\" alt=\"paguina fedemba 7\" width=\"300\" height=\"225\" srcset=\"https:\/\/fedemba.org.ar\/web\/wp-content\/uploads\/2014\/03\/paguina-fedemba-7-300x225.jpg 300w, https:\/\/fedemba.org.ar\/web\/wp-content\/uploads\/2014\/03\/paguina-fedemba-7-1024x768.jpg 1024w, https:\/\/fedemba.org.ar\/web\/wp-content\/uploads\/2014\/03\/paguina-fedemba-7.jpg 2000w\" sizes=\"(max-width: 300px) 100vw, 300px\" \/><\/a> <a href=\"http:\/\/fedemba.org.ar\/web\/wp-content\/uploads\/2014\/03\/paguina-fedemba-6.jpg\"><img decoding=\"async\" loading=\"lazy\" class=\"alignleft size-medium wp-image-362\" src=\"http:\/\/fedemba.org.ar\/web\/wp-content\/uploads\/2014\/03\/paguina-fedemba-6-300x225.jpg\" alt=\"paguina fedemba 6\" width=\"300\" height=\"225\" srcset=\"https:\/\/fedemba.org.ar\/web\/wp-content\/uploads\/2014\/03\/paguina-fedemba-6-300x225.jpg 300w, https:\/\/fedemba.org.ar\/web\/wp-content\/uploads\/2014\/03\/paguina-fedemba-6-1024x768.jpg 1024w, https:\/\/fedemba.org.ar\/web\/wp-content\/uploads\/2014\/03\/paguina-fedemba-6.jpg 2000w\" sizes=\"(max-width: 300px) 100vw, 300px\" \/><\/a> \u00a0 \u00a0 \u00a0 \u00a0 \u00a0 <a href=\"http:\/\/fedemba.org.ar\/web\/wp-content\/uploads\/2014\/03\/paguina-fedemba-8.jpg\"><img decoding=\"async\" loading=\"lazy\" class=\"alignleft  wp-image-361\" src=\"http:\/\/fedemba.org.ar\/web\/wp-content\/uploads\/2014\/03\/paguina-fedemba-8-300x225.jpg\" alt=\"paguina fedemba 8\" width=\"370\" height=\"277\" srcset=\"https:\/\/fedemba.org.ar\/web\/wp-content\/uploads\/2014\/03\/paguina-fedemba-8-300x225.jpg 300w, https:\/\/fedemba.org.ar\/web\/wp-content\/uploads\/2014\/03\/paguina-fedemba-8-1024x768.jpg 1024w, https:\/\/fedemba.org.ar\/web\/wp-content\/uploads\/2014\/03\/paguina-fedemba-8.jpg 2000w\" sizes=\"(max-width: 370px) 100vw, 370px\" \/><\/a> <a href=\"http:\/\/fedemba.org.ar\/web\/wp-content\/uploads\/2014\/03\/paguina-fedemba-9.jpg\"><img decoding=\"async\" loading=\"lazy\" class=\"alignleft  wp-image-360\" src=\"http:\/\/fedemba.org.ar\/web\/wp-content\/uploads\/2014\/03\/paguina-fedemba-9-225x300.jpg\" alt=\"paguina fedemba 9\" width=\"210\" height=\"280\" srcset=\"https:\/\/fedemba.org.ar\/web\/wp-content\/uploads\/2014\/03\/paguina-fedemba-9-225x300.jpg 225w, https:\/\/fedemba.org.ar\/web\/wp-content\/uploads\/2014\/03\/paguina-fedemba-9-768x1024.jpg 768w, https:\/\/fedemba.org.ar\/web\/wp-content\/uploads\/2014\/03\/paguina-fedemba-9.jpg 1224w\" sizes=\"(max-width: 210px) 100vw, 210px\" \/> <\/a><\/p>\n","protected":false},"excerpt":{"rendered":"<p>El 27 de marzo de 2014 se desarroll\u00f3 la Asamblea Extraordinaria de FEDEMBA en la sede social de la Mutualidad del Personal de Clar\u00edn y se puso en consideraci\u00f3n de los delegados las modificaciones del Estatuto Social pautadas, siendo todas aprobadas. Actualmente, el expediente con lo presentado se encuentra en tr\u00e1mite en el INAES.<\/p>\n","protected":false},"author":1,"featured_media":358,"comment_status":"closed","ping_status":"closed","sticky":false,"template":"","format":"standard","meta":[],"categories":[1],"tags":[26,12,6,8,10],"_links":{"self":[{"href":"https:\/\/fedemba.org.ar\/web\/wp-json\/wp\/v2\/posts\/231"}],"collection":[{"href":"https:\/\/fedemba.org.ar\/web\/wp-json\/wp\/v2\/posts"}],"about":[{"href":"https:\/\/fedemba.org.ar\/web\/wp-json\/wp\/v2\/types\/post"}],"author":[{"embeddable":true,"href":"https:\/\/fedemba.org.ar\/web\/wp-json\/wp\/v2\/users\/1"}],"replies":[{"embeddable":true,"href":"https:\/\/fedemba.org.ar\/web\/wp-json\/wp\/v2\/comments?post=231"}],"version-history":[{"count":7,"href":"https:\/\/fedemba.org.ar\/web\/wp-json\/wp\/v2\/posts\/231\/revisions"}],"predecessor-version":[{"id":397,"href":"https:\/\/fedemba.org.ar\/web\/wp-json\/wp\/v2\/posts\/231\/revisions\/397"}],"wp:featuredmedia":[{"embeddable":true,"href":"https:\/\/fedemba.org.ar\/web\/wp-json\/wp\/v2\/media\/358"}],"wp:attachment":[{"href":"https:\/\/fedemba.org.ar\/web\/wp-json\/wp\/v2\/media?parent=231"}],"wp:term":[{"taxonomy":"category","embeddable":true,"href":"https:\/\/fedemba.org.ar\/web\/wp-json\/wp\/v2\/categories?post=231"},{"taxonomy":"post_tag","embeddable":true,"href":"https:\/\/fedemba.org.ar\/web\/wp-json\/wp\/v2\/tags?post=231"}],"curies":[{"name":"wp","href":"https:\/\/api.w.org\/{rel}","templated":true}]}}