{"id":2349,"date":"2021-03-02T11:11:04","date_gmt":"2021-03-02T14:11:04","guid":{"rendered":"http:\/\/fedemba.org.ar\/web\/?p=2349"},"modified":"2021-03-02T11:11:04","modified_gmt":"2021-03-02T14:11:04","slug":"el-inaes-realizara-una-capacitacion-sobre-prevencion-del-lavado-de-activos-y-financiacion-del-terrorismo","status":"publish","type":"post","link":"https:\/\/fedemba.org.ar\/web\/el-inaes-realizara-una-capacitacion-sobre-prevencion-del-lavado-de-activos-y-financiacion-del-terrorismo\/","title":{"rendered":"EL INAES REALIZAR\u00c1 UNA CAPACITACI\u00d3N SOBRE PREVENCI\u00d3N DEL LAVADO DE ACTIVOS Y FINANCIACI\u00d3N DEL TERRORISMO"},"content":{"rendered":"<header class=\"entry-header\">\n<div class=\"header-details-wrapper\">\n<div class=\"entry-header-details\">\n<p class=\"entry-title\"><span style=\"font-size: 16px;\">El Instituto Nacional de Asociativismo y Econom\u00eda Social\u00a0<\/span><strong style=\"font-size: 16px;\">(INAES) organizar\u00e1 una capacitaci\u00f3n en Sistemas de prevenci\u00f3n de lavado de activos y financiaci\u00f3n del terrorismo,\u00a0<\/strong><span style=\"font-size: 16px;\">el pr\u00f3ximo viernes 5 de marzo.<\/span><\/p>\n<\/div>\n<\/div>\n<\/header>\n<div class=\"entry-content\">\n<p>La jornada estar\u00e1 dirigida a sujetos obligados, seg\u00fan lo dispone el inciso 20 del art\u00edculo 20 correspondiente a la\u00a0<a href=\"https:\/\/camargentina.us16.list-manage.com\/track\/click?u=0dd31f47bdfe9550e6382024f&amp;id=2b8e8ea55a&amp;e=3d1541d253\" target=\"_blank\" rel=\"noreferrer noopener\">Ley 25.246<\/a>\u00a0(asociaciones mutuales y cooperativas reguladas por las leyes 20.321 y 20.337 respectivamente); a \u00f3rganos de direcci\u00f3n y fiscalizaci\u00f3n de mutuales y cooperativas y a empleados, funcionarios y oficiales de cumplimiento.<\/p>\n<h2>\u00bfCU\u00c1NDO SER\u00c1?<\/h2>\n<p>El pr\u00f3ximo<strong>\u00a0viernes 5 de marzo de 09:00 a 12:00\u00a0<\/strong>de la ma\u00f1ana.<\/p>\n<h2>\u00bfC\u00d3MO ME INSCRIBO?<\/h2>\n<p><strong>Las y los interesados deber\u00e1n inscribirse en\u00a0<a href=\"mailto:jornadaprevencion@inaes.gob.ar\" target=\"_blank\" rel=\"noreferrer noopener\">jornadaprevencion@inaes.gob.ar<\/a>\u00a0e ingresar a trav\u00e9s de la plataforma Cisco Webex<\/strong>, en el horario indicado. Una vez finalizado el evento, obtendr\u00e1n un certificado que acredita su participaci\u00f3n.<\/p>\n<p><strong>Es requisito contar con un dispositivo para la conexi\u00f3n a internet, con audio y c\u00e1mara incorporados.<\/strong><\/p>\n<p><img decoding=\"async\" loading=\"lazy\" class=\"size-large wp-image-2350 aligncenter\" src=\"http:\/\/fedemba.org.ar\/web\/wp-content\/uploads\/2021\/03\/Eu7nN5IXIAAtD-d-1024x566.jpg\" alt=\"\" width=\"1024\" height=\"566\" srcset=\"https:\/\/fedemba.org.ar\/web\/wp-content\/uploads\/2021\/03\/Eu7nN5IXIAAtD-d-1024x566.jpg 1024w, https:\/\/fedemba.org.ar\/web\/wp-content\/uploads\/2021\/03\/Eu7nN5IXIAAtD-d-300x166.jpg 300w, https:\/\/fedemba.org.ar\/web\/wp-content\/uploads\/2021\/03\/Eu7nN5IXIAAtD-d-768x424.jpg 768w, https:\/\/fedemba.org.ar\/web\/wp-content\/uploads\/2021\/03\/Eu7nN5IXIAAtD-d.jpg 1280w\" sizes=\"(max-width: 1024px) 100vw, 1024px\" \/><\/p>\n<\/div>\n","protected":false},"excerpt":{"rendered":"<p>El Instituto Nacional de Asociativismo y Econom\u00eda Social\u00a0(INAES) organizar\u00e1 una capacitaci\u00f3n en Sistemas de prevenci\u00f3n de lavado de activos y financiaci\u00f3n del terrorismo,\u00a0el pr\u00f3ximo viernes 5 de marzo. La jornada estar\u00e1 dirigida a sujetos obligados, seg\u00fan lo dispone el inciso 20 del art\u00edculo 20 correspondiente a la\u00a0Ley 25.246\u00a0(asociaciones mutuales y cooperativas reguladas por las leyes [&hellip;]<\/p>\n","protected":false},"author":1,"featured_media":2350,"comment_status":"closed","ping_status":"closed","sticky":false,"template":"","format":"standard","meta":[],"categories":[1],"tags":[402,12,6,8,10],"_links":{"self":[{"href":"https:\/\/fedemba.org.ar\/web\/wp-json\/wp\/v2\/posts\/2349"}],"collection":[{"href":"https:\/\/fedemba.org.ar\/web\/wp-json\/wp\/v2\/posts"}],"about":[{"href":"https:\/\/fedemba.org.ar\/web\/wp-json\/wp\/v2\/types\/post"}],"author":[{"embeddable":true,"href":"https:\/\/fedemba.org.ar\/web\/wp-json\/wp\/v2\/users\/1"}],"replies":[{"embeddable":true,"href":"https:\/\/fedemba.org.ar\/web\/wp-json\/wp\/v2\/comments?post=2349"}],"version-history":[{"count":1,"href":"https:\/\/fedemba.org.ar\/web\/wp-json\/wp\/v2\/posts\/2349\/revisions"}],"predecessor-version":[{"id":2351,"href":"https:\/\/fedemba.org.ar\/web\/wp-json\/wp\/v2\/posts\/2349\/revisions\/2351"}],"wp:featuredmedia":[{"embeddable":true,"href":"https:\/\/fedemba.org.ar\/web\/wp-json\/wp\/v2\/media\/2350"}],"wp:attachment":[{"href":"https:\/\/fedemba.org.ar\/web\/wp-json\/wp\/v2\/media?parent=2349"}],"wp:term":[{"taxonomy":"category","embeddable":true,"href":"https:\/\/fedemba.org.ar\/web\/wp-json\/wp\/v2\/categories?post=2349"},{"taxonomy":"post_tag","embeddable":true,"href":"https:\/\/fedemba.org.ar\/web\/wp-json\/wp\/v2\/tags?post=2349"}],"curies":[{"name":"wp","href":"https:\/\/api.w.org\/{rel}","templated":true}]}}