{"id":2352,"date":"2021-03-04T12:09:06","date_gmt":"2021-03-04T15:09:06","guid":{"rendered":"http:\/\/fedemba.org.ar\/web\/?p=2352"},"modified":"2021-03-04T12:09:41","modified_gmt":"2021-03-04T15:09:41","slug":"1-encuentro-latinoamericano-de-profesionales-y-expertas-os-de-la-economia-solidaria","status":"publish","type":"post","link":"https:\/\/fedemba.org.ar\/web\/1-encuentro-latinoamericano-de-profesionales-y-expertas-os-de-la-economia-solidaria\/","title":{"rendered":"1\u00b0 ENCUENTRO LATINOAMERICANO DE PROFESIONALES Y EXPERTAS\/OS DE LA ECONOM\u00cdA SOLIDARIA"},"content":{"rendered":"<p>El Colegio de Graduados en Cooperativismo y Mutualismo de la Rep\u00fablica Argentina <strong>(CGCyM) realizar\u00e1 el 1\u00b0 Encuentro Latinoamericano de Profesionales y Expertas\/os de la Econom\u00eda Solidaria, el pr\u00f3ximo mi\u00e9rcoles 10 de marzo,<\/strong> de manera virtual.<\/p>\n<p>El evento contar\u00e1 con la exposici\u00f3n de diversos profesionales de la Econom\u00eda Solidaria de distintas partes de nuestro continente americano.<\/p>\n<h3><strong>\u00bfCu\u00e1ndo ser\u00e1?<\/strong><\/h3>\n<p>El pr\u00f3ximo 10 de marzo a las 19 hs. Ser\u00e1 un evento transmitido por el canal de Youtube oficial del Colegio.<\/p>\n<h3><strong>\u00bfC\u00f3mo me inscribo?<\/strong><\/h3>\n<p><a href=\"https:\/\/docs.google.com\/forms\/d\/e\/1FAIpQLSfQj3t2L69PCcHS50y6P6dSERLl3F-dN2BClmSbTvLPWcYJrA\/viewform\">Registrate ac\u00e1<\/a><\/p>\n<h3><strong>Temario:<\/strong><\/h3>\n<p>La diversidad de roles y funciones de los Profesionales y Expertas\/os en Econom\u00eda Social y Solidaria. Reflexiones y aportes.<\/p>\n<h3><strong>Objetivos:<\/strong><\/h3>\n<p>Generar un espacio de encuentro, en la diversidad, entre profesionales y expertas\/os que se desempe\u00f1an en diversos \u00e1mbitos y roles en la Econom\u00eda Social y Solidaria<br \/>\nPoner en valor la especialidad y la transdisciplinariedad<br \/>\nRealizar la declaraci\u00f3n del \u201cD\u00eda Latinoamericano de Profesionales y Expertas\/os de la Econom\u00eda Social y Solidaria\u201d el 10 de marzo de cada a\u00f1o<\/p>\n<p><img decoding=\"async\" loading=\"lazy\" class=\"alignleft size-full wp-image-2353\" src=\"http:\/\/fedemba.org.ar\/web\/wp-content\/uploads\/2021\/03\/unnamed.jpg\" alt=\"\" width=\"1001\" height=\"601\" srcset=\"https:\/\/fedemba.org.ar\/web\/wp-content\/uploads\/2021\/03\/unnamed.jpg 1001w, https:\/\/fedemba.org.ar\/web\/wp-content\/uploads\/2021\/03\/unnamed-300x180.jpg 300w, https:\/\/fedemba.org.ar\/web\/wp-content\/uploads\/2021\/03\/unnamed-768x461.jpg 768w\" sizes=\"(max-width: 1001px) 100vw, 1001px\" \/><\/p>\n","protected":false},"excerpt":{"rendered":"<p>El Colegio de Graduados en Cooperativismo y Mutualismo de la Rep\u00fablica Argentina (CGCyM) realizar\u00e1 el 1\u00b0 Encuentro Latinoamericano de Profesionales y Expertas\/os de la Econom\u00eda Solidaria, el pr\u00f3ximo mi\u00e9rcoles 10 de marzo, de manera virtual. El evento contar\u00e1 con la exposici\u00f3n de diversos profesionales de la Econom\u00eda Solidaria de distintas partes de nuestro continente americano. [&hellip;]<\/p>\n","protected":false},"author":1,"featured_media":2353,"comment_status":"closed","ping_status":"closed","sticky":false,"template":"","format":"standard","meta":[],"categories":[1],"tags":[423,100,300,12,6,10],"_links":{"self":[{"href":"https:\/\/fedemba.org.ar\/web\/wp-json\/wp\/v2\/posts\/2352"}],"collection":[{"href":"https:\/\/fedemba.org.ar\/web\/wp-json\/wp\/v2\/posts"}],"about":[{"href":"https:\/\/fedemba.org.ar\/web\/wp-json\/wp\/v2\/types\/post"}],"author":[{"embeddable":true,"href":"https:\/\/fedemba.org.ar\/web\/wp-json\/wp\/v2\/users\/1"}],"replies":[{"embeddable":true,"href":"https:\/\/fedemba.org.ar\/web\/wp-json\/wp\/v2\/comments?post=2352"}],"version-history":[{"count":2,"href":"https:\/\/fedemba.org.ar\/web\/wp-json\/wp\/v2\/posts\/2352\/revisions"}],"predecessor-version":[{"id":2355,"href":"https:\/\/fedemba.org.ar\/web\/wp-json\/wp\/v2\/posts\/2352\/revisions\/2355"}],"wp:featuredmedia":[{"embeddable":true,"href":"https:\/\/fedemba.org.ar\/web\/wp-json\/wp\/v2\/media\/2353"}],"wp:attachment":[{"href":"https:\/\/fedemba.org.ar\/web\/wp-json\/wp\/v2\/media?parent=2352"}],"wp:term":[{"taxonomy":"category","embeddable":true,"href":"https:\/\/fedemba.org.ar\/web\/wp-json\/wp\/v2\/categories?post=2352"},{"taxonomy":"post_tag","embeddable":true,"href":"https:\/\/fedemba.org.ar\/web\/wp-json\/wp\/v2\/tags?post=2352"}],"curies":[{"name":"wp","href":"https:\/\/api.w.org\/{rel}","templated":true}]}}