{"id":2356,"date":"2021-03-05T16:26:36","date_gmt":"2021-03-05T19:26:36","guid":{"rendered":"http:\/\/fedemba.org.ar\/web\/?p=2356"},"modified":"2021-03-05T16:26:36","modified_gmt":"2021-03-05T19:26:36","slug":"fallecio-alfredo-sigliano-historico-dirigente-mutualista","status":"publish","type":"post","link":"https:\/\/fedemba.org.ar\/web\/fallecio-alfredo-sigliano-historico-dirigente-mutualista\/","title":{"rendered":"FALLECI\u00d3 ALFREDO SIGLIANO, HIST\u00d3RICO DIRIGENTE MUTUALISTA"},"content":{"rendered":"<p>Desde la Federaci\u00f3n de Entidades Mutuales de Buenos Aires (FEDEMBA), lamentamos comunicar el <strong>fallecimiento de Alfredo Sigliano, querido miembro de nuestro primer Consejo Directivo fundador, all\u00e1 por 1985, e hist\u00f3rico dirigente\u00a0del mutualismo nacional e internacional, quien supo ser art\u00edfice de hist\u00f3ricas entidades de la Econom\u00eda Social y Solidaria.<\/strong><\/p>\n<p><strong>Alfredo fue\u00a0Protesorero en 1985, Vocal Suplente en 1986 y Tesorero en 1987 de FEDEMBA,<\/strong> siempre en representaci\u00f3n\u00a0de la Asociaci\u00f3n Mutual del Personal de Comunicaciones<strong>\u00a0(AMPC),\u00a0<\/strong>entidad cofundadora de la mencionada Federaci\u00f3n.<\/p>\n<p>Adem\u00e1s, en 1990 integr\u00f3 la Junta de Calificaciones de Correos y Telecomunicaciones en representaci\u00f3n del\u00a0<strong>Sindicato FOECYT (Federaci\u00f3n de Obreros y Empleados de Correos y Telecomunicaciones). Por otro lado<\/strong>,\u00a0<strong>en 2007 escribi\u00f3 el libro sobre Econom\u00eda Social y Solidaria \u201cLas cuarenta\u201d<\/strong>, basado en las editoriales del peri\u00f3dico \u201cEl Correo Solidario\u201d de AMPF.<\/p>\n<p>Alfredo tuvo una larga trayectoria en el mutualismo: <strong>en Argentina, adem\u00e1s de FEDEMBA, fue Presidente de la Asociaci\u00f3n Mutual de Protecci\u00f3n Familiar (AMPF) y de la Asociaci\u00f3n Mutual del Personal de Comunicaciones (AMPC). En cuanto al \u00e1mbito internacional, <\/strong>Alfredo fue Presidente de la Uni\u00f3n Mundial de la Mutualidad (UMM) y de la Organizaci\u00f3n de Entidades Mutuales de las Am\u00e9ricas (ODEMA).<\/p>\n<p>Asimismo, Alfredo particip\u00f3 y expuso en m\u00faltiples seminarios y jornadas de capacitaci\u00f3n en organizaciones de todo el mundo. Dentro de<strong data-rich-text-format-boundary=\"true\">\u00a0las destacas se encuentran sus hist\u00f3ricos discursos en las \u00faltimas Conferencias de la Organizaci\u00f3n Internacional del Trabajo (OIT)<\/strong> y sus participaciones en la Organizaci\u00f3n de Naciones Unidas <strong>(ONU),<\/strong> en la Asociaci\u00f3n Internacional de Seguridad Social <strong>(AISS),<\/strong> en la Conferencia Interamericana de Seguridad Social <strong>(CISS)<\/strong><em>\u00a0<\/em>y en la Organizaci\u00f3n de Estados Americanos<strong> (OEA).<\/strong><\/p>\n<p>No deseamos quedarnos con el dolor que nos deja esta profunda p\u00e9rdida, sino que <strong>queremos recordar a Alfredo por todo su trabajo, sus logros y su constante esfuerzo por ver crecer al mutualismo tanto a nivel nacional como internacional.<\/strong><\/p>\n<p><strong>Con 87 a\u00f1os, la gran mayor\u00eda dedicados plenamente al mutualismo,\u00a0fue ide\u00f3logo y promotor de eventos y actividades solidarias en diversos \u00e1mbitos de la comunidad.<\/strong><\/p>\n<p>En tal sentido<strong>, promovi\u00f3 la creaci\u00f3n de la Comisi\u00f3n Odema Mujeres. Firme impulsor de la equidad y la igualdad de oportunidades,<\/strong> colabora con los organismos internacionales en la promoci\u00f3n de acciones que permitan establecer en Am\u00e9rica un piso de protecci\u00f3n social, como base fundamental de un verdadero desarrollo sostenido de los pueblos.<\/p>\n<p>En nombre del actual Consejo Directivo de FEDEMBA, en el cual todav\u00eda se encuentran presentes algunos de los compa\u00f1eros de Alfredo, <strong>nos enorgullecemos de haber contado con un mutualista con todas las letras que ha logrado<\/strong>, sin duda alguna, dejar una huella mutualista dif\u00edcil de olvidar. Un gran colega y excelente compa\u00f1ero, al cual extra\u00f1aremos.<\/p>\n<p><strong>Adi\u00f3s, querido Alfredo.<\/strong><\/p>\n<h2>COMPART\u00cd TU HOMENAJE A ALFREDO:<\/h2>\n<p>Compart\u00ed tu homenaje a Alfredo desde aqu\u00ed:\u00a0<a href=\"http:\/\/neo.fo\/ae34370c\">http:\/\/neo.fo\/ae34370c<\/a><\/p>\n<p>Entr\u00e1 al link y le podes escribir unas palabras a la familia.<\/p>\n<div class=\"wp-block-image\">\n<figure class=\"aligncenter size-large\"><img decoding=\"async\" loading=\"lazy\" class=\"wp-image-7331 aligncenter\" src=\"https:\/\/www.conam.org.ar\/web\/wp-content\/uploads\/2021\/03\/1.png\" alt=\"Alfredo Sigliano\" width=\"266\" height=\"190\" \/><\/figure>\n<\/div>\n","protected":false},"excerpt":{"rendered":"<p>Desde la Federaci\u00f3n de Entidades Mutuales de Buenos Aires (FEDEMBA), lamentamos comunicar el fallecimiento de Alfredo Sigliano, querido miembro de nuestro primer Consejo Directivo fundador, all\u00e1 por 1985, e hist\u00f3rico dirigente\u00a0del mutualismo nacional e internacional, quien supo ser art\u00edfice de hist\u00f3ricas entidades de la Econom\u00eda Social y Solidaria. Alfredo fue\u00a0Protesorero en 1985, Vocal Suplente en [&hellip;]<\/p>\n","protected":false},"author":1,"featured_media":2357,"comment_status":"closed","ping_status":"closed","sticky":false,"template":"","format":"standard","meta":[],"categories":[1],"tags":[207,37,403,56,426,418,300,12,6,10,13,424,425,307,205],"_links":{"self":[{"href":"https:\/\/fedemba.org.ar\/web\/wp-json\/wp\/v2\/posts\/2356"}],"collection":[{"href":"https:\/\/fedemba.org.ar\/web\/wp-json\/wp\/v2\/posts"}],"about":[{"href":"https:\/\/fedemba.org.ar\/web\/wp-json\/wp\/v2\/types\/post"}],"author":[{"embeddable":true,"href":"https:\/\/fedemba.org.ar\/web\/wp-json\/wp\/v2\/users\/1"}],"replies":[{"embeddable":true,"href":"https:\/\/fedemba.org.ar\/web\/wp-json\/wp\/v2\/comments?post=2356"}],"version-history":[{"count":1,"href":"https:\/\/fedemba.org.ar\/web\/wp-json\/wp\/v2\/posts\/2356\/revisions"}],"predecessor-version":[{"id":2358,"href":"https:\/\/fedemba.org.ar\/web\/wp-json\/wp\/v2\/posts\/2356\/revisions\/2358"}],"wp:featuredmedia":[{"embeddable":true,"href":"https:\/\/fedemba.org.ar\/web\/wp-json\/wp\/v2\/media\/2357"}],"wp:attachment":[{"href":"https:\/\/fedemba.org.ar\/web\/wp-json\/wp\/v2\/media?parent=2356"}],"wp:term":[{"taxonomy":"category","embeddable":true,"href":"https:\/\/fedemba.org.ar\/web\/wp-json\/wp\/v2\/categories?post=2356"},{"taxonomy":"post_tag","embeddable":true,"href":"https:\/\/fedemba.org.ar\/web\/wp-json\/wp\/v2\/tags?post=2356"}],"curies":[{"name":"wp","href":"https:\/\/api.w.org\/{rel}","templated":true}]}}