{"id":2367,"date":"2021-03-26T13:57:22","date_gmt":"2021-03-26T16:57:22","guid":{"rendered":"http:\/\/fedemba.org.ar\/web\/?p=2367"},"modified":"2021-03-26T13:57:22","modified_gmt":"2021-03-26T16:57:22","slug":"conam-realizara-una-jornada-de-capacitacion-virtual-sobre-los-ods-en-la-agenda-2030-de-las-mutuales","status":"publish","type":"post","link":"https:\/\/fedemba.org.ar\/web\/conam-realizara-una-jornada-de-capacitacion-virtual-sobre-los-ods-en-la-agenda-2030-de-las-mutuales\/","title":{"rendered":"CONAM REALIZAR\u00c1 UNA JORNADA DE CAPACITACI\u00d3N VIRTUAL SOBRE LOS ODS EN LA AGENDA 2030 DE LAS MUTUALES"},"content":{"rendered":"<p><strong>La Confederaci\u00f3n Nacional de Mutualidades de la Rep\u00fablica Argentina (CONAM), entidad a la cual FEDEMBA est\u00e1 adherida, realizar\u00e1 una Jornada\u00a0de capacitaci\u00f3n virtual<\/strong>\u00a0denominada\u00a0<strong>\u2018\u2018Los campos de Acci\u00f3n de las Mutuales en la Agenda 2030\u2019\u2019,\u00a0<\/strong>destinada a directivos de mutuales y miembros de organizaciones que deseen expandir sus entidades en sinton\u00eda con los Objetivos de Desarrollo Sostenible (ODS) mundiales.<\/p>\n<p>La jornada estar\u00e1 a cargo del ex director del Instituto Nacional de Asociativismo y Econom\u00eda Social (INAES),\u00a0<strong>Eduardo H. Fontenla<\/strong>, Licenciado en Cooperativismo y Mutualismo, y Licenciado en Ciencia Pol\u00edtica y Gobierno.<\/p>\n<h3><span style=\"color: #993366;\"><strong>\u00bfCu\u00e1ndo ser\u00e1?<\/strong><\/span><\/h3>\n<p>El pr\u00f3ximo\u00a0<strong>martes 30\/03 a las 11:00 hs<\/strong>.\u00a0de la ma\u00f1ana,\u00a0<strong>a trav\u00e9s del Youtube oficial de CONAM\u00a0<\/strong>(CONAM Mutualismo),\u00a0<strong>ser\u00e1 una transmisi\u00f3n en VIVO.<\/strong><\/p>\n<h3><span style=\"color: #993366;\"><strong>\u00bfC\u00f3mo me conecto?<\/strong><\/span><\/h3>\n<p>Entr\u00e1 al siguiente link:<\/p>\n<p><a href=\"https:\/\/www.youtube.com\/channel\/UC7KxMlgG6jBLkTb5_MT1Mag\">https:\/\/www.youtube.com\/channel\/UC7KxMlgG6jBLkTb5_MT1Mag<\/a><\/p>\n<p>Esper\u00e1 hasta que aparezca el video en vivo (en color rojo) y entr\u00e1.<\/p>\n<p>&nbsp;<\/p>\n<p><img decoding=\"async\" loading=\"lazy\" class=\"alignleft size-large wp-image-2370\" src=\"http:\/\/fedemba.org.ar\/web\/wp-content\/uploads\/2021\/03\/WhatsApp-Image-2021-03-23-at-10.48.40-2-1024x1024.jpeg\" alt=\"\" width=\"1024\" height=\"1024\" srcset=\"https:\/\/fedemba.org.ar\/web\/wp-content\/uploads\/2021\/03\/WhatsApp-Image-2021-03-23-at-10.48.40-2-1024x1024.jpeg 1024w, https:\/\/fedemba.org.ar\/web\/wp-content\/uploads\/2021\/03\/WhatsApp-Image-2021-03-23-at-10.48.40-2-150x150.jpeg 150w, https:\/\/fedemba.org.ar\/web\/wp-content\/uploads\/2021\/03\/WhatsApp-Image-2021-03-23-at-10.48.40-2-300x300.jpeg 300w, https:\/\/fedemba.org.ar\/web\/wp-content\/uploads\/2021\/03\/WhatsApp-Image-2021-03-23-at-10.48.40-2-768x768.jpeg 768w, https:\/\/fedemba.org.ar\/web\/wp-content\/uploads\/2021\/03\/WhatsApp-Image-2021-03-23-at-10.48.40-2.jpeg 1080w\" sizes=\"(max-width: 1024px) 100vw, 1024px\" \/><\/p>\n","protected":false},"excerpt":{"rendered":"<p>La Confederaci\u00f3n Nacional de Mutualidades de la Rep\u00fablica Argentina (CONAM), entidad a la cual FEDEMBA est\u00e1 adherida, realizar\u00e1 una Jornada\u00a0de capacitaci\u00f3n virtual\u00a0denominada\u00a0\u2018\u2018Los campos de Acci\u00f3n de las Mutuales en la Agenda 2030\u2019\u2019,\u00a0destinada a directivos de mutuales y miembros de organizaciones que deseen expandir sus entidades en sinton\u00eda con los Objetivos de Desarrollo Sostenible (ODS) mundiales. [&hellip;]<\/p>\n","protected":false},"author":1,"featured_media":2370,"comment_status":"closed","ping_status":"closed","sticky":false,"template":"","format":"standard","meta":[],"categories":[1],"tags":[9,300,12,15,10,427],"_links":{"self":[{"href":"https:\/\/fedemba.org.ar\/web\/wp-json\/wp\/v2\/posts\/2367"}],"collection":[{"href":"https:\/\/fedemba.org.ar\/web\/wp-json\/wp\/v2\/posts"}],"about":[{"href":"https:\/\/fedemba.org.ar\/web\/wp-json\/wp\/v2\/types\/post"}],"author":[{"embeddable":true,"href":"https:\/\/fedemba.org.ar\/web\/wp-json\/wp\/v2\/users\/1"}],"replies":[{"embeddable":true,"href":"https:\/\/fedemba.org.ar\/web\/wp-json\/wp\/v2\/comments?post=2367"}],"version-history":[{"count":1,"href":"https:\/\/fedemba.org.ar\/web\/wp-json\/wp\/v2\/posts\/2367\/revisions"}],"predecessor-version":[{"id":2371,"href":"https:\/\/fedemba.org.ar\/web\/wp-json\/wp\/v2\/posts\/2367\/revisions\/2371"}],"wp:featuredmedia":[{"embeddable":true,"href":"https:\/\/fedemba.org.ar\/web\/wp-json\/wp\/v2\/media\/2370"}],"wp:attachment":[{"href":"https:\/\/fedemba.org.ar\/web\/wp-json\/wp\/v2\/media?parent=2367"}],"wp:term":[{"taxonomy":"category","embeddable":true,"href":"https:\/\/fedemba.org.ar\/web\/wp-json\/wp\/v2\/categories?post=2367"},{"taxonomy":"post_tag","embeddable":true,"href":"https:\/\/fedemba.org.ar\/web\/wp-json\/wp\/v2\/tags?post=2367"}],"curies":[{"name":"wp","href":"https:\/\/api.w.org\/{rel}","templated":true}]}}