{"id":2373,"date":"2021-04-05T14:04:20","date_gmt":"2021-04-05T17:04:20","guid":{"rendered":"http:\/\/fedemba.org.ar\/web\/?p=2373"},"modified":"2021-04-05T14:04:20","modified_gmt":"2021-04-05T17:04:20","slug":"odema-tiene-nuevo-presidente-andres-roman","status":"publish","type":"post","link":"https:\/\/fedemba.org.ar\/web\/odema-tiene-nuevo-presidente-andres-roman\/","title":{"rendered":"ODEMA TIENE NUEVO PRESIDENTE: ANDR\u00c9S ROM\u00c1N"},"content":{"rendered":"<p><strong>Andr\u00e9s Rom\u00e1n fue designado como nuevo Presidente de\u00a0<\/strong>la organizaci\u00f3n de Entidades Mutuales de las Am\u00e9ricas\u00a0<strong>(ODEMA),<\/strong>\u00a0<a href=\"https:\/\/fedemba.org.ar\/web\/fallecio-alfredo-sigliano-historico-dirigente-mutualista\/\">luego de la triste noticia del fallecimiento de Alfredo Sigliano, dirigente hist\u00f3rico del mutualismo, quien fuera el art\u00edfice y Presidente de ODEMA hasta el momento.<\/a><\/p>\n<p><strong>La designaci\u00f3n de Andr\u00e9s Rom\u00e1n fue confirmada por el Comit\u00e9 Director de ODEMA en una reuni\u00f3n virtual<\/strong>\u00a0del pasado 31 de marzo.<strong>\u00a0En la reuni\u00f3n, el recuerdo de Alfredo y, sobre todo, de su obra en el mutualismo sobrevol\u00f3 constantemente.<\/strong><\/p>\n<p>En este sentido,\u00a0<strong>luego de varios emotivos recuerdos de las y los presentes, se design\u00f3 a Andr\u00e9s Rom\u00e1n como nuevo Presidente hasta completar el per\u00edodo de mandato hasta la pr\u00f3xima designaci\u00f3n de autoridades, que ser\u00e1 en abril del 2022.<\/strong><\/p>\n<div id=\"attachment_2357\" style=\"width: 438px\" class=\"wp-caption aligncenter\"><img aria-describedby=\"caption-attachment-2357\" decoding=\"async\" loading=\"lazy\" class=\"wp-image-2357 size-full\" src=\"http:\/\/fedemba.org.ar\/web\/wp-content\/uploads\/2021\/03\/Sigliano.jpg\" alt=\"\" width=\"428\" height=\"600\" srcset=\"https:\/\/fedemba.org.ar\/web\/wp-content\/uploads\/2021\/03\/Sigliano.jpg 428w, https:\/\/fedemba.org.ar\/web\/wp-content\/uploads\/2021\/03\/Sigliano-214x300.jpg 214w\" sizes=\"(max-width: 428px) 100vw, 428px\" \/><p id=\"caption-attachment-2357\" class=\"wp-caption-text\"><strong>El recuerdo a Alfredo Sigliano, quien fuera miembro del primer Consejo Directivo de FEDEMBA.<\/strong><\/p><\/div>\n","protected":false},"excerpt":{"rendered":"<p>Andr\u00e9s Rom\u00e1n fue designado como nuevo Presidente de\u00a0la organizaci\u00f3n de Entidades Mutuales de las Am\u00e9ricas\u00a0(ODEMA),\u00a0luego de la triste noticia del fallecimiento de Alfredo Sigliano, dirigente hist\u00f3rico del mutualismo, quien fuera el art\u00edfice y Presidente de ODEMA hasta el momento. La designaci\u00f3n de Andr\u00e9s Rom\u00e1n fue confirmada por el Comit\u00e9 Director de ODEMA en una reuni\u00f3n [&hellip;]<\/p>\n","protected":false},"author":1,"featured_media":2374,"comment_status":"closed","ping_status":"closed","sticky":false,"template":"","format":"standard","meta":[],"categories":[1],"tags":[37,383,300,12,6,10,13],"_links":{"self":[{"href":"https:\/\/fedemba.org.ar\/web\/wp-json\/wp\/v2\/posts\/2373"}],"collection":[{"href":"https:\/\/fedemba.org.ar\/web\/wp-json\/wp\/v2\/posts"}],"about":[{"href":"https:\/\/fedemba.org.ar\/web\/wp-json\/wp\/v2\/types\/post"}],"author":[{"embeddable":true,"href":"https:\/\/fedemba.org.ar\/web\/wp-json\/wp\/v2\/users\/1"}],"replies":[{"embeddable":true,"href":"https:\/\/fedemba.org.ar\/web\/wp-json\/wp\/v2\/comments?post=2373"}],"version-history":[{"count":1,"href":"https:\/\/fedemba.org.ar\/web\/wp-json\/wp\/v2\/posts\/2373\/revisions"}],"predecessor-version":[{"id":2375,"href":"https:\/\/fedemba.org.ar\/web\/wp-json\/wp\/v2\/posts\/2373\/revisions\/2375"}],"wp:featuredmedia":[{"embeddable":true,"href":"https:\/\/fedemba.org.ar\/web\/wp-json\/wp\/v2\/media\/2374"}],"wp:attachment":[{"href":"https:\/\/fedemba.org.ar\/web\/wp-json\/wp\/v2\/media?parent=2373"}],"wp:term":[{"taxonomy":"category","embeddable":true,"href":"https:\/\/fedemba.org.ar\/web\/wp-json\/wp\/v2\/categories?post=2373"},{"taxonomy":"post_tag","embeddable":true,"href":"https:\/\/fedemba.org.ar\/web\/wp-json\/wp\/v2\/tags?post=2373"}],"curies":[{"name":"wp","href":"https:\/\/api.w.org\/{rel}","templated":true}]}}