{"id":2412,"date":"2021-06-17T10:46:28","date_gmt":"2021-06-17T13:46:28","guid":{"rendered":"http:\/\/fedemba.org.ar\/web\/?p=2412"},"modified":"2021-06-17T10:46:28","modified_gmt":"2021-06-17T13:46:28","slug":"focomej-realizo-una-capacitacion-sobre-prevencion-de-lavado-de-activos-y-financiamiento-del-terrorismo","status":"publish","type":"post","link":"https:\/\/fedemba.org.ar\/web\/focomej-realizo-una-capacitacion-sobre-prevencion-de-lavado-de-activos-y-financiamiento-del-terrorismo\/","title":{"rendered":"FOCOMEJ REALIZ\u00d3 UNA CAPACITACI\u00d3N SOBRE PREVENCI\u00d3N DE LAVADO DE ACTIVOS Y FINANCIAMIENTO DEL TERRORISMO"},"content":{"rendered":"<p><span lang=\"ES-MX\">La <\/span>Mutualidad Fondo Compensador Personal Civil del Ej\u00e9rcito<strong>\u00a0(<span class=\"il\">FOCOMEJ<\/span>), entidad adherida a FEDEMBA, realiz\u00f3 una Jornada de capacitaci\u00f3n virtual sobre Prevenci\u00f3n de Lavado de Activos y Financiamiento del Terrorismo,<\/strong> el pasado viernes 11 de junio.<\/p>\n<p>Asimismo<strong>, la Jornada, que cont\u00f3 con la exposici\u00f3n de Francisco P\u00e9rez, Gerente de FOCOMEJ;<\/strong> fue de acceso libre y gratuito. En este sentido,<strong> participaron directivos, representantes, jefes, empleados y asociados de diversas entidades de la econom\u00eda social y solidaria.<\/strong><\/p>\n<div dir=\"auto\"><\/div>\n<h3><strong><span style=\"color: #993366;\"><u>Temario de la Jornada<\/u><\/span><\/strong><\/h3>\n<p><strong>1) Qu\u00e9 es el lavado de activos.<\/strong><\/p>\n<p><strong>2) Marco Normativo.<\/strong><\/p>\n<p><strong>3) Sujetos obligados.<\/strong><\/p>\n<p><strong>4) Pol\u00edticas de prevenci\u00f3n.<\/strong><\/p>\n<p><strong>5) Informe de operaciones sospechosas.<\/strong><\/p>\n<p><strong>6) Obligaciones de las mutuales.<\/strong><\/p>\n<p><img decoding=\"async\" loading=\"lazy\" class=\"alignleft size-full wp-image-2413\" src=\"http:\/\/fedemba.org.ar\/web\/wp-content\/uploads\/2021\/06\/199073282_3816244801838307_6428336548544776267_n.jpg\" alt=\"\" width=\"1000\" height=\"1000\" srcset=\"https:\/\/fedemba.org.ar\/web\/wp-content\/uploads\/2021\/06\/199073282_3816244801838307_6428336548544776267_n.jpg 1000w, https:\/\/fedemba.org.ar\/web\/wp-content\/uploads\/2021\/06\/199073282_3816244801838307_6428336548544776267_n-150x150.jpg 150w, https:\/\/fedemba.org.ar\/web\/wp-content\/uploads\/2021\/06\/199073282_3816244801838307_6428336548544776267_n-300x300.jpg 300w, https:\/\/fedemba.org.ar\/web\/wp-content\/uploads\/2021\/06\/199073282_3816244801838307_6428336548544776267_n-768x768.jpg 768w\" sizes=\"(max-width: 1000px) 100vw, 1000px\" \/><\/p>\n","protected":false},"excerpt":{"rendered":"<p>La Mutualidad Fondo Compensador Personal Civil del Ej\u00e9rcito\u00a0(FOCOMEJ), entidad adherida a FEDEMBA, realiz\u00f3 una Jornada de capacitaci\u00f3n virtual sobre Prevenci\u00f3n de Lavado de Activos y Financiamiento del Terrorismo, el pasado viernes 11 de junio. Asimismo, la Jornada, que cont\u00f3 con la exposici\u00f3n de Francisco P\u00e9rez, Gerente de FOCOMEJ; fue de acceso libre y gratuito. En [&hellip;]<\/p>\n","protected":false},"author":1,"featured_media":2413,"comment_status":"closed","ping_status":"closed","sticky":false,"template":"","format":"standard","meta":[],"categories":[1],"tags":[300,12,6,414,430,10],"_links":{"self":[{"href":"https:\/\/fedemba.org.ar\/web\/wp-json\/wp\/v2\/posts\/2412"}],"collection":[{"href":"https:\/\/fedemba.org.ar\/web\/wp-json\/wp\/v2\/posts"}],"about":[{"href":"https:\/\/fedemba.org.ar\/web\/wp-json\/wp\/v2\/types\/post"}],"author":[{"embeddable":true,"href":"https:\/\/fedemba.org.ar\/web\/wp-json\/wp\/v2\/users\/1"}],"replies":[{"embeddable":true,"href":"https:\/\/fedemba.org.ar\/web\/wp-json\/wp\/v2\/comments?post=2412"}],"version-history":[{"count":1,"href":"https:\/\/fedemba.org.ar\/web\/wp-json\/wp\/v2\/posts\/2412\/revisions"}],"predecessor-version":[{"id":2414,"href":"https:\/\/fedemba.org.ar\/web\/wp-json\/wp\/v2\/posts\/2412\/revisions\/2414"}],"wp:featuredmedia":[{"embeddable":true,"href":"https:\/\/fedemba.org.ar\/web\/wp-json\/wp\/v2\/media\/2413"}],"wp:attachment":[{"href":"https:\/\/fedemba.org.ar\/web\/wp-json\/wp\/v2\/media?parent=2412"}],"wp:term":[{"taxonomy":"category","embeddable":true,"href":"https:\/\/fedemba.org.ar\/web\/wp-json\/wp\/v2\/categories?post=2412"},{"taxonomy":"post_tag","embeddable":true,"href":"https:\/\/fedemba.org.ar\/web\/wp-json\/wp\/v2\/tags?post=2412"}],"curies":[{"name":"wp","href":"https:\/\/api.w.org\/{rel}","templated":true}]}}