{"id":2436,"date":"2021-07-30T15:56:22","date_gmt":"2021-07-30T18:56:22","guid":{"rendered":"http:\/\/fedemba.org.ar\/web\/?p=2436"},"modified":"2021-07-30T16:00:02","modified_gmt":"2021-07-30T19:00:02","slug":"jornada-de-capacitacion-claves-para-iniciarse-en-el-mundo-de-las-redes-sociales-organizada-por-focomej","status":"publish","type":"post","link":"https:\/\/fedemba.org.ar\/web\/jornada-de-capacitacion-claves-para-iniciarse-en-el-mundo-de-las-redes-sociales-organizada-por-focomej\/","title":{"rendered":"JORNADA DE CAPACITACI\u00d3N \u2018\u2018CLAVES PARA INICIARSE EN EL MUNDO DE LAS REDES SOCIALES\u2019\u2019 ORGANIZADA POR FOCOMEJ"},"content":{"rendered":"<p><span lang=\"ES\">La Mutualidad Fondo Compensador Personal Civil del Ej\u00e9rcito<strong> (<\/strong><b>FOCOMEJ), entidad adherida a FEDEMBA, contin\u00faa con su ciclo de charlas y jornadas de capacitaci\u00f3n virtuales\u00a0<\/b>iniciado en 2020 con el claro objetivo de estar conectados con asociados, representantes y toda la comunidad de la econom\u00eda social y solidaria.<\/span><\/p>\n<p>En esta oportunidad, FOCOMEJ realizar\u00e1 la Jornada de capacitaci\u00f3n \u2018\u2018Claves para iniciarse en el mundo de las redes sociales\u2019\u2019, con la exposici\u00f3n del diplomado en Marketing Digital, Lic. Adri\u00e1n Soria. En este sentido, el profesional brindar\u00e1 las claves para iniciarse exitosamente en las redes sociales, como as\u00ed tambi\u00e9n funciones y trucos para Facebook, Whatsapp, Instagram y muchas otras redes.<\/p>\n<h3><span style=\"color: #993366;\"><strong>\u00bfD\u00f3nde y cu\u00e1ndo ser\u00e1?<\/strong><\/span><\/h3>\n<p>El viernes 6 de agosto a las 16:30 hs. Ser\u00e1 una Jornada virtual.<\/p>\n<p>&nbsp;<\/p>\n<h3><span style=\"color: #993366;\"><strong>\u00bfC\u00f3mo hac\u00e9s para anotarte?<\/strong><\/span><\/h3>\n<p>Entr\u00e1 al siguiente link y complet\u00e1 tus datos:<\/p>\n<p><a href=\"https:\/\/docs.google.com\/forms\/d\/e\/1FAIpQLSeaRLejL0LncpV2W1wiW0f2p2UKQo4LSsCCZoK-QbA8v-_smg\/viewform\">https:\/\/docs.google.com\/forms\/d\/e\/1FAIpQLSeaRLejL0LncpV2W1wiW0f2p2UKQo4LSsCCZoK-QbA8v-_smg\/viewform<\/a><\/p>\n<p><img decoding=\"async\" loading=\"lazy\" class=\"alignleft size-full wp-image-1946\" src=\"http:\/\/fedemba.org.ar\/web\/wp-content\/uploads\/2019\/06\/logo-focomej-1.png\" alt=\"\" width=\"362\" height=\"104\" srcset=\"https:\/\/fedemba.org.ar\/web\/wp-content\/uploads\/2019\/06\/logo-focomej-1.png 362w, https:\/\/fedemba.org.ar\/web\/wp-content\/uploads\/2019\/06\/logo-focomej-1-300x86.png 300w\" sizes=\"(max-width: 362px) 100vw, 362px\" \/><\/p>\n","protected":false},"excerpt":{"rendered":"<p>La Mutualidad Fondo Compensador Personal Civil del Ej\u00e9rcito (FOCOMEJ), entidad adherida a FEDEMBA, contin\u00faa con su ciclo de charlas y jornadas de capacitaci\u00f3n virtuales\u00a0iniciado en 2020 con el claro objetivo de estar conectados con asociados, representantes y toda la comunidad de la econom\u00eda social y solidaria. En esta oportunidad, FOCOMEJ realizar\u00e1 la Jornada de capacitaci\u00f3n [&hellip;]<\/p>\n","protected":false},"author":1,"featured_media":0,"comment_status":"closed","ping_status":"closed","sticky":false,"template":"","format":"standard","meta":[],"categories":[1],"tags":[300,12,6,414,10],"_links":{"self":[{"href":"https:\/\/fedemba.org.ar\/web\/wp-json\/wp\/v2\/posts\/2436"}],"collection":[{"href":"https:\/\/fedemba.org.ar\/web\/wp-json\/wp\/v2\/posts"}],"about":[{"href":"https:\/\/fedemba.org.ar\/web\/wp-json\/wp\/v2\/types\/post"}],"author":[{"embeddable":true,"href":"https:\/\/fedemba.org.ar\/web\/wp-json\/wp\/v2\/users\/1"}],"replies":[{"embeddable":true,"href":"https:\/\/fedemba.org.ar\/web\/wp-json\/wp\/v2\/comments?post=2436"}],"version-history":[{"count":2,"href":"https:\/\/fedemba.org.ar\/web\/wp-json\/wp\/v2\/posts\/2436\/revisions"}],"predecessor-version":[{"id":2439,"href":"https:\/\/fedemba.org.ar\/web\/wp-json\/wp\/v2\/posts\/2436\/revisions\/2439"}],"wp:attachment":[{"href":"https:\/\/fedemba.org.ar\/web\/wp-json\/wp\/v2\/media?parent=2436"}],"wp:term":[{"taxonomy":"category","embeddable":true,"href":"https:\/\/fedemba.org.ar\/web\/wp-json\/wp\/v2\/categories?post=2436"},{"taxonomy":"post_tag","embeddable":true,"href":"https:\/\/fedemba.org.ar\/web\/wp-json\/wp\/v2\/tags?post=2436"}],"curies":[{"name":"wp","href":"https:\/\/api.w.org\/{rel}","templated":true}]}}