{"id":2492,"date":"2021-11-08T14:13:03","date_gmt":"2021-11-08T17:13:03","guid":{"rendered":"http:\/\/fedemba.org.ar\/web\/?p=2492"},"modified":"2021-11-08T14:24:56","modified_gmt":"2021-11-08T17:24:56","slug":"emotivo-homenaje-de-la-mutual-ameport-a-los-ex-directivos-mutualistas-fallecidos-alberto-salom-y-raul-fernandez","status":"publish","type":"post","link":"https:\/\/fedemba.org.ar\/web\/emotivo-homenaje-de-la-mutual-ameport-a-los-ex-directivos-mutualistas-fallecidos-alberto-salom-y-raul-fernandez\/","title":{"rendered":"EMOTIVO HOMENAJE DE LA MUTUAL AMEPORT A LOS EX DIRECTIVOS MUTUALISTAS FALLECIDOS: ALBERTO SALOM Y RA\u00daL FERN\u00c1NDEZ"},"content":{"rendered":"<div class=\"elementor-element elementor-element-65a60df7 elementor-widget elementor-widget-text-editor\" data-id=\"65a60df7\" data-element_type=\"widget\" data-widget_type=\"text-editor.default\">\n<div class=\"elementor-widget-container\">\n<div class=\"elementor-text-editor elementor-clearfix\">\n<p><strong>Con la presencia de autoridades del mutualismo argentino, la Mutual AMEPORT, entidad adherida a FEDEMBA, realiz\u00f3 un emotivo homenaje a los directivos y ex Presidentes de AMEPORT fallecidos: Alberto Salom y Ra\u00fal Fern\u00e1ndez,<\/strong>\u00a0el pasado 4 de noviembre,<strong>\u00a0donde tambi\u00e9n se inaugur\u00f3 la Casa Mutual \u201cRa\u00fal Fern\u00e1ndez\u201d<\/strong>\u00a0y dos plaquetas en recuerdo de los ex dirigentes mutualistas.<\/p>\n<\/div>\n<\/div>\n<\/div>\n<div class=\"elementor-element elementor-element-5766dbd3 elementor-widget elementor-widget-text-editor\" data-id=\"5766dbd3\" data-element_type=\"widget\" data-widget_type=\"text-editor.default\">\n<div class=\"elementor-widget-container\">\n<div class=\"elementor-text-editor elementor-clearfix\">\n<p>Acompa\u00f1ando el homenaje, estuvieron presentes la Secretaria de FEDEMBA,<strong>\u00a0Clara Avalos; <\/strong>el\u00a0Vicepresidente de CONAM,\u00a0<strong>Dar\u00edo Mart\u00ednez Corti;<\/strong>\u00a0el Presidente de la Confederaci\u00f3n Argentina de Mutualidades\u00a0<strong>(CAM)<\/strong>\u00a0y Vocal del Directorio del Instituto Nacional de Asociativismo y Econom\u00eda Social<strong>\u00a0(INAES), Alejandro Russo;<\/strong>\u00a0el ex Presidente del INAES,\u00a0<strong>Marcelo Collomb;<\/strong>\u00a0el Tesorero de FEDEMBA,\u00a0<strong>Guillermo Palacios;<\/strong>\u00a0el Secretario de Prensa de FEDEMBA,\u00a0<strong>Manuel Balea Reino;<\/strong>\u00a0el Vocal Titular 3\u00ba, Guillermo Potenza;\u00a0el Vocal Suplente\u00a02\u00ba,\u00a0Osvaldo Arscone<strong>;<\/strong>\u00a0el Presidente, Vicepresidente y Tesorero de AMEPORT:\u00a0<strong>Ricardo Lorenzo, Leonardo Salom y Jorge Caimi<\/strong>, respectivamente; y otros directivos de mutuales y autoridades de AMEPORT.<\/p>\n<\/div>\n<\/div>\n<\/div>\n<div class=\"elementor-element elementor-element-49c2f3ab elementor-widget elementor-widget-image\" data-id=\"49c2f3ab\" data-element_type=\"widget\" data-widget_type=\"image.default\">\n<div class=\"elementor-widget-container\">\n<div class=\"elementor-image\"><img decoding=\"async\" loading=\"lazy\" class=\"attachment-1536x1536 size-1536x1536\" src=\"https:\/\/www.conam.org.ar\/web\/wp-content\/uploads\/2021\/11\/20211104_172417-1536x1152.jpg\" sizes=\"(max-width: 1536px) 100vw, 1536px\" srcset=\"https:\/\/www.conam.org.ar\/web\/wp-content\/uploads\/2021\/11\/20211104_172417-1536x1152.jpg 1536w, https:\/\/www.conam.org.ar\/web\/wp-content\/uploads\/2021\/11\/20211104_172417-300x225.jpg 300w, https:\/\/www.conam.org.ar\/web\/wp-content\/uploads\/2021\/11\/20211104_172417-1024x768.jpg 1024w, https:\/\/www.conam.org.ar\/web\/wp-content\/uploads\/2021\/11\/20211104_172417-768x576.jpg 768w, https:\/\/www.conam.org.ar\/web\/wp-content\/uploads\/2021\/11\/20211104_172417-2048x1536.jpg 2048w, https:\/\/www.conam.org.ar\/web\/wp-content\/uploads\/2021\/11\/20211104_172417-380x285.jpg 380w, https:\/\/www.conam.org.ar\/web\/wp-content\/uploads\/2021\/11\/20211104_172417-285x214.jpg 285w\" alt=\"\" width=\"1536\" height=\"1152\" \/><\/div>\n<\/div>\n<\/div>\n<div class=\"elementor-element elementor-element-431b0c83 elementor-widget elementor-widget-text-editor\" data-id=\"431b0c83\" data-element_type=\"widget\" data-widget_type=\"text-editor.default\">\n<div class=\"elementor-widget-container\">\n<div class=\"elementor-text-editor elementor-clearfix\">\n<p>Iniciando el homenaje, el Presidente de AMEPORT, Ricardo Lorenzo, ley\u00f3 una emotiva nota de la\u00a0<strong>Presidenta de CONAM, Rosa Rodr\u00edguez<\/strong>, quien no pudo asistir, donde record\u00f3 con afectividad a los ex presidentes de AMEPORT:\u00a0<strong>\u201cAmbos han sido excepcionales dirigentes del sector, que han puesto de manifiesto en todo momento su pasi\u00f3n por trabajar en el mutualismo. Han sido extraordinarios directivos de FEDEMBA y de CONAM, y tuve la suerte y el honor de poder trabajar con ellos durante varios a\u00f1os. Ellos fueron maestros para m\u00ed, cada uno con su peculiar manera de ser, que hace que hoy recuerde an\u00e9cdotas que me hacen sonre\u00edr y que, asimismo, me entristecen por su ausencia f\u00edsica. No obstante ello, siempre seguir\u00e1n presentes en mi pensamiento, en mi coraz\u00f3n y en las instituciones por las que dejaron su imborrable huella de respetar, defender y valorar los principios solidarios que rigen al mutualismo\u201d.<\/strong><\/p>\n<p><img decoding=\"async\" loading=\"lazy\" class=\"size-large wp-image-2507 aligncenter\" src=\"http:\/\/fedemba.org.ar\/web\/wp-content\/uploads\/2021\/11\/20211104_173408-1-576x1024.jpg\" alt=\"\" width=\"576\" height=\"1024\" srcset=\"https:\/\/fedemba.org.ar\/web\/wp-content\/uploads\/2021\/11\/20211104_173408-1-576x1024.jpg 576w, https:\/\/fedemba.org.ar\/web\/wp-content\/uploads\/2021\/11\/20211104_173408-1-169x300.jpg 169w, https:\/\/fedemba.org.ar\/web\/wp-content\/uploads\/2021\/11\/20211104_173408-1.jpg 653w\" sizes=\"(max-width: 576px) 100vw, 576px\" \/> <img decoding=\"async\" loading=\"lazy\" class=\" wp-image-2508 aligncenter\" src=\"http:\/\/fedemba.org.ar\/web\/wp-content\/uploads\/2021\/11\/20211104_173609-1-768x1024.jpg\" alt=\"\" width=\"576\" height=\"768\" srcset=\"https:\/\/fedemba.org.ar\/web\/wp-content\/uploads\/2021\/11\/20211104_173609-1-768x1024.jpg 768w, https:\/\/fedemba.org.ar\/web\/wp-content\/uploads\/2021\/11\/20211104_173609-1-225x300.jpg 225w, https:\/\/fedemba.org.ar\/web\/wp-content\/uploads\/2021\/11\/20211104_173609-1.jpg 870w\" sizes=\"(max-width: 576px) 100vw, 576px\" \/><\/p>\n<\/div>\n<\/div>\n<\/div>\n<div class=\"elementor-element elementor-element-35c2ffe5 elementor-widget elementor-widget-text-editor\" data-id=\"35c2ffe5\" data-element_type=\"widget\" data-widget_type=\"text-editor.default\">\n<div class=\"elementor-widget-container\">\n<div class=\"elementor-text-editor elementor-clearfix\">\n<p>Acto seguido,<strong>\u00a0se inaugur\u00f3 la Casa Mutual \u201cRa\u00fal Fern\u00e1ndez\u201d<\/strong>\u00a0(situada en Hip\u00f3lito Yrigoyen 834),\u00a0<strong>donde funcionar\u00e1 el nuevo centro de proveedur\u00eda y venta de electrodom\u00e9sticos de AMEPORT.<\/strong><\/p>\n<\/div>\n<\/div>\n<\/div>\n<div class=\"elementor-element elementor-element-3958b06 elementor-widget elementor-widget-text-editor\" data-id=\"3958b06\" data-element_type=\"widget\" data-widget_type=\"text-editor.default\">\n<div class=\"elementor-widget-container\">\n<div class=\"elementor-text-editor elementor-clearfix\">\n<p>Posteriormente,\u00a0<strong>bajo una lluvia de aplausos, Ricardo Lorenzo y Leonardo Salom destaparon dos placas de homenaje que lucir\u00e1n en la sede social de AMEPORT y recordar\u00e1n por siempre<\/strong>\u00a0a quienes ser\u00e1n los grandes hacedores de la mutual.<\/p>\n<\/div>\n<\/div>\n<\/div>\n<div class=\"elementor-element elementor-element-ac9e278 elementor-widget elementor-widget-image-gallery\" data-id=\"ac9e278\" data-element_type=\"widget\" data-widget_type=\"image-gallery.default\">\n<div class=\"elementor-widget-container\">\n<div class=\"elementor-image-gallery\">\n<div id=\"gallery-2\" class=\"gallery galleryid-11425 gallery-columns-2 gallery-size-medium_large\">\n<dl class=\"gallery-item\">\n<dt class=\"gallery-icon landscape\"><a href=\"https:\/\/www.conam.org.ar\/web\/wp-content\/uploads\/2021\/11\/20211104_173822-scaled.jpg\" data-elementor-open-lightbox=\"yes\" data-elementor-lightbox-slideshow=\"ac9e278\" data-elementor-lightbox-title=\"20211104_173822\"><img decoding=\"async\" loading=\"lazy\" class=\"attachment-medium_large size-medium_large\" src=\"https:\/\/www.conam.org.ar\/web\/wp-content\/uploads\/2021\/11\/20211104_173822-768x576.jpg\" sizes=\"(max-width: 768px) 100vw, 768px\" srcset=\"https:\/\/www.conam.org.ar\/web\/wp-content\/uploads\/2021\/11\/20211104_173822-768x576.jpg 768w, https:\/\/www.conam.org.ar\/web\/wp-content\/uploads\/2021\/11\/20211104_173822-300x225.jpg 300w, https:\/\/www.conam.org.ar\/web\/wp-content\/uploads\/2021\/11\/20211104_173822-1024x768.jpg 1024w, https:\/\/www.conam.org.ar\/web\/wp-content\/uploads\/2021\/11\/20211104_173822-1536x1152.jpg 1536w, https:\/\/www.conam.org.ar\/web\/wp-content\/uploads\/2021\/11\/20211104_173822-2048x1536.jpg 2048w, https:\/\/www.conam.org.ar\/web\/wp-content\/uploads\/2021\/11\/20211104_173822-380x285.jpg 380w, https:\/\/www.conam.org.ar\/web\/wp-content\/uploads\/2021\/11\/20211104_173822-285x214.jpg 285w\" alt=\"\" width=\"768\" height=\"576\" \/><\/a><\/dt>\n<\/dl>\n<dl class=\"gallery-item\">\n<dt class=\"gallery-icon landscape\"><a href=\"https:\/\/www.conam.org.ar\/web\/wp-content\/uploads\/2021\/11\/20211104_173816-scaled.jpg\" data-elementor-open-lightbox=\"yes\" data-elementor-lightbox-slideshow=\"ac9e278\" data-elementor-lightbox-title=\"20211104_173816\"><img decoding=\"async\" loading=\"lazy\" class=\"attachment-medium_large size-medium_large\" src=\"https:\/\/www.conam.org.ar\/web\/wp-content\/uploads\/2021\/11\/20211104_173816-768x576.jpg\" sizes=\"(max-width: 768px) 100vw, 768px\" srcset=\"https:\/\/www.conam.org.ar\/web\/wp-content\/uploads\/2021\/11\/20211104_173816-768x576.jpg 768w, https:\/\/www.conam.org.ar\/web\/wp-content\/uploads\/2021\/11\/20211104_173816-300x225.jpg 300w, https:\/\/www.conam.org.ar\/web\/wp-content\/uploads\/2021\/11\/20211104_173816-1024x768.jpg 1024w, https:\/\/www.conam.org.ar\/web\/wp-content\/uploads\/2021\/11\/20211104_173816-1536x1152.jpg 1536w, https:\/\/www.conam.org.ar\/web\/wp-content\/uploads\/2021\/11\/20211104_173816-2048x1536.jpg 2048w, https:\/\/www.conam.org.ar\/web\/wp-content\/uploads\/2021\/11\/20211104_173816-380x285.jpg 380w, https:\/\/www.conam.org.ar\/web\/wp-content\/uploads\/2021\/11\/20211104_173816-285x214.jpg 285w\" alt=\"\" width=\"768\" height=\"576\" \/><\/a><\/dt>\n<\/dl>\n<\/div>\n<\/div>\n<\/div>\n<\/div>\n<div class=\"elementor-element elementor-element-6465a0e elementor-widget elementor-widget-text-editor\" data-id=\"6465a0e\" data-element_type=\"widget\" data-widget_type=\"text-editor.default\">\n<div class=\"elementor-widget-container\">\n<div class=\"elementor-text-editor elementor-clearfix\">\n<p><strong>Ra\u00fal Fern\u00e1ndez<\/strong> fue Vocal Suplente de FEDEMBA en 1986, donde luego llegar\u00eda a ser Vocal titular y Protesorero. Asimismo, tambi\u00e9n fue Vicepresidente de CONAM en dos periodos: de 1996 al 2000 y del 2004 al 2012.<\/p>\n<p><b>Alberto Salom<\/b>\u00a0fue Secretario General Adjunto de la Asociaci\u00f3n del Personal de Direcci\u00f3n de Ferrocarriles Argentinos (APDFA) y uno de los fundadores de FEDEMBA. Por otra parte, fue Vicepresidente de CONAM tambi\u00e9n en dos periodos: del 2000 al 2004 y del 2012 al 2021, y Director Suplente por Argentina de la Organizaci\u00f3n de Entidades Mutuales de las Am\u00e9ricas (ODEMA).<\/p>\n<div class=\"elementor-element elementor-element-6465a0e elementor-widget elementor-widget-text-editor\" data-id=\"6465a0e\" data-element_type=\"widget\" data-widget_type=\"text-editor.default\">\n<div class=\"elementor-widget-container\">\n<div class=\"elementor-text-editor elementor-clearfix\"><\/div>\n<\/div>\n<\/div>\n<div class=\"elementor-element elementor-element-75eb139e elementor-widget elementor-widget-image\" data-id=\"75eb139e\" data-element_type=\"widget\" data-widget_type=\"image.default\">\n<div class=\"elementor-widget-container\">\n<div class=\"elementor-image\">\n<figure class=\"wp-caption\"><img decoding=\"async\" loading=\"lazy\" class=\"attachment-large size-large\" src=\"https:\/\/www.conam.org.ar\/web\/wp-content\/uploads\/2021\/11\/20211104_172334-768x1024.jpg\" sizes=\"(max-width: 768px) 100vw, 768px\" srcset=\"https:\/\/www.conam.org.ar\/web\/wp-content\/uploads\/2021\/11\/20211104_172334-768x1024.jpg 768w, https:\/\/www.conam.org.ar\/web\/wp-content\/uploads\/2021\/11\/20211104_172334-225x300.jpg 225w, https:\/\/www.conam.org.ar\/web\/wp-content\/uploads\/2021\/11\/20211104_172334-1152x1536.jpg 1152w, https:\/\/www.conam.org.ar\/web\/wp-content\/uploads\/2021\/11\/20211104_172334-1536x2048.jpg 1536w, https:\/\/www.conam.org.ar\/web\/wp-content\/uploads\/2021\/11\/20211104_172334-scaled.jpg 1920w\" alt=\"\" width=\"768\" height=\"1024\" \/><figcaption class=\"widget-image-caption wp-caption-text\"><\/figcaption><\/figure>\n<\/div>\n<\/div>\n<\/div>\n<div class=\"elementor-element elementor-element-929fb66 elementor-widget elementor-widget-image\" data-id=\"929fb66\" data-element_type=\"widget\" data-widget_type=\"image.default\">\n<div class=\"elementor-widget-container\">\n<div class=\"elementor-image\">\n<figure class=\"wp-caption\"><img decoding=\"async\" loading=\"lazy\" class=\"attachment-large size-large\" src=\"https:\/\/www.conam.org.ar\/web\/wp-content\/uploads\/2021\/11\/20211104_170954-768x1024.jpg\" sizes=\"(max-width: 768px) 100vw, 768px\" srcset=\"https:\/\/www.conam.org.ar\/web\/wp-content\/uploads\/2021\/11\/20211104_170954-768x1024.jpg 768w, https:\/\/www.conam.org.ar\/web\/wp-content\/uploads\/2021\/11\/20211104_170954-225x300.jpg 225w, https:\/\/www.conam.org.ar\/web\/wp-content\/uploads\/2021\/11\/20211104_170954-1152x1536.jpg 1152w, https:\/\/www.conam.org.ar\/web\/wp-content\/uploads\/2021\/11\/20211104_170954-1536x2048.jpg 1536w, https:\/\/www.conam.org.ar\/web\/wp-content\/uploads\/2021\/11\/20211104_170954-scaled.jpg 1920w\" alt=\"\" width=\"768\" height=\"1024\" \/><figcaption class=\"widget-image-caption wp-caption-text\"><\/figcaption><\/figure>\n<\/div>\n<\/div>\n<\/div>\n<div class=\"elementor-element elementor-element-49a17761 elementor-widget elementor-widget-image\" data-id=\"49a17761\" data-element_type=\"widget\" data-widget_type=\"image.default\">\n<div class=\"elementor-widget-container\">\n<div class=\"elementor-image\">\n<figure class=\"wp-caption\"><img decoding=\"async\" loading=\"lazy\" class=\"attachment-large size-large\" src=\"https:\/\/www.conam.org.ar\/web\/wp-content\/uploads\/2021\/11\/20211104_171016-768x1024.jpg\" sizes=\"(max-width: 768px) 100vw, 768px\" srcset=\"https:\/\/www.conam.org.ar\/web\/wp-content\/uploads\/2021\/11\/20211104_171016-768x1024.jpg 768w, https:\/\/www.conam.org.ar\/web\/wp-content\/uploads\/2021\/11\/20211104_171016-225x300.jpg 225w, https:\/\/www.conam.org.ar\/web\/wp-content\/uploads\/2021\/11\/20211104_171016-1152x1536.jpg 1152w, https:\/\/www.conam.org.ar\/web\/wp-content\/uploads\/2021\/11\/20211104_171016-1536x2048.jpg 1536w, https:\/\/www.conam.org.ar\/web\/wp-content\/uploads\/2021\/11\/20211104_171016-scaled.jpg 1920w\" alt=\"\" width=\"768\" height=\"1024\" \/><\/figure>\n<\/div>\n<\/div>\n<\/div>\n<\/div>\n<\/div>\n<\/div>\n","protected":false},"excerpt":{"rendered":"<p>Con la presencia de autoridades del mutualismo argentino, la Mutual AMEPORT, entidad adherida a FEDEMBA, realiz\u00f3 un emotivo homenaje a los directivos y ex Presidentes de AMEPORT fallecidos: Alberto Salom y Ra\u00fal Fern\u00e1ndez,\u00a0el pasado 4 de noviembre,\u00a0donde tambi\u00e9n se inaugur\u00f3 la Casa Mutual \u201cRa\u00fal Fern\u00e1ndez\u201d\u00a0y dos plaquetas en recuerdo de los ex dirigentes mutualistas. Acompa\u00f1ando [&hellip;]<\/p>\n","protected":false},"author":1,"featured_media":2502,"comment_status":"closed","ping_status":"closed","sticky":false,"template":"","format":"standard","meta":[],"categories":[1],"tags":[25,445,30,104,140,9,7,300,12,6,20,8,444,16,51,10,239,443,83,14],"_links":{"self":[{"href":"https:\/\/fedemba.org.ar\/web\/wp-json\/wp\/v2\/posts\/2492"}],"collection":[{"href":"https:\/\/fedemba.org.ar\/web\/wp-json\/wp\/v2\/posts"}],"about":[{"href":"https:\/\/fedemba.org.ar\/web\/wp-json\/wp\/v2\/types\/post"}],"author":[{"embeddable":true,"href":"https:\/\/fedemba.org.ar\/web\/wp-json\/wp\/v2\/users\/1"}],"replies":[{"embeddable":true,"href":"https:\/\/fedemba.org.ar\/web\/wp-json\/wp\/v2\/comments?post=2492"}],"version-history":[{"count":4,"href":"https:\/\/fedemba.org.ar\/web\/wp-json\/wp\/v2\/posts\/2492\/revisions"}],"predecessor-version":[{"id":2509,"href":"https:\/\/fedemba.org.ar\/web\/wp-json\/wp\/v2\/posts\/2492\/revisions\/2509"}],"wp:featuredmedia":[{"embeddable":true,"href":"https:\/\/fedemba.org.ar\/web\/wp-json\/wp\/v2\/media\/2502"}],"wp:attachment":[{"href":"https:\/\/fedemba.org.ar\/web\/wp-json\/wp\/v2\/media?parent=2492"}],"wp:term":[{"taxonomy":"category","embeddable":true,"href":"https:\/\/fedemba.org.ar\/web\/wp-json\/wp\/v2\/categories?post=2492"},{"taxonomy":"post_tag","embeddable":true,"href":"https:\/\/fedemba.org.ar\/web\/wp-json\/wp\/v2\/tags?post=2492"}],"curies":[{"name":"wp","href":"https:\/\/api.w.org\/{rel}","templated":true}]}}