{"id":252,"date":"2011-09-25T14:29:52","date_gmt":"2011-09-25T17:29:52","guid":{"rendered":"http:\/\/fedemba.org.ar\/web\/?p=252"},"modified":"2015-05-14T14:28:24","modified_gmt":"2015-05-14T17:28:24","slug":"fedemba-desarrollo-la-asamblea-general-ordinaria-y-extraordinaria-del-ano-2011","status":"publish","type":"post","link":"https:\/\/fedemba.org.ar\/web\/fedemba-desarrollo-la-asamblea-general-ordinaria-y-extraordinaria-del-ano-2011\/","title":{"rendered":"FEDEMBA desarroll\u00f3 la Asamblea General Ordinaria y Extraordinaria del a\u00f1o 2011"},"content":{"rendered":"<p>El 22 de septiembre de 2011 en la sede social de la Mutual de M\u00e9dicos Anestesi\u00f3logos, se efectuaron la Asamblea General Ordinaria, en la cual se puso a consideraci\u00f3n de los delegados la Memoria y Balance General del Ejercicio cerrado el 31 de mayo de 2011, y la Asamblea General Extraordinaria, en la cual se aprobaron diversas modificaciones en el Estatuto Social de la Federaci\u00f3n.<\/p>\n<p><a href=\"http:\/\/fedemba.org.ar\/web\/wp-content\/uploads\/2015\/05\/paguina-fedemba-2.jpg\"><img decoding=\"async\" loading=\"lazy\" class=\"alignleft size-medium wp-image-255\" src=\"http:\/\/fedemba.org.ar\/web\/wp-content\/uploads\/2015\/05\/paguina-fedemba-2-300x225.jpg\" alt=\"paguina fedemba 2\" width=\"300\" height=\"225\" srcset=\"https:\/\/fedemba.org.ar\/web\/wp-content\/uploads\/2015\/05\/paguina-fedemba-2-300x225.jpg 300w, https:\/\/fedemba.org.ar\/web\/wp-content\/uploads\/2015\/05\/paguina-fedemba-2-1024x768.jpg 1024w, https:\/\/fedemba.org.ar\/web\/wp-content\/uploads\/2015\/05\/paguina-fedemba-2.jpg 1824w\" sizes=\"(max-width: 300px) 100vw, 300px\" \/><\/a><a href=\"http:\/\/fedemba.org.ar\/web\/wp-content\/uploads\/2015\/05\/paguina-fedemba-3.jpg\"><img decoding=\"async\" loading=\"lazy\" class=\"alignleft size-medium wp-image-254\" src=\"http:\/\/fedemba.org.ar\/web\/wp-content\/uploads\/2015\/05\/paguina-fedemba-3-300x225.jpg\" alt=\"paguina fedemba 3\" width=\"300\" height=\"225\" srcset=\"https:\/\/fedemba.org.ar\/web\/wp-content\/uploads\/2015\/05\/paguina-fedemba-3-300x225.jpg 300w, https:\/\/fedemba.org.ar\/web\/wp-content\/uploads\/2015\/05\/paguina-fedemba-3-1024x768.jpg 1024w, https:\/\/fedemba.org.ar\/web\/wp-content\/uploads\/2015\/05\/paguina-fedemba-3.jpg 1824w\" sizes=\"(max-width: 300px) 100vw, 300px\" \/><\/a><\/p>\n<p>&nbsp;<\/p>\n<p>&nbsp;<\/p>\n<p>&nbsp;<\/p>\n<p>&nbsp;<\/p>\n<p>&nbsp;<\/p>\n<p>&nbsp;<\/p>\n<p>&nbsp;<\/p>\n","protected":false},"excerpt":{"rendered":"<p>El 22 de septiembre en la sede social de la Mutual de M\u00e9dicos Anestesi\u00f3logos, se efectuaron la Asamblea General Ordinaria, en la cual se puso a consideraci\u00f3n de los delegados la Memoria y Balance General del Ejercicio cerrado el 31 de mayo de 2011, y la Asamblea General Extraordinaria, en la cual se aprobaron diversas modificaciones en el Estatuto Social de la Federaci\u00f3n.<\/p>\n","protected":false},"author":1,"featured_media":253,"comment_status":"closed","ping_status":"closed","sticky":false,"template":"","format":"standard","meta":[],"categories":[1],"tags":[26,19,6,10],"_links":{"self":[{"href":"https:\/\/fedemba.org.ar\/web\/wp-json\/wp\/v2\/posts\/252"}],"collection":[{"href":"https:\/\/fedemba.org.ar\/web\/wp-json\/wp\/v2\/posts"}],"about":[{"href":"https:\/\/fedemba.org.ar\/web\/wp-json\/wp\/v2\/types\/post"}],"author":[{"embeddable":true,"href":"https:\/\/fedemba.org.ar\/web\/wp-json\/wp\/v2\/users\/1"}],"replies":[{"embeddable":true,"href":"https:\/\/fedemba.org.ar\/web\/wp-json\/wp\/v2\/comments?post=252"}],"version-history":[{"count":3,"href":"https:\/\/fedemba.org.ar\/web\/wp-json\/wp\/v2\/posts\/252\/revisions"}],"predecessor-version":[{"id":287,"href":"https:\/\/fedemba.org.ar\/web\/wp-json\/wp\/v2\/posts\/252\/revisions\/287"}],"wp:featuredmedia":[{"embeddable":true,"href":"https:\/\/fedemba.org.ar\/web\/wp-json\/wp\/v2\/media\/253"}],"wp:attachment":[{"href":"https:\/\/fedemba.org.ar\/web\/wp-json\/wp\/v2\/media?parent=252"}],"wp:term":[{"taxonomy":"category","embeddable":true,"href":"https:\/\/fedemba.org.ar\/web\/wp-json\/wp\/v2\/categories?post=252"},{"taxonomy":"post_tag","embeddable":true,"href":"https:\/\/fedemba.org.ar\/web\/wp-json\/wp\/v2\/tags?post=252"}],"curies":[{"name":"wp","href":"https:\/\/api.w.org\/{rel}","templated":true}]}}