{"id":2559,"date":"2022-02-24T13:22:37","date_gmt":"2022-02-24T16:22:37","guid":{"rendered":"http:\/\/fedemba.org.ar\/web\/?p=2559"},"modified":"2022-02-24T13:35:14","modified_gmt":"2022-02-24T16:35:14","slug":"homenaje-a-un-ano-del-fallecimiento-del-dirigente-mutualista-alfredo-sigliano","status":"publish","type":"post","link":"https:\/\/fedemba.org.ar\/web\/homenaje-a-un-ano-del-fallecimiento-del-dirigente-mutualista-alfredo-sigliano\/","title":{"rendered":"HOMENAJE A UN A\u00d1O DEL FALLECIMIENTO DEL DIRIGENTE MUTUALISTA ALFREDO SIGLIANO"},"content":{"rendered":"<p><strong>La Asociaci\u00f3n Mutual de Protecci\u00f3n Familiar (AMPF) y la Asociaci\u00f3n Mutual del Personal de Comunicaciones participar\u00e1n del homenaje al hist\u00f3rico dirigente mutual, Alfredo Sigliano, a un a\u00f1o de su lamentable fallecimiento<\/strong>.<\/p>\n<p>El homenaje para quien es una figura emblem\u00e1tica del mutualismo nacional e internacional, sobre todo siendo el primer Presidente de la Uni\u00f3n Mundial de la Mutualidad (UMM), ser\u00e1 el pr\u00f3ximo <strong>4 de marzo a las 16 hs en la Bas\u00edlica de Mar\u00eda Auxiliadora y San Carlos de Almagro (situada en Av. Hipolito Yrigoyen 3.999, Capital Federal). Invitamos a participar y sumarse al homenaje a todos los mutualistas.<\/strong><\/p>\n<p>En nombre del actual Consejo Directivo de FEDEMBA, en el cual todav\u00eda se encuentran presentes algunos de los compa\u00f1eros de Alfredo, acompa\u00f1aremos el homenaje de quien fuera un <strong>mutualista con todas las letras, que ha logrado<\/strong>, sin duda alguna, dejar una huella mutualista dif\u00edcil de olvidar. Un gran colega y excelente compa\u00f1ero, al cual extra\u00f1aremos.<\/p>\n<h3><strong>UNA VIDA DEDICADA AL MUTUALISMO<\/strong><\/h3>\n<p><strong>Alfredo fue\u00a0Protesorero en 1985, Vocal Suplente en 1986 y Tesorero en 1987 de FEDEMBA,<\/strong> siempre en representaci\u00f3n\u00a0de la Asociaci\u00f3n Mutual del Personal de Comunicaciones<strong>\u00a0(AMPC),\u00a0<\/strong>entidad cofundadora de la mencionada Federaci\u00f3n.<\/p>\n<p>Adem\u00e1s, en 1990 integr\u00f3 la Junta de Calificaciones de Correos y Telecomunicaciones en representaci\u00f3n del\u00a0<strong>Sindicato FOECYT (Federaci\u00f3n de Obreros y Empleados de Correos y Telecomunicaciones). Por otro lado<\/strong>,\u00a0<strong>en 2007 escribi\u00f3 el libro sobre Econom\u00eda Social y Solidaria \u201cLas cuarenta\u201d<\/strong>, basado en las editoriales del peri\u00f3dico \u201cEl Correo Solidario\u201d de AMPF.<\/p>\n<p>Alfredo tuvo una larga trayectoria en el mutualismo: <strong>en Argentina, adem\u00e1s de FEDEMBA, fue Presidente de la Asociaci\u00f3n Mutual de Protecci\u00f3n Familiar (AMPF) y de la Asociaci\u00f3n Mutual del Personal de Comunicaciones (AMPC). En cuanto al \u00e1mbito internacional, <\/strong>Alfredo fue Presidente de la ya mencionada Uni\u00f3n Mundial de la Mutualidad (UMM) y de la Organizaci\u00f3n de Entidades Mutuales de las Am\u00e9ricas (ODEMA).<\/p>\n<p>Asimismo, Alfredo particip\u00f3 y expuso en m\u00faltiples seminarios y jornadas de capacitaci\u00f3n en organizaciones de todo el mundo. Dentro de<strong data-rich-text-format-boundary=\"true\">\u00a0las destacas se encuentran sus hist\u00f3ricos discursos en las \u00faltimas Conferencias de la Organizaci\u00f3n Internacional del Trabajo (OIT)<\/strong> y sus participaciones en la Organizaci\u00f3n de Naciones Unidas <strong>(ONU),<\/strong> en la Asociaci\u00f3n Internacional de Seguridad Social <strong>(AISS),<\/strong> en la Conferencia Interamericana de Seguridad Social <strong>(CISS)<\/strong><em>\u00a0<\/em>y en la Organizaci\u00f3n de Estados Americanos<strong> (OEA).<\/strong><\/p>\n<p><img decoding=\"async\" loading=\"lazy\" class=\"alignleft size-large wp-image-1193\" src=\"http:\/\/fedemba.org.ar\/web\/wp-content\/uploads\/2017\/10\/FOTO-239-Alfredo-Sigliano-1024x685.jpg\" alt=\"\" width=\"1024\" height=\"685\" srcset=\"https:\/\/fedemba.org.ar\/web\/wp-content\/uploads\/2017\/10\/FOTO-239-Alfredo-Sigliano-1024x685.jpg 1024w, https:\/\/fedemba.org.ar\/web\/wp-content\/uploads\/2017\/10\/FOTO-239-Alfredo-Sigliano-300x201.jpg 300w\" sizes=\"(max-width: 1024px) 100vw, 1024px\" \/><\/p>\n<p>&nbsp;<\/p>\n<p>&nbsp;<\/p>\n","protected":false},"excerpt":{"rendered":"<p>La Asociaci\u00f3n Mutual de Protecci\u00f3n Familiar (AMPF) y la Asociaci\u00f3n Mutual del Personal de Comunicaciones participar\u00e1n del homenaje al hist\u00f3rico dirigente mutual, Alfredo Sigliano, a un a\u00f1o de su lamentable fallecimiento. El homenaje para quien es una figura emblem\u00e1tica del mutualismo nacional e internacional, sobre todo siendo el primer Presidente de la Uni\u00f3n Mundial de [&hellip;]<\/p>\n","protected":false},"author":1,"featured_media":1193,"comment_status":"closed","ping_status":"closed","sticky":false,"template":"","format":"standard","meta":[],"categories":[1],"tags":[37,300,12,6,10],"_links":{"self":[{"href":"https:\/\/fedemba.org.ar\/web\/wp-json\/wp\/v2\/posts\/2559"}],"collection":[{"href":"https:\/\/fedemba.org.ar\/web\/wp-json\/wp\/v2\/posts"}],"about":[{"href":"https:\/\/fedemba.org.ar\/web\/wp-json\/wp\/v2\/types\/post"}],"author":[{"embeddable":true,"href":"https:\/\/fedemba.org.ar\/web\/wp-json\/wp\/v2\/users\/1"}],"replies":[{"embeddable":true,"href":"https:\/\/fedemba.org.ar\/web\/wp-json\/wp\/v2\/comments?post=2559"}],"version-history":[{"count":2,"href":"https:\/\/fedemba.org.ar\/web\/wp-json\/wp\/v2\/posts\/2559\/revisions"}],"predecessor-version":[{"id":2561,"href":"https:\/\/fedemba.org.ar\/web\/wp-json\/wp\/v2\/posts\/2559\/revisions\/2561"}],"wp:featuredmedia":[{"embeddable":true,"href":"https:\/\/fedemba.org.ar\/web\/wp-json\/wp\/v2\/media\/1193"}],"wp:attachment":[{"href":"https:\/\/fedemba.org.ar\/web\/wp-json\/wp\/v2\/media?parent=2559"}],"wp:term":[{"taxonomy":"category","embeddable":true,"href":"https:\/\/fedemba.org.ar\/web\/wp-json\/wp\/v2\/categories?post=2559"},{"taxonomy":"post_tag","embeddable":true,"href":"https:\/\/fedemba.org.ar\/web\/wp-json\/wp\/v2\/tags?post=2559"}],"curies":[{"name":"wp","href":"https:\/\/api.w.org\/{rel}","templated":true}]}}