{"id":2586,"date":"2022-05-05T10:34:30","date_gmt":"2022-05-05T13:34:30","guid":{"rendered":"http:\/\/fedemba.org.ar\/web\/?p=2586"},"modified":"2022-05-05T11:59:50","modified_gmt":"2022-05-05T14:59:50","slug":"la-asociacion-mutual-de-proteccion-familiar-ampf-renovo-sus-autoridades-durante-su-asamblea","status":"publish","type":"post","link":"https:\/\/fedemba.org.ar\/web\/la-asociacion-mutual-de-proteccion-familiar-ampf-renovo-sus-autoridades-durante-su-asamblea\/","title":{"rendered":"LA ASOCIACI\u00d3N MUTUAL DE PROTECCI\u00d3N FAMILIAR (AMPF) RENOV\u00d3 SUS AUTORIDADES DURANTE SU ASAMBLEA"},"content":{"rendered":"<p>La Asociaci\u00f3n Mutual de Protecci\u00f3n Familiar <strong>(AMPF), entidad adherida a FEDEMBA, renov\u00f3 autoridades en el marco de su Asamblea General Ordinaria correspondiente al ejercicio N\u00b0 28 del a\u00f1o 2021,<\/strong> el pasado 29 de abril.<\/p>\n<p>Como estaba previsto en el orden del d\u00eda, se procedi\u00f3 a la designaci\u00f3n de autoridades para presidir la Asamblea (Francisco Savoini y Hugo Bozzini, como Presidente y Secretario respectivamente); designar a dos asociados para que suscriban el acta conjuntamente con las autoridades y la consideraci\u00f3n del acta de la Asamblea General Ordinaria precedente.<\/p>\n<p>Posteriormente, se procedi\u00f3 a la consideraci\u00f3n de Memoria, Inventario, Balance, Cuenta de Gastos y Recursos presentados por el \u00d3rgano Directivo e informe de la Junta Fiscalizadora; consideraci\u00f3n de las medidas adoptadas por el Consejo Directivo con cargo a rendir cuenta ante la Asamblea; consideraci\u00f3n del Balance Social; <strong>elecci\u00f3n de autoridades y renovaci\u00f3n de los miembros de la Comisi\u00f3n Directiva y \u00d3rgano Fiscalizador por el periodo 1-5-2022 al 30-04-2026.<\/strong><\/p>\n<p><img decoding=\"async\" loading=\"lazy\" class=\"alignleft size-large wp-image-2589\" src=\"http:\/\/fedemba.org.ar\/web\/wp-content\/uploads\/2022\/05\/279640373_2182447821916289_3453126635289920590_n-1024x683.jpg\" alt=\"\" width=\"1024\" height=\"683\" srcset=\"https:\/\/fedemba.org.ar\/web\/wp-content\/uploads\/2022\/05\/279640373_2182447821916289_3453126635289920590_n-1024x683.jpg 1024w, https:\/\/fedemba.org.ar\/web\/wp-content\/uploads\/2022\/05\/279640373_2182447821916289_3453126635289920590_n-300x200.jpg 300w, https:\/\/fedemba.org.ar\/web\/wp-content\/uploads\/2022\/05\/279640373_2182447821916289_3453126635289920590_n-768x512.jpg 768w, https:\/\/fedemba.org.ar\/web\/wp-content\/uploads\/2022\/05\/279640373_2182447821916289_3453126635289920590_n.jpg 2048w\" sizes=\"(max-width: 1024px) 100vw, 1024px\" \/><\/p>\n<p><strong>Al respecto, las nuevas autoridades son:<\/strong><\/p>\n<p><strong>Presidente: Francisco Jos\u00e9 Savoini<\/strong><\/p>\n<p><strong>Vicepresidente: Andr\u00e9s Blas Rom\u00e1n<\/strong><\/p>\n<p><strong>Secretario General: Hugo H\u00e9ctor Bozzini<\/strong><\/p>\n<p><strong>Secretario Ejecutivo: Gast\u00f3n Ricciardi<\/strong><\/p>\n<p><strong>Secretario de Actas: Ricardo Daniel Ferraro<\/strong><\/p>\n<p><strong>Tesorero: Norberto Gabriel Tsujoi<\/strong><\/p>\n<p><strong>Pro-Tesorera: Graciela In\u00e9s Galera<\/strong><\/p>\n<p><strong>Vocales Titulares:<\/strong><\/p>\n<p><strong>1\u00ba Mar\u00eda Cristina Gonz\u00e1lez<\/strong><\/p>\n<p><strong>2\u00ba Mar\u00eda Fernanda Sigliano<\/strong><\/p>\n<p><strong>3\u00ba Mar\u00eda Rosa S\u00e1enz Saralegui.<\/strong><\/p>\n<p><strong>Vocales Suplentes:<\/strong><\/p>\n<p><strong>1\u00ba Cristian Omar Panelli<\/strong><\/p>\n<p><strong>2\u00ba Dar\u00edo Osvaldo Mart\u00ednez Corti<\/strong><\/p>\n<p><strong>3\u00ba N\u00e9stor Roberto Lanaro<\/strong><\/p>\n<p><strong>4\u00ba Rub\u00e9n Atilio Calcagno<\/strong><\/p>\n<p><strong>5\u00ba M\u00f3nica Alejandra Casal.<\/strong><\/p>\n<p><strong>Junta fiscalizadora:<\/strong><\/p>\n<p><strong>Titulares: 1\u00ba Sergio Echag\u00fce<\/strong><\/p>\n<p><strong>2\u00ba Carlos Castro<\/strong><\/p>\n<p><strong>3\u00ba Alejandra L\u00f3pez.<\/strong><\/p>\n<p><strong>Suplentes:<\/strong><\/p>\n<p><strong>1\u00ba Alejandra Morandeira<\/strong><\/p>\n<p><strong>2\u00ba Eduardo Repond<\/strong><\/p>\n<p><strong>3\u00ba Celeste Meza.<\/strong><\/p>\n<p>En el cierre del acto, <strong>Francisco Savoini, reelecto en la Presidencia de la mutual, agradeci\u00f3 a los presentes y a quienes participaron de forma virtual de la Asamblea<\/strong> por el trabajo durante los meses transcurridos y se comprometi\u00f3 a acompa\u00f1ar la tarea de los delegados: <strong>\u201cDebemos marcar presencia en todo el pa\u00eds, m\u00e1s all\u00e1 de las adversidades\u201d,<\/strong> dijo, y agreg\u00f3: <strong>\u201cArgentina y el mundo atraviesan momentos muy cr\u00edticos y la Mutual es una rueda de auxilio para brindar a todos los compatriotas. Debemos crear un sinf\u00edn de servicios a tono con la realidad del pa\u00eds\u201d.<\/strong><\/p>\n<p>&nbsp;<\/p>\n<p><img decoding=\"async\" loading=\"lazy\" class=\"size-large wp-image-2588 aligncenter\" src=\"http:\/\/fedemba.org.ar\/web\/wp-content\/uploads\/2022\/05\/279844803_2182447848582953_373836870328206025_n-1024x683.jpg\" alt=\"\" width=\"1024\" height=\"683\" srcset=\"https:\/\/fedemba.org.ar\/web\/wp-content\/uploads\/2022\/05\/279844803_2182447848582953_373836870328206025_n-1024x683.jpg 1024w, https:\/\/fedemba.org.ar\/web\/wp-content\/uploads\/2022\/05\/279844803_2182447848582953_373836870328206025_n-300x200.jpg 300w, https:\/\/fedemba.org.ar\/web\/wp-content\/uploads\/2022\/05\/279844803_2182447848582953_373836870328206025_n-768x512.jpg 768w, https:\/\/fedemba.org.ar\/web\/wp-content\/uploads\/2022\/05\/279844803_2182447848582953_373836870328206025_n.jpg 2048w\" sizes=\"(max-width: 1024px) 100vw, 1024px\" \/><\/p>\n<h3><strong>AMPC realiz\u00f3 su Asamblea General Ordinaria<\/strong><\/h3>\n<p><strong>La Asociaci\u00f3n Mutual del Personal de Comunicaciones (AMPC), entidad adherida a FEDEMBA, realiz\u00f3 su Asamblea General Ordinaria,<\/strong> el pasado 26 de abril, para tratar el ejercicio N\u00ba 54 comprendido entre el 1\u00ba de enero y el 31 de diciembre de 2021.<\/p>\n<p>El orden del d\u00eda contempl\u00f3 la designaci\u00f3n de autoridades para presidir la Asamblea; la designaci\u00f3n de dos asociados para que suscriban el acta conjuntamente con las<span class=\"text_exposed_show\">\u00a0autoridades de la Asamblea (el Presidente de la mutual, Francisco Savoini, y el secretario, Dar\u00edo Mart\u00ednez Corti, fueron designados a ese efecto); consideraci\u00f3n del acta de la Asamblea General Ordinaria anterior (del 29 de junio de 2021); consideraci\u00f3n de: Memoria, Inventario, Balance, Cuenta de Gastos y Recursos, presentados por el \u00f3rgano directivo e informe de la Junta Fiscalizadora; consideraci\u00f3n de las medidas adoptadas por el Consejo Directivo, con cargo a rendir cuenta ante la Asamblea y consideraci\u00f3n del Balance Social de a\u00f1o 2021.<\/span><\/p>\n<p>Tras finalizar las deliberaciones, <strong>Francisco Savoini agradeci\u00f3 y felicit\u00f3 a los miembros de la Mutual por el trabajo realizado en el \u00faltimo a\u00f1o<\/strong>. Asimismo, expres\u00f3:<strong> \u201cM\u00e1s all\u00e1 de lo vivido en los \u00faltimos dos a\u00f1os como consecuencia de la pandemia, la Mutual siempre mantuvo sus puertas abiertas manteniendo todos los cuidados necesarios\u201d, <\/strong>adem\u00e1sagreg\u00f3: <strong>\u201cLa Mutual va a seguir trabajando m\u00e1s all\u00e1 de las crisis que puedan acontecer\u201d.<\/strong><\/p>\n","protected":false},"excerpt":{"rendered":"<p>La Asociaci\u00f3n Mutual de Protecci\u00f3n Familiar (AMPF), entidad adherida a FEDEMBA, renov\u00f3 autoridades en el marco de su Asamblea General Ordinaria correspondiente al ejercicio N\u00b0 28 del a\u00f1o 2021, el pasado 29 de abril. Como estaba previsto en el orden del d\u00eda, se procedi\u00f3 a la designaci\u00f3n de autoridades para presidir la Asamblea (Francisco Savoini [&hellip;]<\/p>\n","protected":false},"author":1,"featured_media":2587,"comment_status":"closed","ping_status":"closed","sticky":false,"template":"","format":"standard","meta":[],"categories":[1],"tags":[56,383,300,12,6,466,17,10],"_links":{"self":[{"href":"https:\/\/fedemba.org.ar\/web\/wp-json\/wp\/v2\/posts\/2586"}],"collection":[{"href":"https:\/\/fedemba.org.ar\/web\/wp-json\/wp\/v2\/posts"}],"about":[{"href":"https:\/\/fedemba.org.ar\/web\/wp-json\/wp\/v2\/types\/post"}],"author":[{"embeddable":true,"href":"https:\/\/fedemba.org.ar\/web\/wp-json\/wp\/v2\/users\/1"}],"replies":[{"embeddable":true,"href":"https:\/\/fedemba.org.ar\/web\/wp-json\/wp\/v2\/comments?post=2586"}],"version-history":[{"count":3,"href":"https:\/\/fedemba.org.ar\/web\/wp-json\/wp\/v2\/posts\/2586\/revisions"}],"predecessor-version":[{"id":2593,"href":"https:\/\/fedemba.org.ar\/web\/wp-json\/wp\/v2\/posts\/2586\/revisions\/2593"}],"wp:featuredmedia":[{"embeddable":true,"href":"https:\/\/fedemba.org.ar\/web\/wp-json\/wp\/v2\/media\/2587"}],"wp:attachment":[{"href":"https:\/\/fedemba.org.ar\/web\/wp-json\/wp\/v2\/media?parent=2586"}],"wp:term":[{"taxonomy":"category","embeddable":true,"href":"https:\/\/fedemba.org.ar\/web\/wp-json\/wp\/v2\/categories?post=2586"},{"taxonomy":"post_tag","embeddable":true,"href":"https:\/\/fedemba.org.ar\/web\/wp-json\/wp\/v2\/tags?post=2586"}],"curies":[{"name":"wp","href":"https:\/\/api.w.org\/{rel}","templated":true}]}}