{"id":2594,"date":"2022-05-11T16:53:59","date_gmt":"2022-05-11T19:53:59","guid":{"rendered":"http:\/\/fedemba.org.ar\/web\/?p=2594"},"modified":"2022-05-11T16:53:59","modified_gmt":"2022-05-11T19:53:59","slug":"nueva-resolucion-del-inaes-beneficiosa-para-mutuales-y-cooperativas-en-moratoria","status":"publish","type":"post","link":"https:\/\/fedemba.org.ar\/web\/nueva-resolucion-del-inaes-beneficiosa-para-mutuales-y-cooperativas-en-moratoria\/","title":{"rendered":"NUEVA RESOLUCI\u00d3N DEL INAES BENEFICIOSA PARA MUTUALES Y COOPERATIVAS EN MORATORIA"},"content":{"rendered":"<div class=\"elementor-element elementor-element-17b783cf elementor-widget elementor-widget-text-editor\" data-id=\"17b783cf\" data-element_type=\"widget\" data-widget_type=\"text-editor.default\">\n<div class=\"elementor-widget-container\">\n<div class=\"elementor-text-editor elementor-clearfix\">\n<p><strong>El <\/strong>Instituto Nacional de Asociativismo y Econom\u00eda Social<strong>\u00a0(INAES), realiz\u00f3 la presentaci\u00f3n de la Resoluci\u00f3n N\u00ba1.919\/2022, la cual resulta beneficiosa para mutuales y cooperativas en moratoria,<\/strong>\u00a0en un acto en la sede del instituto en Av. Belgrano 172, CABA, el \u00a011 de mayo.<\/p>\n<\/div>\n<\/div>\n<\/div>\n<div class=\"elementor-element elementor-element-d9f13d9 elementor-widget elementor-widget-text-editor\" data-id=\"d9f13d9\" data-element_type=\"widget\" data-widget_type=\"text-editor.default\">\n<div class=\"elementor-widget-container\">\n<div class=\"elementor-text-editor elementor-clearfix\">\n<p><strong>La Resoluci\u00f3n tiene por objetivo acompa\u00f1ar a ciertas mutuales y cooperativas que necesiten regularizarse, para que puedan volver a producir y trabajar.<\/strong><\/p>\n<div class=\"elementor-element elementor-element-72a8bec4 elementor-widget elementor-widget-text-editor\" data-id=\"72a8bec4\" data-element_type=\"widget\" data-widget_type=\"text-editor.default\">\n<div class=\"elementor-widget-container\">\n<div class=\"elementor-text-editor elementor-clearfix\">\n<p><strong>El Acto cont\u00f3 con la presencia de la Titular de la AFIP,<\/strong>\u00a0<strong>Mercedes Marc\u00f3 del Pont<\/strong>; el Presidente del INAES,\u00a0<strong>Alexandre Roig;<\/strong>\u00a0el Director Nacional de Coordinaci\u00f3n General del instituto,\u00a0<strong>Jonathan Thea<\/strong>; integrantes del Directorio del INAES:\u00a0<strong>Zaida Chmaruk<\/strong>,\u00a0<strong>Alejandro Russo, Fabi\u00e1n Brown y Ariel Guarco<\/strong>; la Presidenta de CONAM,\u00a0<strong>Rosa B. Rodr\u00edguez<\/strong>; el Tesorero,\u00a0<strong>Guillermo Palacios<\/strong>; el Prosecretario,\u00a0<strong>Carlos Gaskin<\/strong>; el Protesorero,\u00a0<strong>Pablo Rocha<\/strong>; el Vocal Titular 1\u00ba,\u00a0<strong>Leonardo Salom<\/strong>; el Presidente de la Federaci\u00f3n Santafesina de Mutuales Prestatarias de Ahorros y Pr\u00e9stamos<strong>\u00a0(FESMAP), Andr\u00e9s Selliez<\/strong>; el Presidente de la mutual AMEPORT,<strong>\u00a0Ricardo Lorenzo;<\/strong>\u00a0otras autoridades gubernamentales, miembros de la prensa y diversos representantes de organizaciones sociales.<\/p>\n<\/div>\n<\/div>\n<\/div>\n<div class=\"elementor-element elementor-element-5115d184 elementor-widget elementor-widget-text-editor\" data-id=\"5115d184\" data-element_type=\"widget\" data-widget_type=\"text-editor.default\">\n<div class=\"elementor-widget-container\">\n<div class=\"elementor-text-editor elementor-clearfix\">\n<p>En este sentido,\u00a0<strong>desde FEDEMBA les compartimos la Resoluci\u00f3n N\u00ba 1.919\/2022 completa<\/strong>,<a href=\"https:\/\/www.boletinoficial.gob.ar\/detalleAviso\/primera\/262256\/20220511?busqueda=2\">\u00a0publicada el 9 de mayo en el Bolet\u00edn Oficial<\/a><strong>:<\/strong><\/p>\n<p><iframe loading=\"lazy\" style=\"border: 1px solid #CCC; border-width: 1px; margin-bottom: 5px; max-width: 100%;\" src=\"\/\/www.slideshare.net\/slideshow\/embed_code\/key\/asgfaRVMBqIV8H\" width=\"668\" height=\"714\" frameborder=\"0\" marginwidth=\"0\" marginheight=\"0\" scrolling=\"no\" allowfullscreen=\"allowfullscreen\"> <\/iframe><\/p>\n<div style=\"margin-bottom: 5px;\"><strong> <a title=\"RESOLUCI\u00d3N N\u00ba 1919-2022 DEL INAES.pdf\" href=\"\/\/www.slideshare.net\/ConamMutualismo\/resolucin-n-19192022-del-inaespdf\" target=\"_blank\" rel=\"noopener\">RESOLUCI\u00d3N N\u00ba 1919-2022 DEL INAES.pdf<\/a> <\/strong> from <strong><a href=\"\/\/www.slideshare.net\/ConamMutualismo\" target=\"_blank\" rel=\"noopener\">Conam Mutualismo<\/a><\/strong><\/div>\n<div><img decoding=\"async\" loading=\"lazy\" class=\"alignleft size-large wp-image-2595\" src=\"http:\/\/fedemba.org.ar\/web\/wp-content\/uploads\/2022\/05\/Mercedes-Marco-del-Pont-y-Alexandre-Roig-autoridades-766x1024.jpeg\" alt=\"\" width=\"766\" height=\"1024\" srcset=\"https:\/\/fedemba.org.ar\/web\/wp-content\/uploads\/2022\/05\/Mercedes-Marco-del-Pont-y-Alexandre-Roig-autoridades-766x1024.jpeg 766w, https:\/\/fedemba.org.ar\/web\/wp-content\/uploads\/2022\/05\/Mercedes-Marco-del-Pont-y-Alexandre-Roig-autoridades-225x300.jpeg 225w, https:\/\/fedemba.org.ar\/web\/wp-content\/uploads\/2022\/05\/Mercedes-Marco-del-Pont-y-Alexandre-Roig-autoridades-768x1026.jpeg 768w, https:\/\/fedemba.org.ar\/web\/wp-content\/uploads\/2022\/05\/Mercedes-Marco-del-Pont-y-Alexandre-Roig-autoridades.jpeg 958w\" sizes=\"(max-width: 766px) 100vw, 766px\" \/><\/div>\n<\/div>\n<\/div>\n<\/div>\n<\/div>\n<\/div>\n<\/div>\n","protected":false},"excerpt":{"rendered":"<p>El Instituto Nacional de Asociativismo y Econom\u00eda Social\u00a0(INAES), realiz\u00f3 la presentaci\u00f3n de la Resoluci\u00f3n N\u00ba1.919\/2022, la cual resulta beneficiosa para mutuales y cooperativas en moratoria,\u00a0en un acto en la sede del instituto en Av. Belgrano 172, CABA, el \u00a011 de mayo. La Resoluci\u00f3n tiene por objetivo acompa\u00f1ar a ciertas mutuales y cooperativas que necesiten regularizarse, [&hellip;]<\/p>\n","protected":false},"author":1,"featured_media":2596,"comment_status":"closed","ping_status":"closed","sticky":false,"template":"","format":"standard","meta":[],"categories":[1],"tags":[111,445,420,451,469,289,9,300,12,468,6,470,20,8,462,444,467,10,290,14,471],"_links":{"self":[{"href":"https:\/\/fedemba.org.ar\/web\/wp-json\/wp\/v2\/posts\/2594"}],"collection":[{"href":"https:\/\/fedemba.org.ar\/web\/wp-json\/wp\/v2\/posts"}],"about":[{"href":"https:\/\/fedemba.org.ar\/web\/wp-json\/wp\/v2\/types\/post"}],"author":[{"embeddable":true,"href":"https:\/\/fedemba.org.ar\/web\/wp-json\/wp\/v2\/users\/1"}],"replies":[{"embeddable":true,"href":"https:\/\/fedemba.org.ar\/web\/wp-json\/wp\/v2\/comments?post=2594"}],"version-history":[{"count":1,"href":"https:\/\/fedemba.org.ar\/web\/wp-json\/wp\/v2\/posts\/2594\/revisions"}],"predecessor-version":[{"id":2597,"href":"https:\/\/fedemba.org.ar\/web\/wp-json\/wp\/v2\/posts\/2594\/revisions\/2597"}],"wp:featuredmedia":[{"embeddable":true,"href":"https:\/\/fedemba.org.ar\/web\/wp-json\/wp\/v2\/media\/2596"}],"wp:attachment":[{"href":"https:\/\/fedemba.org.ar\/web\/wp-json\/wp\/v2\/media?parent=2594"}],"wp:term":[{"taxonomy":"category","embeddable":true,"href":"https:\/\/fedemba.org.ar\/web\/wp-json\/wp\/v2\/categories?post=2594"},{"taxonomy":"post_tag","embeddable":true,"href":"https:\/\/fedemba.org.ar\/web\/wp-json\/wp\/v2\/tags?post=2594"}],"curies":[{"name":"wp","href":"https:\/\/api.w.org\/{rel}","templated":true}]}}