{"id":2625,"date":"2022-06-23T18:26:26","date_gmt":"2022-06-23T21:26:26","guid":{"rendered":"http:\/\/fedemba.org.ar\/web\/?p=2625"},"modified":"2022-06-23T18:26:55","modified_gmt":"2022-06-23T21:26:55","slug":"fedemba-participo-en-la-conmemoracion-del-dia-del-aduanero-de-la-mutual-aeana","status":"publish","type":"post","link":"https:\/\/fedemba.org.ar\/web\/fedemba-participo-en-la-conmemoracion-del-dia-del-aduanero-de-la-mutual-aeana\/","title":{"rendered":"FEDEMBA PARTICIP\u00d3 EN LA CONMEMORACI\u00d3N DEL D\u00cdA DEL ADUANERO DE LA MUTUAL AEANA"},"content":{"rendered":"<p>La Federaci\u00f3n de Entidades Mutuales de Buenos Aires<strong> (FEDEMBA) particip\u00f3, a trav\u00e9s de su Presidente, Hugo H. Bozzini; su Vicepresidente, Ricardo Lorenzo; y su Tesorero, Guillermo Palacios; en la celebraci\u00f3n del D\u00eda del Aduanero que realiz\u00f3<\/strong> la Asociaci\u00f3n de Empleados de la Administraci\u00f3n Nacional de Aduanas de Ayuda Mutual y Previsi\u00f3n<strong> (AEANA),<\/strong> el pasado 9 de junio, en su sede social.<\/p>\n<p><strong>El Presidente de la mutual, Guillermo Potenza, quien adem\u00e1s es Vocal Titular 3\u00ba de la Federaci\u00f3n, recibi\u00f3 a diversos invitados bajo un clima de agradable camarader\u00eda.<\/strong> En este sentido, en un momento de mucha emotividad, Potenza pidi\u00f3 un minuto de silencio para recordar a quienes fallecieron como consecuencia de la pandemia producto del COVID-19: \u201cEl dolor que nos dej\u00f3 la pandemia es irreparable, pero nada es comparable con la alegr\u00eda de tenerlos a todos ustedes ac\u00e1\u201d.<\/p>\n<p><img decoding=\"async\" loading=\"lazy\" class=\"alignleft size-large wp-image-2628\" src=\"http:\/\/fedemba.org.ar\/web\/wp-content\/uploads\/2022\/06\/DSC_5490-1-1024x683.jpg\" alt=\"\" width=\"1024\" height=\"683\" srcset=\"https:\/\/fedemba.org.ar\/web\/wp-content\/uploads\/2022\/06\/DSC_5490-1-1024x683.jpg 1024w, https:\/\/fedemba.org.ar\/web\/wp-content\/uploads\/2022\/06\/DSC_5490-1-300x200.jpg 300w, https:\/\/fedemba.org.ar\/web\/wp-content\/uploads\/2022\/06\/DSC_5490-1-768x512.jpg 768w, https:\/\/fedemba.org.ar\/web\/wp-content\/uploads\/2022\/06\/DSC_5490-1.jpg 1500w\" sizes=\"(max-width: 1024px) 100vw, 1024px\" \/><\/p>\n<p>A continuaci\u00f3n, <strong>el Presidente de AEANA hizo un repaso por los hitos que dieron origen a la celebraci\u00f3n del D\u00eda del Aduanero,<\/strong> como por ejemplo el primer registro oficial de una operaci\u00f3n aduanera que data del 1\u00b0 de junio de 1586 (correspondiente al ingreso de mercader\u00edas introducidas por la nave Nuestra Se\u00f1ora del Rosario, procedente de Brasil), gracias a la cual desde el a\u00f1o 1997 el 1\u00b0 de junio fue instaurado como \u201cD\u00eda de la Aduana\u201d, mediante la Resoluci\u00f3n N\u00ba 792\/62.<\/p>\n<p><strong>El evento continu\u00f3 con unos homenajes a dos personalidades que fueron parte muy importante en la historia de la mutual<\/strong>: Juan D\u00b4angela, colaborador de la entidad, a quien el Consejo Directivo de la mutual junto al Secretario General del SUPARA <strong>decidi\u00f3 homenajear con el descubrimiento de una placa con el texto: \u201cPodemos cerrar los ojos y rezar para que vuelvas o podemos abrirlos y ver a todos los amigos que dejaste\u201d.<\/strong><\/p>\n<p><strong>El otro homenaje fue para el Profesor Rodolfo Giacomozzi<\/strong>, quien fuera Secretario de AEANA y Presidente de la Junta de Estudios Hist\u00f3ricos Aduaneros \u201cDomingo Francisco Belgrano\u201d, <strong>a quien se decidi\u00f3 homenajear con el descubrimiento de una escultura del General Manuel Belgrano.<\/strong><\/p>\n<p><img decoding=\"async\" loading=\"lazy\" class=\"size-full wp-image-2629 aligncenter\" src=\"http:\/\/fedemba.org.ar\/web\/wp-content\/uploads\/2022\/06\/286726663_4682555008513831_2310156588827678258_n.jpg\" alt=\"\" width=\"900\" height=\"600\" srcset=\"https:\/\/fedemba.org.ar\/web\/wp-content\/uploads\/2022\/06\/286726663_4682555008513831_2310156588827678258_n.jpg 900w, https:\/\/fedemba.org.ar\/web\/wp-content\/uploads\/2022\/06\/286726663_4682555008513831_2310156588827678258_n-300x200.jpg 300w, https:\/\/fedemba.org.ar\/web\/wp-content\/uploads\/2022\/06\/286726663_4682555008513831_2310156588827678258_n-768x512.jpg 768w\" sizes=\"(max-width: 900px) 100vw, 900px\" \/><\/p>\n<p>Adem\u00e1s, <strong>hubo entrega de reconocimiento a los asociados jubilados aduaneros de los a\u00f1os 2017-2018, y la entrega de menciones especiales<\/strong> al Profesor Carlos Milzstain y al Contador Miguel Angel Galeano, por sus constantes aportes y colaboraci\u00f3n con interesantes notas y material para la Revista Digital de AEANA.<\/p>\n<p>Para finalizar, el Consejo Directivo de la mutual propuso un brindis, cerrando el acto con un fuerte y c\u00e1lido aplauso, deseando lo mejor para todos los trabajadores aduaneros.\u00a0 <strong>Una noche a la que no le falt\u00f3 nada, colmada de emociones, con la tristeza y nostalgia en el recuerdo por los amigos que ya no est\u00e1n, pero tambi\u00e9n con la alegr\u00eda de volver a encontrarse.<\/strong><\/p>\n<p><img decoding=\"async\" loading=\"lazy\" class=\"alignleft size-full wp-image-2630\" src=\"http:\/\/fedemba.org.ar\/web\/wp-content\/uploads\/2022\/06\/289004554_4700605363375462_2693267371661574000_n.jpg\" alt=\"\" width=\"900\" height=\"600\" srcset=\"https:\/\/fedemba.org.ar\/web\/wp-content\/uploads\/2022\/06\/289004554_4700605363375462_2693267371661574000_n.jpg 900w, https:\/\/fedemba.org.ar\/web\/wp-content\/uploads\/2022\/06\/289004554_4700605363375462_2693267371661574000_n-300x200.jpg 300w, https:\/\/fedemba.org.ar\/web\/wp-content\/uploads\/2022\/06\/289004554_4700605363375462_2693267371661574000_n-768x512.jpg 768w\" sizes=\"(max-width: 900px) 100vw, 900px\" \/><\/p>\n<p>&nbsp;<\/p>\n","protected":false},"excerpt":{"rendered":"<p>La Federaci\u00f3n de Entidades Mutuales de Buenos Aires (FEDEMBA) particip\u00f3, a trav\u00e9s de su Presidente, Hugo H. Bozzini; su Vicepresidente, Ricardo Lorenzo; y su Tesorero, Guillermo Palacios; en la celebraci\u00f3n del D\u00eda del Aduanero que realiz\u00f3 la Asociaci\u00f3n de Empleados de la Administraci\u00f3n Nacional de Aduanas de Ayuda Mutual y Previsi\u00f3n (AEANA), el pasado 9 [&hellip;]<\/p>\n","protected":false},"author":1,"featured_media":2626,"comment_status":"closed","ping_status":"closed","sticky":false,"template":"","format":"standard","meta":[],"categories":[1],"tags":[283,479,300,12,6,478,20,105,17,481,61,10,480,477,83],"_links":{"self":[{"href":"https:\/\/fedemba.org.ar\/web\/wp-json\/wp\/v2\/posts\/2625"}],"collection":[{"href":"https:\/\/fedemba.org.ar\/web\/wp-json\/wp\/v2\/posts"}],"about":[{"href":"https:\/\/fedemba.org.ar\/web\/wp-json\/wp\/v2\/types\/post"}],"author":[{"embeddable":true,"href":"https:\/\/fedemba.org.ar\/web\/wp-json\/wp\/v2\/users\/1"}],"replies":[{"embeddable":true,"href":"https:\/\/fedemba.org.ar\/web\/wp-json\/wp\/v2\/comments?post=2625"}],"version-history":[{"count":1,"href":"https:\/\/fedemba.org.ar\/web\/wp-json\/wp\/v2\/posts\/2625\/revisions"}],"predecessor-version":[{"id":2631,"href":"https:\/\/fedemba.org.ar\/web\/wp-json\/wp\/v2\/posts\/2625\/revisions\/2631"}],"wp:featuredmedia":[{"embeddable":true,"href":"https:\/\/fedemba.org.ar\/web\/wp-json\/wp\/v2\/media\/2626"}],"wp:attachment":[{"href":"https:\/\/fedemba.org.ar\/web\/wp-json\/wp\/v2\/media?parent=2625"}],"wp:term":[{"taxonomy":"category","embeddable":true,"href":"https:\/\/fedemba.org.ar\/web\/wp-json\/wp\/v2\/categories?post=2625"},{"taxonomy":"post_tag","embeddable":true,"href":"https:\/\/fedemba.org.ar\/web\/wp-json\/wp\/v2\/tags?post=2625"}],"curies":[{"name":"wp","href":"https:\/\/api.w.org\/{rel}","templated":true}]}}