{"id":2632,"date":"2022-06-27T15:19:50","date_gmt":"2022-06-27T18:19:50","guid":{"rendered":"http:\/\/fedemba.org.ar\/web\/?p=2632"},"modified":"2022-06-27T15:19:50","modified_gmt":"2022-06-27T18:19:50","slug":"37-anos-representando-al-mutualismo-de-buenos-aires","status":"publish","type":"post","link":"https:\/\/fedemba.org.ar\/web\/37-anos-representando-al-mutualismo-de-buenos-aires\/","title":{"rendered":"37 A\u00d1OS REPRESENTANDO AL MUTUALISMO DE BUENOS AIRES"},"content":{"rendered":"<p><strong>Este 27 de junio celebramos el 37\u00ba Aniversario de FEDEMBA<\/strong> con la alegr\u00eda por todo el camino recorrido junto a las mutuales de Buenos Aires y con optimismo por todos los desaf\u00edos que vendr\u00e1n en el futuro.<\/p>\n<p>En todo este tiempo hemos trabajo con sinergia y compromiso al lado de cada una de nuestras mutuales. <strong>Juntos hemos logrado atravesar dif\u00edciles \u00e9pocas, como la \u00faltima producto de la pandemia por COVID-19, y hemos logrado superar las adversidades con resiliencia y convicci\u00f3n por el trabajo que hacemos, y con la pasi\u00f3n que despierta en nosotros la Econom\u00eda Social y Solidaria.<\/strong><\/p>\n<p><strong>Ese mismo compromiso que nos llev\u00f3 en 1985 a crear una Federaci\u00f3n representativa de las mutuales de Buenos Aires,<\/strong> que ayude a resolver sus problemas, articul\u00e1ndose con los distintos entes gubernamentales, y con una pluralidad de voces democr\u00e1ticas que representen la esencia del mutualismo.<\/p>\n<p>Esa misma certeza que <strong>hoy nos posiciona al lado de los miles de dirigentes, empleados, asociados y familias de nuestras mutuales para brindar lo mejor de nosotros en cada momento. Por lo que agradecemos el trabajo de todos, que hoy nos ubica como una de las federaciones con mayor alcance a nivel nacional<\/strong>, representando a mutuales fuertes en todo el pa\u00eds y con gran cantidad de asociados.<\/p>\n<p><strong>Estamos convencidos de que si colaboramos en sinton\u00eda, continuaremos con una econom\u00eda social y solidaria sustentable<\/strong> que genere servicios de calidad para reducir la inequidad, la injusticia social y avanzar hacia un desarrollo humano sostenible.<\/p>\n<p>Por estos principios es que convocamos a todas las mutuales a seguir acompa\u00f1\u00e1ndonos en este camino, basado en el trabajo en conjunto, invit\u00e1ndolos a participar de la Federaci\u00f3n,<strong> sumando as\u00ed sus propias voces, inquietudes y siendo parte activa del accionar conjunto por y para el mutualismo<\/strong>.<\/p>\n<p><strong>Con todos ustedes queremos celebrar estos 37 a\u00f1os.<\/strong><\/p>\n<p><strong>Gracias por acompa\u00f1arnos.<\/strong><\/p>\n<p><img decoding=\"async\" loading=\"lazy\" class=\"size-large wp-image-2633 aligncenter\" src=\"http:\/\/fedemba.org.ar\/web\/wp-content\/uploads\/2022\/06\/PLANTILLAS-PARA-INSTAGRAM-1024x1024.png\" alt=\"\" width=\"1024\" height=\"1024\" srcset=\"https:\/\/fedemba.org.ar\/web\/wp-content\/uploads\/2022\/06\/PLANTILLAS-PARA-INSTAGRAM-1024x1024.png 1024w, https:\/\/fedemba.org.ar\/web\/wp-content\/uploads\/2022\/06\/PLANTILLAS-PARA-INSTAGRAM-150x150.png 150w, https:\/\/fedemba.org.ar\/web\/wp-content\/uploads\/2022\/06\/PLANTILLAS-PARA-INSTAGRAM-300x300.png 300w, https:\/\/fedemba.org.ar\/web\/wp-content\/uploads\/2022\/06\/PLANTILLAS-PARA-INSTAGRAM-768x768.png 768w, https:\/\/fedemba.org.ar\/web\/wp-content\/uploads\/2022\/06\/PLANTILLAS-PARA-INSTAGRAM.png 1080w\" sizes=\"(max-width: 1024px) 100vw, 1024px\" \/><\/p>\n","protected":false},"excerpt":{"rendered":"<p>Este 27 de junio celebramos el 37\u00ba Aniversario de FEDEMBA con la alegr\u00eda por todo el camino recorrido junto a las mutuales de Buenos Aires y con optimismo por todos los desaf\u00edos que vendr\u00e1n en el futuro. En todo este tiempo hemos trabajo con sinergia y compromiso al lado de cada una de nuestras mutuales. [&hellip;]<\/p>\n","protected":false},"author":1,"featured_media":2633,"comment_status":"closed","ping_status":"closed","sticky":false,"template":"","format":"standard","meta":[],"categories":[1],"tags":[300,12,6,10],"_links":{"self":[{"href":"https:\/\/fedemba.org.ar\/web\/wp-json\/wp\/v2\/posts\/2632"}],"collection":[{"href":"https:\/\/fedemba.org.ar\/web\/wp-json\/wp\/v2\/posts"}],"about":[{"href":"https:\/\/fedemba.org.ar\/web\/wp-json\/wp\/v2\/types\/post"}],"author":[{"embeddable":true,"href":"https:\/\/fedemba.org.ar\/web\/wp-json\/wp\/v2\/users\/1"}],"replies":[{"embeddable":true,"href":"https:\/\/fedemba.org.ar\/web\/wp-json\/wp\/v2\/comments?post=2632"}],"version-history":[{"count":1,"href":"https:\/\/fedemba.org.ar\/web\/wp-json\/wp\/v2\/posts\/2632\/revisions"}],"predecessor-version":[{"id":2634,"href":"https:\/\/fedemba.org.ar\/web\/wp-json\/wp\/v2\/posts\/2632\/revisions\/2634"}],"wp:featuredmedia":[{"embeddable":true,"href":"https:\/\/fedemba.org.ar\/web\/wp-json\/wp\/v2\/media\/2633"}],"wp:attachment":[{"href":"https:\/\/fedemba.org.ar\/web\/wp-json\/wp\/v2\/media?parent=2632"}],"wp:term":[{"taxonomy":"category","embeddable":true,"href":"https:\/\/fedemba.org.ar\/web\/wp-json\/wp\/v2\/categories?post=2632"},{"taxonomy":"post_tag","embeddable":true,"href":"https:\/\/fedemba.org.ar\/web\/wp-json\/wp\/v2\/tags?post=2632"}],"curies":[{"name":"wp","href":"https:\/\/api.w.org\/{rel}","templated":true}]}}