{"id":2657,"date":"2022-08-11T15:07:33","date_gmt":"2022-08-11T18:07:33","guid":{"rendered":"http:\/\/fedemba.org.ar\/web\/?p=2657"},"modified":"2022-08-11T15:08:37","modified_gmt":"2022-08-11T18:08:37","slug":"cambios-en-la-direccion-de-atencion-de-la-mesa-de-entrada-del-inaes","status":"publish","type":"post","link":"https:\/\/fedemba.org.ar\/web\/cambios-en-la-direccion-de-atencion-de-la-mesa-de-entrada-del-inaes\/","title":{"rendered":"CAMBIOS EN LA DIRECCI\u00d3N DE ATENCI\u00d3N DE LA MESA DE ENTRADA DEL INAES"},"content":{"rendered":"<div class=\"elementor-element elementor-element-53a2629c elementor-widget elementor-widget-text-editor\" data-id=\"53a2629c\" data-element_type=\"widget\" data-widget_type=\"text-editor.default\">\n<div class=\"elementor-widget-container\">\n<div class=\"elementor-text-editor elementor-clearfix\">\n<p><strong>Desde FEDEMBA informamos que el<\/strong>\u00a0Instituto Nacional de Asociativismo y Econom\u00eda Social\u00a0<strong>(INAES) ha notificado que a partir del 16 de agosto del 2022 la Mesa de Entradas y Salidas del organismo funcionar\u00e1 en la planta baja de la sede de Av. Belgrano 1.656, de lunes a viernes en el horario de 10 a 15 hs.<\/strong><\/p>\n<\/div>\n<\/div>\n<\/div>\n<div class=\"elementor-element elementor-element-79cda595 elementor-widget elementor-widget-text-editor\" data-id=\"79cda595\" data-element_type=\"widget\" data-widget_type=\"text-editor.default\">\n<div class=\"elementor-widget-container\">\n<div class=\"elementor-text-editor elementor-clearfix\">\n<p>Asimismo,\u00a0<strong>contin\u00faa vigente el requerimiento de turno previo mediante<\/strong>\u00a0<a href=\"https:\/\/turnos.inaes.gob.ar\/turnos\/\">este link<\/a>. Por otro lado,\u00a0<strong>el env\u00edo digital de documentaci\u00f3n sigue estando disponible v\u00eda correo electr\u00f3nico o Tr\u00e1mite a Distancia seg\u00fan corresponda<\/strong>.<\/p>\n<p><iframe loading=\"lazy\" src=\"https:\/\/www.google.com\/maps\/d\/embed?mid=1ev9x_AgxKlcyQljWHlN_4NY-HugdvpY&amp;ehbc=2E312F\" width=\"640\" height=\"480\"><\/iframe><\/p>\n<\/div>\n<\/div>\n<\/div>\n","protected":false},"excerpt":{"rendered":"<p>Desde FEDEMBA informamos que el\u00a0Instituto Nacional de Asociativismo y Econom\u00eda Social\u00a0(INAES) ha notificado que a partir del 16 de agosto del 2022 la Mesa de Entradas y Salidas del organismo funcionar\u00e1 en la planta baja de la sede de Av. Belgrano 1.656, de lunes a viernes en el horario de 10 a 15 hs. Asimismo,\u00a0contin\u00faa [&hellip;]<\/p>\n","protected":false},"author":1,"featured_media":2658,"comment_status":"closed","ping_status":"closed","sticky":false,"template":"","format":"standard","meta":[],"categories":[1],"tags":[300,12,6,8,10],"_links":{"self":[{"href":"https:\/\/fedemba.org.ar\/web\/wp-json\/wp\/v2\/posts\/2657"}],"collection":[{"href":"https:\/\/fedemba.org.ar\/web\/wp-json\/wp\/v2\/posts"}],"about":[{"href":"https:\/\/fedemba.org.ar\/web\/wp-json\/wp\/v2\/types\/post"}],"author":[{"embeddable":true,"href":"https:\/\/fedemba.org.ar\/web\/wp-json\/wp\/v2\/users\/1"}],"replies":[{"embeddable":true,"href":"https:\/\/fedemba.org.ar\/web\/wp-json\/wp\/v2\/comments?post=2657"}],"version-history":[{"count":1,"href":"https:\/\/fedemba.org.ar\/web\/wp-json\/wp\/v2\/posts\/2657\/revisions"}],"predecessor-version":[{"id":2659,"href":"https:\/\/fedemba.org.ar\/web\/wp-json\/wp\/v2\/posts\/2657\/revisions\/2659"}],"wp:featuredmedia":[{"embeddable":true,"href":"https:\/\/fedemba.org.ar\/web\/wp-json\/wp\/v2\/media\/2658"}],"wp:attachment":[{"href":"https:\/\/fedemba.org.ar\/web\/wp-json\/wp\/v2\/media?parent=2657"}],"wp:term":[{"taxonomy":"category","embeddable":true,"href":"https:\/\/fedemba.org.ar\/web\/wp-json\/wp\/v2\/categories?post=2657"},{"taxonomy":"post_tag","embeddable":true,"href":"https:\/\/fedemba.org.ar\/web\/wp-json\/wp\/v2\/tags?post=2657"}],"curies":[{"name":"wp","href":"https:\/\/api.w.org\/{rel}","templated":true}]}}