{"id":2679,"date":"2022-08-19T11:11:18","date_gmt":"2022-08-19T14:11:18","guid":{"rendered":"http:\/\/fedemba.org.ar\/web\/?p=2679"},"modified":"2022-08-19T11:11:18","modified_gmt":"2022-08-19T14:11:18","slug":"invitamos-al-curso-sobre-actualizacion-de-conocimientos-en-la-gestion-mutual","status":"publish","type":"post","link":"https:\/\/fedemba.org.ar\/web\/invitamos-al-curso-sobre-actualizacion-de-conocimientos-en-la-gestion-mutual\/","title":{"rendered":"INVITAMOS AL CURSO SOBRE ACTUALIZACI\u00d3N DE CONOCIMIENTOS EN LA GESTI\u00d3N MUTUAL"},"content":{"rendered":"<div class=\"elementor-element elementor-element-3de35f49 elementor-widget elementor-widget-text-editor\" data-id=\"3de35f49\" data-element_type=\"widget\" data-widget_type=\"text-editor.default\">\n<div class=\"elementor-widget-container\">\n<div class=\"elementor-text-editor elementor-clearfix\">\n<p><strong>Desde FEDEMBA invitamos a todas nuestras mutuales adheridas al curso de capacitaci\u00f3n sobre \u2018\u2018Actualizaci\u00f3n de conocimientos en la Gesti\u00f3n Mutual\u201d organizado por CONAM y<\/strong>\u00a0la Federaci\u00f3n de Mutuales Regional La Plata\u00a0<strong>(FMRLP),\u00a0<\/strong>destinado a contadores, directivos, asesores jur\u00eddicos, empleados y apoderados de mutuales, cooperativas y entidades vinculadas a la Econom\u00eda Social y Solidaria que deseen actualizar sus conocimientos sobre las \u00faltimas normativas, reglamentaciones y requerimientos obligatorios para el correcto funcionamiento de una entidad.<\/p>\n<\/div>\n<\/div>\n<\/div>\n<div class=\"elementor-element elementor-element-a99ea elementor-widget elementor-widget-text-editor\" data-id=\"a99ea\" data-element_type=\"widget\" data-widget_type=\"text-editor.default\">\n<div class=\"elementor-widget-container\">\n<div class=\"elementor-text-editor elementor-clearfix\">\n<p><strong>El curso, que se realizar\u00e1 en 4 encuentros virtuales, tendr\u00e1 las siguientes tem\u00e1ticas: Tr\u00e1mites a Distancia (TAD), Cumplimiento Normativo BCRA, el rol de las asociaciones mutuales como sujetos obligados ante UIF y Transmisi\u00f3n Electr\u00f3nica de Balances.<\/strong><\/p>\n<p><img decoding=\"async\" loading=\"lazy\" class=\"size-large wp-image-2680 aligncenter\" src=\"http:\/\/fedemba.org.ar\/web\/wp-content\/uploads\/2022\/08\/CURSO-DE-CAPACITACION-ACTUALIZACION-DE-CONOCIMIENTOS-EN-LA-GESTION-MUTUAL-DE-CONAM-Y-FMRLP-1-1024x512.jpeg\" alt=\"\" width=\"1024\" height=\"512\" srcset=\"https:\/\/fedemba.org.ar\/web\/wp-content\/uploads\/2022\/08\/CURSO-DE-CAPACITACION-ACTUALIZACION-DE-CONOCIMIENTOS-EN-LA-GESTION-MUTUAL-DE-CONAM-Y-FMRLP-1.jpeg 1024w, https:\/\/fedemba.org.ar\/web\/wp-content\/uploads\/2022\/08\/CURSO-DE-CAPACITACION-ACTUALIZACION-DE-CONOCIMIENTOS-EN-LA-GESTION-MUTUAL-DE-CONAM-Y-FMRLP-1-300x150.jpeg 300w, https:\/\/fedemba.org.ar\/web\/wp-content\/uploads\/2022\/08\/CURSO-DE-CAPACITACION-ACTUALIZACION-DE-CONOCIMIENTOS-EN-LA-GESTION-MUTUAL-DE-CONAM-Y-FMRLP-1-768x384.jpeg 768w\" sizes=\"(max-width: 1024px) 100vw, 1024px\" \/><\/p>\n<\/div>\n<div class=\"elementor-element elementor-element-10e334ad elementor-widget elementor-widget-text-editor\" data-id=\"10e334ad\" data-element_type=\"widget\" data-widget_type=\"text-editor.default\">\n<div class=\"elementor-widget-container\">\n<div class=\"elementor-text-editor elementor-clearfix\">\n<h3><strong>\u00bfCu\u00e1ndo ser\u00e1?<\/strong><\/h3>\n<\/div>\n<\/div>\n<\/div>\n<div class=\"elementor-element elementor-element-f59487b elementor-widget elementor-widget-text-editor\" data-id=\"f59487b\" data-element_type=\"widget\" data-widget_type=\"text-editor.default\">\n<div class=\"elementor-widget-container\">\n<div class=\"elementor-text-editor elementor-clearfix\">\n<p><strong>Ser\u00e1n 4 d\u00edas: Jueves 8, 15, 22 y 29 de septiembre<\/strong>\u00a0(durando cada capacitaci\u00f3n de\u00a0<strong>18:00 a 20:00 hs<\/strong>).\u00a0<strong>SER\u00c1 UN CURSO VIRTUAL A TRAV\u00c9S DE ZOOM.<\/strong><\/p>\n<\/div>\n<\/div>\n<\/div>\n<div class=\"elementor-element elementor-element-200ed4a elementor-widget elementor-widget-text-editor\" data-id=\"200ed4a\" data-element_type=\"widget\" data-widget_type=\"text-editor.default\">\n<div class=\"elementor-widget-container\">\n<div class=\"elementor-text-editor elementor-clearfix\">\n<h3><strong>\u00bfC\u00f3mo me conecto?<\/strong><\/h3>\n<\/div>\n<\/div>\n<\/div>\n<div class=\"elementor-element elementor-element-0e65383 elementor-widget elementor-widget-text-editor\" data-id=\"0e65383\" data-element_type=\"widget\" data-widget_type=\"text-editor.default\">\n<div class=\"elementor-widget-container\">\n<div class=\"elementor-text-editor elementor-clearfix\">\n<p><strong>Inscribite en el siguiente link:<\/strong>\u00a0\u00a0<strong><a href=\"https:\/\/docs.google.com\/forms\/d\/1aduLH986pgwTj_8tQQztcQaGPChgf21-byX0U7BDIgw\/edit\">FORMULARIO DE INSCRIPCI\u00d3N<\/a><\/strong><\/p>\n<p><strong>Una vez completado tus datos, m\u00e1s cercano a la fecha te llegar\u00e1 el link del Aula Virtual.<\/strong><\/p>\n<\/div>\n<\/div>\n<\/div>\n<div class=\"elementor-element elementor-element-5471893 elementor-widget elementor-widget-text-editor\" data-id=\"5471893\" data-element_type=\"widget\" data-widget_type=\"text-editor.default\">\n<div class=\"elementor-widget-container\">\n<div class=\"elementor-text-editor elementor-clearfix\">\n<h3><strong>INFO IMPORTANTE:<\/strong><\/h3>\n<\/div>\n<\/div>\n<\/div>\n<div class=\"elementor-element elementor-element-54238eb0 elementor-widget elementor-widget-text-editor\" data-id=\"54238eb0\" data-element_type=\"widget\" data-widget_type=\"text-editor.default\">\n<div class=\"elementor-widget-container\">\n<div class=\"elementor-text-editor elementor-clearfix\">\n<p><strong>El curso tendr\u00e1 un importante descuento para quienes integren mutuales y\/o cooperativas pertenecientes a federaciones que est\u00e9n en CONAM. Pod\u00e9s ver el listado de las Federaciones adheridas a CONAM\u00a0<a href=\"https:\/\/www.conam.org.ar\/web\/federaciones\/\">ac\u00e1<\/a>. Para las mutuales de FEDEMBA se aplican los descuentos especiales.<\/strong><\/p>\n<\/div>\n<\/div>\n<\/div>\n<div class=\"elementor-element elementor-element-4f3d41e elementor-widget elementor-widget-text-editor\" data-id=\"4f3d41e\" data-element_type=\"widget\" data-widget_type=\"text-editor.default\">\n<div class=\"elementor-widget-container\">\n<div class=\"elementor-text-editor elementor-clearfix\">\n<h3><strong>ARANCELES:<\/strong><\/h3>\n<\/div>\n<\/div>\n<\/div>\n<div class=\"elementor-element elementor-element-7336bd3 elementor-widget elementor-widget-text-editor\" data-id=\"7336bd3\" data-element_type=\"widget\" data-widget_type=\"text-editor.default\">\n<div class=\"elementor-widget-container\">\n<div class=\"elementor-text-editor elementor-clearfix\">\n<p><strong>El valor del Curso para quienes pertenecen a alguna mutual o cooperativa adherida a una federaci\u00f3n de CONAM:<\/strong><\/p>\n<p><strong>-1 x $4.500.<\/strong><\/p>\n<p><strong>-Promoci\u00f3n para 3 personas a $11.500 en total<\/strong>\u00a0(arancel especial si se inscriben tres personas de una misma entidad).<\/p>\n<p><strong>-Promoci\u00f3n para 4 personas a $16.000 en total<\/strong>\u00a0(arancel especial si se inscriben cuatro personas de una misma entidad).<\/p>\n<p><strong>-Promoci\u00f3n para 5 personas a $20.500 en total<\/strong>\u00a0(arancel especial si se inscriben cinco personas de una misma entidad).<\/p>\n<\/div>\n<\/div>\n<\/div>\n<div class=\"elementor-element elementor-element-053b5d6 elementor-widget elementor-widget-text-editor\" data-id=\"053b5d6\" data-element_type=\"widget\" data-widget_type=\"text-editor.default\">\n<div class=\"elementor-widget-container\">\n<div class=\"elementor-text-editor elementor-clearfix\">\n<p><strong>No adheridos:<\/strong><\/p>\n<p><strong>-1 x $5.500<\/strong><\/p>\n<p><strong>-Promoci\u00f3n para 3 personas a $12.500 en total<\/strong>\u00a0(arancel especial si se inscriben tres personas de una misma entidad).<\/p>\n<p><strong>-Promoci\u00f3n para 4 personas a $16.500 en total<\/strong>\u00a0(arancel especial si se inscriben cuatro personas de una misma entidad).<\/p>\n<p><strong>-Promoci\u00f3n para 5 personas a $21.500 en total<\/strong>\u00a0(arancel especial si se inscriben cinco personas de una misma entidad).<\/p>\n<\/div>\n<\/div>\n<\/div>\n<div class=\"elementor-element elementor-element-900ad29 elementor-widget elementor-widget-text-editor\" data-id=\"900ad29\" data-element_type=\"widget\" data-widget_type=\"text-editor.default\">\n<div class=\"elementor-widget-container\">\n<div class=\"elementor-text-editor elementor-clearfix\">\n<h3><strong>TEMARIO DEL CURSO:<\/strong><\/h3>\n<\/div>\n<\/div>\n<\/div>\n<div class=\"elementor-element elementor-element-76dee5b7 elementor-widget elementor-widget-text-editor\" data-id=\"76dee5b7\" data-element_type=\"widget\" data-widget_type=\"text-editor.default\">\n<div class=\"elementor-widget-container\">\n<div class=\"elementor-text-editor elementor-clearfix\">\n<p><strong>CLASE 1: (el 08\/09\/22 \u2013 18 A 20 HS)<\/strong>\u00a0<strong>\u201cTr\u00e1mites a Distancia\u201d<\/strong>: \u00bfQu\u00e9 es TAD? Normativa, autenticaci\u00f3n y apoderamiento. Principales funcionalidades y tr\u00e1mites a presentar ante el INAES. Presentaci\u00f3n de casos pr\u00e1cticos. EXPOSITOR: Mat\u00edas Miranda.<\/p>\n<p><strong>CLASE 2: (el 15\/09\/22 \u2013 18 a 20 HS) \u201cCumplimiento Normativo BCRA\u201d<\/strong>: Cumplimiento Normativo para Mutuales, presentaciones ante INAES, transmisiones electr\u00f3nicas, reg\u00edmenes informativos de Servicios Financieros, cumplimientos obligatorios para mutuales y cooperativas del Banco Central de la Rep\u00fablica Argentina. EXPOSITORES: Mabel Cambeiro y Nicol\u00e1s Kresich.<\/p>\n<p><strong>CLASE 3: (el 22\/09\/22 \u2013 18 A 20 HS) \u201cEl rol de las asociaciones mutuales como sujetos obligados ante UIF\u201d<\/strong>: Toda la normativa obligatoria ante UIF, efectividad del sistema preventivo LA\/FT, supervisiones del INAES. Presentaci\u00f3n de casos pr\u00e1cticos. EXPOSITOR: Joaqu\u00edn Olid.<\/p>\n<p><strong>CLASE 4: (el 29\/09\/22 \u2013 18 A 20 HS) \u201cTransmisi\u00f3n electr\u00f3nica de Balances y otros requerimientos\u201d<\/strong>: Servicio de Ayuda Econ\u00f3mica Mutual: Resoluci\u00f3n 1418\/03 (T.O. 2359\/19) INAES. Tipos de Reglamentos: Con fondos propios y\/o Fondos provenientes del Ahorro de sus asociados. Requisitos Art\u00edculo 12\u00ba\u00a0 Res. 1418\/03 (T.O. 2359\/19). Modelos de Testimonios. Reg\u00edmenes Informativos. Diferencias con el Reglamento de gesti\u00f3n de pr\u00e9stamos: Resoluci\u00f3n 1481\/09 (T.O. 2363\/19. Sanciones seg\u00fan Resoluci\u00f3n 1659\/16 (T.O. 3916\/18). EXPOSITORAS: Mar\u00eda del Huerto Di Loreto y Mabel Cambeiro.<\/p>\n<\/div>\n<p><img decoding=\"async\" loading=\"lazy\" class=\"alignleft size-large wp-image-2680\" src=\"http:\/\/fedemba.org.ar\/web\/wp-content\/uploads\/2022\/08\/CURSO-DE-CAPACITACION-ACTUALIZACION-DE-CONOCIMIENTOS-EN-LA-GESTION-MUTUAL-DE-CONAM-Y-FMRLP-1-1024x512.jpeg\" alt=\"\" width=\"1024\" height=\"512\" srcset=\"https:\/\/fedemba.org.ar\/web\/wp-content\/uploads\/2022\/08\/CURSO-DE-CAPACITACION-ACTUALIZACION-DE-CONOCIMIENTOS-EN-LA-GESTION-MUTUAL-DE-CONAM-Y-FMRLP-1.jpeg 1024w, https:\/\/fedemba.org.ar\/web\/wp-content\/uploads\/2022\/08\/CURSO-DE-CAPACITACION-ACTUALIZACION-DE-CONOCIMIENTOS-EN-LA-GESTION-MUTUAL-DE-CONAM-Y-FMRLP-1-300x150.jpeg 300w, https:\/\/fedemba.org.ar\/web\/wp-content\/uploads\/2022\/08\/CURSO-DE-CAPACITACION-ACTUALIZACION-DE-CONOCIMIENTOS-EN-LA-GESTION-MUTUAL-DE-CONAM-Y-FMRLP-1-768x384.jpeg 768w\" sizes=\"(max-width: 1024px) 100vw, 1024px\" \/><\/p>\n<\/div>\n<\/div>\n<\/div>\n<\/div>\n","protected":false},"excerpt":{"rendered":"<p>Desde FEDEMBA invitamos a todas nuestras mutuales adheridas al curso de capacitaci\u00f3n sobre \u2018\u2018Actualizaci\u00f3n de conocimientos en la Gesti\u00f3n Mutual\u201d organizado por CONAM y\u00a0la Federaci\u00f3n de Mutuales Regional La Plata\u00a0(FMRLP),\u00a0destinado a contadores, directivos, asesores jur\u00eddicos, empleados y apoderados de mutuales, cooperativas y entidades vinculadas a la Econom\u00eda Social y Solidaria que deseen actualizar sus conocimientos [&hellip;]<\/p>\n","protected":false},"author":1,"featured_media":2680,"comment_status":"closed","ping_status":"closed","sticky":false,"template":"","format":"standard","meta":[],"categories":[1],"tags":[9,300,12,6,293,292,149,492,148,494,10,493],"_links":{"self":[{"href":"https:\/\/fedemba.org.ar\/web\/wp-json\/wp\/v2\/posts\/2679"}],"collection":[{"href":"https:\/\/fedemba.org.ar\/web\/wp-json\/wp\/v2\/posts"}],"about":[{"href":"https:\/\/fedemba.org.ar\/web\/wp-json\/wp\/v2\/types\/post"}],"author":[{"embeddable":true,"href":"https:\/\/fedemba.org.ar\/web\/wp-json\/wp\/v2\/users\/1"}],"replies":[{"embeddable":true,"href":"https:\/\/fedemba.org.ar\/web\/wp-json\/wp\/v2\/comments?post=2679"}],"version-history":[{"count":1,"href":"https:\/\/fedemba.org.ar\/web\/wp-json\/wp\/v2\/posts\/2679\/revisions"}],"predecessor-version":[{"id":2681,"href":"https:\/\/fedemba.org.ar\/web\/wp-json\/wp\/v2\/posts\/2679\/revisions\/2681"}],"wp:featuredmedia":[{"embeddable":true,"href":"https:\/\/fedemba.org.ar\/web\/wp-json\/wp\/v2\/media\/2680"}],"wp:attachment":[{"href":"https:\/\/fedemba.org.ar\/web\/wp-json\/wp\/v2\/media?parent=2679"}],"wp:term":[{"taxonomy":"category","embeddable":true,"href":"https:\/\/fedemba.org.ar\/web\/wp-json\/wp\/v2\/categories?post=2679"},{"taxonomy":"post_tag","embeddable":true,"href":"https:\/\/fedemba.org.ar\/web\/wp-json\/wp\/v2\/tags?post=2679"}],"curies":[{"name":"wp","href":"https:\/\/api.w.org\/{rel}","templated":true}]}}