{"id":268,"date":"2013-03-29T12:33:24","date_gmt":"2013-03-29T15:33:24","guid":{"rendered":"http:\/\/fedemba.org.ar\/web\/?p=268"},"modified":"2015-05-14T14:53:46","modified_gmt":"2015-05-14T17:53:46","slug":"jornada-sobre-reforma-de-la-ley-de-trabajo","status":"publish","type":"post","link":"https:\/\/fedemba.org.ar\/web\/jornada-sobre-reforma-de-la-ley-de-trabajo\/","title":{"rendered":"Jornada sobre \u00abReforma de la Ley de Trabajo\u00bb de la Asociaci\u00f3n Judicial Argentina"},"content":{"rendered":"<p>El 26 de marzo de 2013 FEDEMBA particip\u00f3 de la Jornada sobre la Reforma de la Ley de Riesgo de Trabajo, organizada por la Asociaci\u00f3n Judicial Argentina, en el Sal\u00f3n de la Confederaci\u00f3n de Martilleros, y extendi\u00f3 dicha invitaci\u00f3n a todas sus mutuales adheridas, quienes participaron en forma gratuita y en gran n\u00famero.<\/p>\n","protected":false},"excerpt":{"rendered":"<p>El 26 de marzo de 2013 FEDEMBA particip\u00f3 de la Jornada sobre la Reforma de la Ley de Riesgo de Trabajo, organizada por la Asociaci\u00f3n Judicial Argentina, en el Sal\u00f3n de la Confederaci\u00f3n de Martilleros, y extendi\u00f3 dicha invitaci\u00f3n a todas sus mutuales adheridas, quienes participaron en forma gratuita y en gran n\u00famero.<\/p>\n","protected":false},"author":1,"featured_media":270,"comment_status":"closed","ping_status":"closed","sticky":false,"template":"","format":"standard","meta":[],"categories":[1],"tags":[28,12,6,15,10],"_links":{"self":[{"href":"https:\/\/fedemba.org.ar\/web\/wp-json\/wp\/v2\/posts\/268"}],"collection":[{"href":"https:\/\/fedemba.org.ar\/web\/wp-json\/wp\/v2\/posts"}],"about":[{"href":"https:\/\/fedemba.org.ar\/web\/wp-json\/wp\/v2\/types\/post"}],"author":[{"embeddable":true,"href":"https:\/\/fedemba.org.ar\/web\/wp-json\/wp\/v2\/users\/1"}],"replies":[{"embeddable":true,"href":"https:\/\/fedemba.org.ar\/web\/wp-json\/wp\/v2\/comments?post=268"}],"version-history":[{"count":2,"href":"https:\/\/fedemba.org.ar\/web\/wp-json\/wp\/v2\/posts\/268\/revisions"}],"predecessor-version":[{"id":304,"href":"https:\/\/fedemba.org.ar\/web\/wp-json\/wp\/v2\/posts\/268\/revisions\/304"}],"wp:featuredmedia":[{"embeddable":true,"href":"https:\/\/fedemba.org.ar\/web\/wp-json\/wp\/v2\/media\/270"}],"wp:attachment":[{"href":"https:\/\/fedemba.org.ar\/web\/wp-json\/wp\/v2\/media?parent=268"}],"wp:term":[{"taxonomy":"category","embeddable":true,"href":"https:\/\/fedemba.org.ar\/web\/wp-json\/wp\/v2\/categories?post=268"},{"taxonomy":"post_tag","embeddable":true,"href":"https:\/\/fedemba.org.ar\/web\/wp-json\/wp\/v2\/tags?post=268"}],"curies":[{"name":"wp","href":"https:\/\/api.w.org\/{rel}","templated":true}]}}