{"id":2695,"date":"2022-09-28T13:59:19","date_gmt":"2022-09-28T16:59:19","guid":{"rendered":"http:\/\/fedemba.org.ar\/web\/?p=2695"},"modified":"2022-09-28T14:04:12","modified_gmt":"2022-09-28T17:04:12","slug":"curso-de-formacion-de-cuidadores-domiciliarios-de-ampf","status":"publish","type":"post","link":"https:\/\/fedemba.org.ar\/web\/curso-de-formacion-de-cuidadores-domiciliarios-de-ampf\/","title":{"rendered":"CURSO DE FORMACI\u00d3N DE CUIDADORES DOMICILIARIOS DE AMPF"},"content":{"rendered":"<p>La Asociaci\u00f3n Mutual de Protecci\u00f3n Familiar (AMPF), entidad adherida a FEDEMBA, lanza la 8\u00ba Edici\u00f3n del Curso de formaci\u00f3n de Cuidadores Domiciliarios, el cual se realizar\u00e1 en convenio con la Direcci\u00f3n Nacional de Pol\u00edticas para Adultos Mayores (DINAPAM) dependiente de la Secretaria Nacional de Ni\u00f1ez, Adolescencia y Familia del Ministerio de Desarrollo Social de Naci\u00f3n.<\/p>\n<p>El curso contar\u00e1 con 8 clases mixtas (presenciales y virtuales) en CABA. Al respecto, compartimos la informaci\u00f3n del Curso:<\/p>\n<p><img decoding=\"async\" loading=\"lazy\" class=\"size-large wp-image-2696 aligncenter\" src=\"http:\/\/fedemba.org.ar\/web\/wp-content\/uploads\/2022\/09\/CURSO-DE-CUIDADORES-DOMICILIARIOS-DE-AMPF-731x1024.jpeg\" alt=\"\" width=\"731\" height=\"1024\" srcset=\"https:\/\/fedemba.org.ar\/web\/wp-content\/uploads\/2022\/09\/CURSO-DE-CUIDADORES-DOMICILIARIOS-DE-AMPF-731x1024.jpeg 731w, https:\/\/fedemba.org.ar\/web\/wp-content\/uploads\/2022\/09\/CURSO-DE-CUIDADORES-DOMICILIARIOS-DE-AMPF-214x300.jpeg 214w, https:\/\/fedemba.org.ar\/web\/wp-content\/uploads\/2022\/09\/CURSO-DE-CUIDADORES-DOMICILIARIOS-DE-AMPF-768x1076.jpeg 768w, https:\/\/fedemba.org.ar\/web\/wp-content\/uploads\/2022\/09\/CURSO-DE-CUIDADORES-DOMICILIARIOS-DE-AMPF.jpeg 914w\" sizes=\"(max-width: 731px) 100vw, 731px\" \/><\/p>\n","protected":false},"excerpt":{"rendered":"<p>La Asociaci\u00f3n Mutual de Protecci\u00f3n Familiar (AMPF), entidad adherida a FEDEMBA, lanza la 8\u00ba Edici\u00f3n del Curso de formaci\u00f3n de Cuidadores Domiciliarios, el cual se realizar\u00e1 en convenio con la Direcci\u00f3n Nacional de Pol\u00edticas para Adultos Mayores (DINAPAM) dependiente de la Secretaria Nacional de Ni\u00f1ez, Adolescencia y Familia del Ministerio de Desarrollo Social de Naci\u00f3n. [&hellip;]<\/p>\n","protected":false},"author":1,"featured_media":2696,"comment_status":"closed","ping_status":"closed","sticky":false,"template":"","format":"standard","meta":[],"categories":[1],"tags":[56,300,12,6,10],"_links":{"self":[{"href":"https:\/\/fedemba.org.ar\/web\/wp-json\/wp\/v2\/posts\/2695"}],"collection":[{"href":"https:\/\/fedemba.org.ar\/web\/wp-json\/wp\/v2\/posts"}],"about":[{"href":"https:\/\/fedemba.org.ar\/web\/wp-json\/wp\/v2\/types\/post"}],"author":[{"embeddable":true,"href":"https:\/\/fedemba.org.ar\/web\/wp-json\/wp\/v2\/users\/1"}],"replies":[{"embeddable":true,"href":"https:\/\/fedemba.org.ar\/web\/wp-json\/wp\/v2\/comments?post=2695"}],"version-history":[{"count":3,"href":"https:\/\/fedemba.org.ar\/web\/wp-json\/wp\/v2\/posts\/2695\/revisions"}],"predecessor-version":[{"id":2699,"href":"https:\/\/fedemba.org.ar\/web\/wp-json\/wp\/v2\/posts\/2695\/revisions\/2699"}],"wp:featuredmedia":[{"embeddable":true,"href":"https:\/\/fedemba.org.ar\/web\/wp-json\/wp\/v2\/media\/2696"}],"wp:attachment":[{"href":"https:\/\/fedemba.org.ar\/web\/wp-json\/wp\/v2\/media?parent=2695"}],"wp:term":[{"taxonomy":"category","embeddable":true,"href":"https:\/\/fedemba.org.ar\/web\/wp-json\/wp\/v2\/categories?post=2695"},{"taxonomy":"post_tag","embeddable":true,"href":"https:\/\/fedemba.org.ar\/web\/wp-json\/wp\/v2\/tags?post=2695"}],"curies":[{"name":"wp","href":"https:\/\/api.w.org\/{rel}","templated":true}]}}