{"id":2729,"date":"2022-11-08T11:28:05","date_gmt":"2022-11-08T14:28:05","guid":{"rendered":"http:\/\/fedemba.org.ar\/web\/?p=2729"},"modified":"2022-11-08T11:28:05","modified_gmt":"2022-11-08T14:28:05","slug":"huertas-mutualistas-ampf-a-traves-de-fedemba-en-el-proyecto-labrando-surcos-de-conam","status":"publish","type":"post","link":"https:\/\/fedemba.org.ar\/web\/huertas-mutualistas-ampf-a-traves-de-fedemba-en-el-proyecto-labrando-surcos-de-conam\/","title":{"rendered":"HUERTAS MUTUALISTAS: AMPF, A TRAV\u00c9S DE FEDEMBA, EN EL PROYECTO \u201cLABRANDO SURCOS\u201d DE CONAM"},"content":{"rendered":"<p>La Asociaci\u00f3n Mutual de Protecci\u00f3n Familiar <strong>(AMPF), entidad adherida a FEDEMBA, lleva adelante una de las huertas agroecol\u00f3gicas del Proyecto \u201cLabrando Surcos\u201d de la Confederaci\u00f3n Nacional de Mutualidades de la Rep\u00fablica Argentina (CONAM), en Santa Clara del Mar, el cual viene dando grandes resultados en materia de producci\u00f3n y generaci\u00f3n de trabajo.<\/strong><\/p>\n<p><strong>El proyecto, que cuenta con el<\/strong> acompa\u00f1amiento del Instituto Nacional de Asociativismo y Econom\u00eda Social <strong>(INAES)<\/strong>, <strong>les permite a diversas comunidades la oportunidad de generar una fuente de autoconsumo e intercambio de alimentos y de creaci\u00f3n de empleo emprendedor.<\/strong> Asimismo, est\u00e1 destinado a la capacitaci\u00f3n, administraci\u00f3n de herramientas e insumos, asistencia t\u00e9cnica y asesoramiento administrativo y legal necesario para la creaci\u00f3n de huertas comunitarias.<\/p>\n<p>A tales efectos, en Santa Clara del Mar,<strong> AMPF se encuentra en pleno desarrollo de la huerta, a trav\u00e9s del representante Jos\u00e9 Luis Minzoni y del Lic. Jorge Sayanes, la cual viene vendiendo grandes cantidades de bolsones de verduras y frutas a precios econ\u00f3micos<\/strong>. Dichas huertas cuentan con invernaderos y realizan siembra de estaci\u00f3n libre de agroqu\u00edmicos.<\/p>\n<p><img decoding=\"async\" loading=\"lazy\" class=\"size-large wp-image-2732 aligncenter\" src=\"http:\/\/fedemba.org.ar\/web\/wp-content\/uploads\/2022\/11\/WhatsApp-Image-2022-10-28-at-10.17.31-7-768x1024.jpeg\" alt=\"\" width=\"768\" height=\"1024\" srcset=\"https:\/\/fedemba.org.ar\/web\/wp-content\/uploads\/2022\/11\/WhatsApp-Image-2022-10-28-at-10.17.31-7-768x1024.jpeg 768w, https:\/\/fedemba.org.ar\/web\/wp-content\/uploads\/2022\/11\/WhatsApp-Image-2022-10-28-at-10.17.31-7-225x300.jpeg 225w, https:\/\/fedemba.org.ar\/web\/wp-content\/uploads\/2022\/11\/WhatsApp-Image-2022-10-28-at-10.17.31-7.jpeg 1200w\" sizes=\"(max-width: 768px) 100vw, 768px\" \/><\/p>\n<p>Tal ha sido el desempe\u00f1o logrado que <strong>la Secretar\u00eda de Producci\u00f3n y Trabajo del partido de Mar Chiquita ha formalizado una invitaci\u00f3n para la mutual para participar desde noviembre de 2022 a marzo del 2023 de todos los eventos en barrios y localidades de la regi\u00f3n que se realicen para el fortalecimiento de la Econom\u00eda Social y Solidaria.<\/strong><\/p>\n<p>Las huertas han ido creciendo en el tiempo, <strong><a href=\"https:\/\/www.conam.org.ar\/web\/2022\/02\/24\/con-miles-de-personas-el-proyecto-de-huertas-agroecologicas-de-conam-fue-un-exito-en-tecnopolis\/\">teniendo un exitoso paso por Tecn\u00f3polis<\/a><\/strong>, y logrando penetrar en diversos espacios de las comunidades, como por ejemplo ferias regionales, encuentros grupales y jornadas de capacitaci\u00f3n a personas mayores, ni\u00f1os, personas en situaci\u00f3n de vulnerabilidad, entre otras.<\/p>\n<p>&nbsp;<\/p>\n<p><img decoding=\"async\" loading=\"lazy\" class=\"size-large wp-image-2731 aligncenter\" src=\"http:\/\/fedemba.org.ar\/web\/wp-content\/uploads\/2022\/11\/WhatsApp-Image-2022-10-28-at-10.17.31-2-1024x768.jpeg\" alt=\"\" width=\"1024\" height=\"768\" srcset=\"https:\/\/fedemba.org.ar\/web\/wp-content\/uploads\/2022\/11\/WhatsApp-Image-2022-10-28-at-10.17.31-2-1024x768.jpeg 1024w, https:\/\/fedemba.org.ar\/web\/wp-content\/uploads\/2022\/11\/WhatsApp-Image-2022-10-28-at-10.17.31-2-300x225.jpeg 300w, https:\/\/fedemba.org.ar\/web\/wp-content\/uploads\/2022\/11\/WhatsApp-Image-2022-10-28-at-10.17.31-2-768x576.jpeg 768w, https:\/\/fedemba.org.ar\/web\/wp-content\/uploads\/2022\/11\/WhatsApp-Image-2022-10-28-at-10.17.31-2.jpeg 1280w\" sizes=\"(max-width: 1024px) 100vw, 1024px\" \/><\/p>\n<p><img decoding=\"async\" loading=\"lazy\" class=\"size-large wp-image-2730 aligncenter\" src=\"http:\/\/fedemba.org.ar\/web\/wp-content\/uploads\/2022\/11\/WhatsApp-Image-2022-10-28-at-10.17.13-2-768x1024.jpeg\" alt=\"\" width=\"768\" height=\"1024\" srcset=\"https:\/\/fedemba.org.ar\/web\/wp-content\/uploads\/2022\/11\/WhatsApp-Image-2022-10-28-at-10.17.13-2-768x1024.jpeg 768w, https:\/\/fedemba.org.ar\/web\/wp-content\/uploads\/2022\/11\/WhatsApp-Image-2022-10-28-at-10.17.13-2-225x300.jpeg 225w, https:\/\/fedemba.org.ar\/web\/wp-content\/uploads\/2022\/11\/WhatsApp-Image-2022-10-28-at-10.17.13-2.jpeg 1200w\" sizes=\"(max-width: 768px) 100vw, 768px\" \/><\/p>\n","protected":false},"excerpt":{"rendered":"<p>La Asociaci\u00f3n Mutual de Protecci\u00f3n Familiar (AMPF), entidad adherida a FEDEMBA, lleva adelante una de las huertas agroecol\u00f3gicas del Proyecto \u201cLabrando Surcos\u201d de la Confederaci\u00f3n Nacional de Mutualidades de la Rep\u00fablica Argentina (CONAM), en Santa Clara del Mar, el cual viene dando grandes resultados en materia de producci\u00f3n y generaci\u00f3n de trabajo. El proyecto, que [&hellip;]<\/p>\n","protected":false},"author":1,"featured_media":2731,"comment_status":"closed","ping_status":"closed","sticky":false,"template":"","format":"standard","meta":[],"categories":[1],"tags":[56,62,9,300,12,6,8,10,496],"_links":{"self":[{"href":"https:\/\/fedemba.org.ar\/web\/wp-json\/wp\/v2\/posts\/2729"}],"collection":[{"href":"https:\/\/fedemba.org.ar\/web\/wp-json\/wp\/v2\/posts"}],"about":[{"href":"https:\/\/fedemba.org.ar\/web\/wp-json\/wp\/v2\/types\/post"}],"author":[{"embeddable":true,"href":"https:\/\/fedemba.org.ar\/web\/wp-json\/wp\/v2\/users\/1"}],"replies":[{"embeddable":true,"href":"https:\/\/fedemba.org.ar\/web\/wp-json\/wp\/v2\/comments?post=2729"}],"version-history":[{"count":1,"href":"https:\/\/fedemba.org.ar\/web\/wp-json\/wp\/v2\/posts\/2729\/revisions"}],"predecessor-version":[{"id":2733,"href":"https:\/\/fedemba.org.ar\/web\/wp-json\/wp\/v2\/posts\/2729\/revisions\/2733"}],"wp:featuredmedia":[{"embeddable":true,"href":"https:\/\/fedemba.org.ar\/web\/wp-json\/wp\/v2\/media\/2731"}],"wp:attachment":[{"href":"https:\/\/fedemba.org.ar\/web\/wp-json\/wp\/v2\/media?parent=2729"}],"wp:term":[{"taxonomy":"category","embeddable":true,"href":"https:\/\/fedemba.org.ar\/web\/wp-json\/wp\/v2\/categories?post=2729"},{"taxonomy":"post_tag","embeddable":true,"href":"https:\/\/fedemba.org.ar\/web\/wp-json\/wp\/v2\/tags?post=2729"}],"curies":[{"name":"wp","href":"https:\/\/api.w.org\/{rel}","templated":true}]}}