{"id":2760,"date":"2022-12-13T14:19:08","date_gmt":"2022-12-13T17:19:08","guid":{"rendered":"http:\/\/fedemba.org.ar\/web\/?p=2760"},"modified":"2022-12-13T14:19:08","modified_gmt":"2022-12-13T17:19:08","slug":"llega-la-feria-de-ofertas-mutualistas-de-focomej","status":"publish","type":"post","link":"https:\/\/fedemba.org.ar\/web\/llega-la-feria-de-ofertas-mutualistas-de-focomej\/","title":{"rendered":"\u00a1LLEGA LA FERIA DE OFERTAS MUTUALISTAS DE FOCOMEJ!"},"content":{"rendered":"<p>La Mutualidad del Fondo Compensador del Personal Civil del Ej\u00e9rcito <strong>(FOCOMEJ), entidad adherida a FEDEMBA, organiza una Feria de Ofertas a trav\u00e9s de su proveedur\u00eda \u2018\u2018M-Shop\u2019\u2019 para los pr\u00f3ximo 14, 15 y 16 de diciembre en el SUM del Apart Hotel \u2018\u2018Loft Argentino\u2019\u2019<\/strong>, situado en la calle Hip\u00f3lito Yrigoyen 1.194 (CABA).<\/p>\n<p><strong>La Feria tendr\u00e1 un sinf\u00edn de ofertas preparadas para todas las mutuales adheridas a FEDEMBA<\/strong> que deseen visitar. Asimismo, <strong>tambi\u00e9n se podr\u00e1 compartir un caf\u00e9 y ver la semifinal de la Copa del Mundo Qatar 2022 entre Francia y Marruecos en pantalla gigante<\/strong>. Por si fuera poco, tambi\u00e9n se realizar\u00e1 una visita guiada a las nuevas instalaciones del Loft, el cual se encuentra a disposici\u00f3n para todos los asociados de las mutuales que integran la federaci\u00f3n.<\/p>\n<h3><span style=\"color: #993366;\"><strong>\u00bfCU\u00c1NDO SER\u00c1?<\/strong><\/span><\/h3>\n<p>Los pr\u00f3ximos 14, 15 y 16 de diciembre de 10:00 a 20:00 hs.<\/p>\n<h3><span style=\"color: #993366;\"><strong>\u00bfD\u00d3NDE SER\u00c1?<\/strong><\/span><\/h3>\n<p>En el SUM del Apart Hotel \u2018\u2018Loft Argentino\u2019\u2019 de FOCOMEJ, situado en la calle Hip\u00f3lito Yrigoyen 1.194 (CABA).<\/p>\n<p><img decoding=\"async\" loading=\"lazy\" class=\"alignleft size-large wp-image-2762\" src=\"http:\/\/fedemba.org.ar\/web\/wp-content\/uploads\/2022\/12\/2-586x1024.png\" alt=\"\" width=\"586\" height=\"1024\" srcset=\"https:\/\/fedemba.org.ar\/web\/wp-content\/uploads\/2022\/12\/2-586x1024.png 586w, https:\/\/fedemba.org.ar\/web\/wp-content\/uploads\/2022\/12\/2-172x300.png 172w, https:\/\/fedemba.org.ar\/web\/wp-content\/uploads\/2022\/12\/2.png 732w\" sizes=\"(max-width: 586px) 100vw, 586px\" \/><\/p>\n<p><img decoding=\"async\" loading=\"lazy\" class=\"size-large wp-image-2761 alignnone\" src=\"http:\/\/fedemba.org.ar\/web\/wp-content\/uploads\/2022\/12\/1-661x1024.png\" alt=\"\" width=\"661\" height=\"1024\" srcset=\"https:\/\/fedemba.org.ar\/web\/wp-content\/uploads\/2022\/12\/1-661x1024.png 661w, https:\/\/fedemba.org.ar\/web\/wp-content\/uploads\/2022\/12\/1-194x300.png 194w, https:\/\/fedemba.org.ar\/web\/wp-content\/uploads\/2022\/12\/1.png 732w\" sizes=\"(max-width: 661px) 100vw, 661px\" \/><\/p>\n","protected":false},"excerpt":{"rendered":"<p>La Mutualidad del Fondo Compensador del Personal Civil del Ej\u00e9rcito (FOCOMEJ), entidad adherida a FEDEMBA, organiza una Feria de Ofertas a trav\u00e9s de su proveedur\u00eda \u2018\u2018M-Shop\u2019\u2019 para los pr\u00f3ximo 14, 15 y 16 de diciembre en el SUM del Apart Hotel \u2018\u2018Loft Argentino\u2019\u2019, situado en la calle Hip\u00f3lito Yrigoyen 1.194 (CABA). La Feria tendr\u00e1 un [&hellip;]<\/p>\n","protected":false},"author":1,"featured_media":2761,"comment_status":"closed","ping_status":"closed","sticky":false,"template":"","format":"standard","meta":[],"categories":[1],"tags":[300,12,6,414,10],"_links":{"self":[{"href":"https:\/\/fedemba.org.ar\/web\/wp-json\/wp\/v2\/posts\/2760"}],"collection":[{"href":"https:\/\/fedemba.org.ar\/web\/wp-json\/wp\/v2\/posts"}],"about":[{"href":"https:\/\/fedemba.org.ar\/web\/wp-json\/wp\/v2\/types\/post"}],"author":[{"embeddable":true,"href":"https:\/\/fedemba.org.ar\/web\/wp-json\/wp\/v2\/users\/1"}],"replies":[{"embeddable":true,"href":"https:\/\/fedemba.org.ar\/web\/wp-json\/wp\/v2\/comments?post=2760"}],"version-history":[{"count":1,"href":"https:\/\/fedemba.org.ar\/web\/wp-json\/wp\/v2\/posts\/2760\/revisions"}],"predecessor-version":[{"id":2763,"href":"https:\/\/fedemba.org.ar\/web\/wp-json\/wp\/v2\/posts\/2760\/revisions\/2763"}],"wp:featuredmedia":[{"embeddable":true,"href":"https:\/\/fedemba.org.ar\/web\/wp-json\/wp\/v2\/media\/2761"}],"wp:attachment":[{"href":"https:\/\/fedemba.org.ar\/web\/wp-json\/wp\/v2\/media?parent=2760"}],"wp:term":[{"taxonomy":"category","embeddable":true,"href":"https:\/\/fedemba.org.ar\/web\/wp-json\/wp\/v2\/categories?post=2760"},{"taxonomy":"post_tag","embeddable":true,"href":"https:\/\/fedemba.org.ar\/web\/wp-json\/wp\/v2\/tags?post=2760"}],"curies":[{"name":"wp","href":"https:\/\/api.w.org\/{rel}","templated":true}]}}