{"id":2926,"date":"2023-09-12T11:23:57","date_gmt":"2023-09-12T14:23:57","guid":{"rendered":"https:\/\/fedemba.org.ar\/web\/?p=2926"},"modified":"2023-09-12T11:23:57","modified_gmt":"2023-09-12T14:23:57","slug":"nuevo-curso-de-capacitacion-estrategias-de-comunicacion-institucional-para-organizaciones-de-conam","status":"publish","type":"post","link":"https:\/\/fedemba.org.ar\/web\/nuevo-curso-de-capacitacion-estrategias-de-comunicacion-institucional-para-organizaciones-de-conam\/","title":{"rendered":"NUEVO CURSO DE CAPACITACI\u00d3N \u201cESTRATEGIAS DE COMUNICACI\u00d3N INSTITUCIONAL PARA ORGANIZACIONES\u201d DE CONAM"},"content":{"rendered":"\n<p>La Confederaci\u00f3n Nacional de Mutualidades de la Rep\u00fablica Argentina\u00a0<strong>(CONAM), entidad a la cual FEDEMBA se encuentra adherida, lanza un nuevo curso de \u2018\u2018Estrategias de Comunicaci\u00f3n Institucional para Organizaciones\u201d,<\/strong>\u00a0destinado a mutuales, cooperativas, clubes, asociaciones civiles, sindicatos, instituciones educativas y estatales y dem\u00e1s organizaciones sociales y p\u00fablico en general\u00a0<strong>que deseen capacitarse en torno a la comunicaci\u00f3n por redes sociales.<\/strong><\/p>\n\n\n\n<p>El curso, que\u00a0<strong>se realizar\u00e1 en 2 encuentros virtuales<\/strong>, se lanzar\u00e1 a precios especiales y\u00a0<strong>te permitir\u00e1 sumergirte en las estrategias m\u00e1s efectivas para impulsar la visibilidad y el impacto de tu organizaci\u00f3n en redes sociales<\/strong>,<strong>\u00a0como Instagram, Facebook, X (ex Twitter) y dem\u00e1s.<\/strong>\u00a0El curso contar\u00e1 con la exposici\u00f3n de la Mag. Luisa Torres Girotti, especialista en Comunicaci\u00f3n Institucional y en Ceremonial y Protocolo; y el Lic. Claudio Guti\u00e9rrez, Dise\u00f1ador y Especialista en Comunicaci\u00f3n en Redes para instituciones.<\/p>\n\n\n\n<h3><strong>\u00bfCu\u00e1ndo ser\u00e1?<\/strong><\/h3>\n\n\n\n<p><strong>Ser\u00e1n 2 Clases: Mi\u00e9rcoles 20 y 27 de septiembre de 15:00 a 17:00 hs \u2013 2 Horas cada clase (4 horas en total). SER\u00c1 UN CURSO VIRTUAL A TRAV\u00c9S DE ZOOM.<\/strong><\/p>\n\n\n\n<h3><strong>\u00bfC\u00f3mo me conecto?<\/strong><\/h3>\n\n\n\n<p><strong>Inscribite en el siguiente link:&nbsp;<a href=\"https:\/\/forms.gle\/FrKnZGN25FtMfSXo9\">FORMULARIO DE INSCRIPCI\u00d3N<\/a><\/strong><\/p>\n\n\n\n<p><strong>Una vez completado tus datos, m\u00e1s cercano a la fecha te llegar\u00e1 el link del Aula Virtual.<\/strong><\/p>\n\n\n\n<h3><strong>INFO IMPORTANTE:<\/strong><\/h3>\n\n\n\n<p><strong>El curso tendr\u00e1 un importante descuento para TODAS las mutuales que integran FEDEMBA.<\/strong><\/p>\n\n\n\n<figure class=\"wp-block-image size-full\"><a href=\"https:\/\/fedemba.org.ar\/web\/wp-content\/uploads\/2023\/09\/CURSO-DE-CONAM-SOBRE-CAPACITACION-ESTRATEGIAS-DE-COMUNICACION-INSTITUCIONAL-PARA-ORGANIZACIONES-6.jpg\"><img decoding=\"async\" loading=\"lazy\" width=\"1024\" height=\"512\" src=\"https:\/\/fedemba.org.ar\/web\/wp-content\/uploads\/2023\/09\/CURSO-DE-CONAM-SOBRE-CAPACITACION-ESTRATEGIAS-DE-COMUNICACION-INSTITUCIONAL-PARA-ORGANIZACIONES-6.jpg\" alt=\"\" class=\"wp-image-2928\" srcset=\"https:\/\/fedemba.org.ar\/web\/wp-content\/uploads\/2023\/09\/CURSO-DE-CONAM-SOBRE-CAPACITACION-ESTRATEGIAS-DE-COMUNICACION-INSTITUCIONAL-PARA-ORGANIZACIONES-6.jpg 1024w, https:\/\/fedemba.org.ar\/web\/wp-content\/uploads\/2023\/09\/CURSO-DE-CONAM-SOBRE-CAPACITACION-ESTRATEGIAS-DE-COMUNICACION-INSTITUCIONAL-PARA-ORGANIZACIONES-6-300x150.jpg 300w, https:\/\/fedemba.org.ar\/web\/wp-content\/uploads\/2023\/09\/CURSO-DE-CONAM-SOBRE-CAPACITACION-ESTRATEGIAS-DE-COMUNICACION-INSTITUCIONAL-PARA-ORGANIZACIONES-6-768x384.jpg 768w\" sizes=\"(max-width: 1024px) 100vw, 1024px\" \/><\/a><\/figure>\n\n\n\n<h3><strong>TEMARIO DEL CURSO DE CAPACITACI\u00d3N \u2018\u2018ESTRATEGIAS DE COMUNICACI\u00d3N INSTITUCIONAL PARA ORGANIZACIONES\u201d:<\/strong><\/h3>\n\n\n\n<p>A trav\u00e9s de casos pr\u00e1cticos, se realizar\u00e1 un recorrido por los principales pasos para la elaboraci\u00f3n, el planeamiento, ejecuci\u00f3n y control de una campa\u00f1a online:<\/p>\n\n\n\n<ul>\n<li>Manejo de redes sociales.<\/li>\n\n\n\n<li>Concepto y contenidos.<\/li>\n\n\n\n<li>C\u00f3mo y qu\u00e9 comunicar a trav\u00e9s de las redes.<\/li>\n\n\n\n<li>Organizaci\u00f3n de una campa\u00f1a online: C\u00f3mo se estructura un an\u00e1lisis previo y se organizan las fuentes de informaci\u00f3n.<\/li>\n\n\n\n<li>Formulaci\u00f3n de los objetivos.<\/li>\n\n\n\n<li>Segmentaci\u00f3n y perfiles.<\/li>\n\n\n\n<li>Canales: digitales y f\u00edsicos. Piezas seg\u00fan canal y segmento<\/li>\n\n\n\n<li>Plataformas disponibles. Alcance y presupuesto.<\/li>\n\n\n\n<li>C\u00f3mo medir la informaci\u00f3n y qu\u00e9 herramientas utilizar.<\/li>\n\n\n\n<li>Circuito de respuestas y atenci\u00f3n.<\/li>\n<\/ul>\n\n\n\n<h3><strong>LISTADO DE PRECIOS:<\/strong><\/h3>\n\n\n\n<p><strong>El valor del Curso para quienes pertenecen a alguna mutual adherida a FEDEMBA:<\/strong><\/p>\n\n\n\n<p><strong>PRECIOS PARA ENTIDADES ADHERIDAS:<\/strong><\/p>\n\n\n\n<p><strong>-1 x $3.000.<\/strong><\/p>\n\n\n\n<p><strong>&nbsp;-Promoci\u00f3n para 3 personas a $7.000 en total<\/strong>&nbsp;(precio especial si se inscriben tres personas de una misma entidad, pagan solamente el valor por 2 m\u00e1s un peque\u00f1o plus).<\/p>\n\n\n\n<p><strong>-Promoci\u00f3n para 4 personas a $10.000 en total<\/strong>&nbsp;(precio especial).<\/p>\n\n\n\n<p><strong>-Promoci\u00f3n para 5 personas a $13.000 en total<\/strong>&nbsp;(precio especial).<\/p>\n\n\n\n<p><strong>NO ADHERIDOS:<\/strong><\/p>\n\n\n\n<p><strong>-1 x $4.000<\/strong><\/p>\n\n\n\n<p><strong>-Promoci\u00f3n para 3 personas a $9.000 en total<\/strong>&nbsp;(precio especial si se inscriben tres personas de una misma entidad, pagan solamente el valor por 2 m\u00e1s un peque\u00f1o plus).<\/p>\n\n\n\n<p><strong>-Promoci\u00f3n para 4 personas a $13.000 en total<\/strong>&nbsp;(precio especial).<\/p>\n\n\n\n<p><strong>-Promoci\u00f3n para 5 personas a $17.000 en total<\/strong>&nbsp;(precio especial).<\/p>\n\n\n\n<p>Para m\u00e1s informaci\u00f3n escrib\u00ed a\u00a0<strong><a href=\"mailto:info@conam.org.ar\">info@conam.org.ar<\/a><\/strong><\/p>\n\n\n\n<h3><strong>\u00a1DESCUBR\u00cd EL CAMINO HACIA EL \u00c9XITO EN LA COMUNICACI\u00d3N INSTITUCIONAL!<\/strong><\/h3>\n\n\n\n<figure class=\"wp-block-image size-large\"><a href=\"https:\/\/fedemba.org.ar\/web\/wp-content\/uploads\/2023\/09\/CURSO-DE-CONAM-SOBRE-CAPACITACION-ESTRATEGIAS-DE-COMUNICACION-INSTITUCIONAL-PARA-ORGANIZACIONES-2.jpg\"><img decoding=\"async\" loading=\"lazy\" width=\"1024\" height=\"1024\" src=\"https:\/\/fedemba.org.ar\/web\/wp-content\/uploads\/2023\/09\/CURSO-DE-CONAM-SOBRE-CAPACITACION-ESTRATEGIAS-DE-COMUNICACION-INSTITUCIONAL-PARA-ORGANIZACIONES-2-1024x1024.jpg\" alt=\"\" class=\"wp-image-2927\" srcset=\"https:\/\/fedemba.org.ar\/web\/wp-content\/uploads\/2023\/09\/CURSO-DE-CONAM-SOBRE-CAPACITACION-ESTRATEGIAS-DE-COMUNICACION-INSTITUCIONAL-PARA-ORGANIZACIONES-2-1024x1024.jpg 1024w, https:\/\/fedemba.org.ar\/web\/wp-content\/uploads\/2023\/09\/CURSO-DE-CONAM-SOBRE-CAPACITACION-ESTRATEGIAS-DE-COMUNICACION-INSTITUCIONAL-PARA-ORGANIZACIONES-2-300x300.jpg 300w, https:\/\/fedemba.org.ar\/web\/wp-content\/uploads\/2023\/09\/CURSO-DE-CONAM-SOBRE-CAPACITACION-ESTRATEGIAS-DE-COMUNICACION-INSTITUCIONAL-PARA-ORGANIZACIONES-2-150x150.jpg 150w, https:\/\/fedemba.org.ar\/web\/wp-content\/uploads\/2023\/09\/CURSO-DE-CONAM-SOBRE-CAPACITACION-ESTRATEGIAS-DE-COMUNICACION-INSTITUCIONAL-PARA-ORGANIZACIONES-2-768x768.jpg 768w, https:\/\/fedemba.org.ar\/web\/wp-content\/uploads\/2023\/09\/CURSO-DE-CONAM-SOBRE-CAPACITACION-ESTRATEGIAS-DE-COMUNICACION-INSTITUCIONAL-PARA-ORGANIZACIONES-2.jpg 1080w\" sizes=\"(max-width: 1024px) 100vw, 1024px\" \/><\/a><\/figure>\n","protected":false},"excerpt":{"rendered":"<p>La Confederaci\u00f3n Nacional de Mutualidades de la Rep\u00fablica Argentina\u00a0(CONAM), entidad a la cual FEDEMBA se encuentra adherida, lanza un nuevo curso de \u2018\u2018Estrategias de Comunicaci\u00f3n Institucional para Organizaciones\u201d,\u00a0destinado a mutuales, cooperativas, clubes, asociaciones civiles, sindicatos, instituciones educativas y estatales y dem\u00e1s organizaciones sociales y p\u00fablico en general\u00a0que deseen capacitarse en torno a la comunicaci\u00f3n por [&hellip;]<\/p>\n","protected":false},"author":1,"featured_media":2927,"comment_status":"closed","ping_status":"closed","sticky":false,"template":"","format":"standard","meta":[],"categories":[1],"tags":[429,9,300,12,6,532,10],"_links":{"self":[{"href":"https:\/\/fedemba.org.ar\/web\/wp-json\/wp\/v2\/posts\/2926"}],"collection":[{"href":"https:\/\/fedemba.org.ar\/web\/wp-json\/wp\/v2\/posts"}],"about":[{"href":"https:\/\/fedemba.org.ar\/web\/wp-json\/wp\/v2\/types\/post"}],"author":[{"embeddable":true,"href":"https:\/\/fedemba.org.ar\/web\/wp-json\/wp\/v2\/users\/1"}],"replies":[{"embeddable":true,"href":"https:\/\/fedemba.org.ar\/web\/wp-json\/wp\/v2\/comments?post=2926"}],"version-history":[{"count":1,"href":"https:\/\/fedemba.org.ar\/web\/wp-json\/wp\/v2\/posts\/2926\/revisions"}],"predecessor-version":[{"id":2929,"href":"https:\/\/fedemba.org.ar\/web\/wp-json\/wp\/v2\/posts\/2926\/revisions\/2929"}],"wp:featuredmedia":[{"embeddable":true,"href":"https:\/\/fedemba.org.ar\/web\/wp-json\/wp\/v2\/media\/2927"}],"wp:attachment":[{"href":"https:\/\/fedemba.org.ar\/web\/wp-json\/wp\/v2\/media?parent=2926"}],"wp:term":[{"taxonomy":"category","embeddable":true,"href":"https:\/\/fedemba.org.ar\/web\/wp-json\/wp\/v2\/categories?post=2926"},{"taxonomy":"post_tag","embeddable":true,"href":"https:\/\/fedemba.org.ar\/web\/wp-json\/wp\/v2\/tags?post=2926"}],"curies":[{"name":"wp","href":"https:\/\/api.w.org\/{rel}","templated":true}]}}