{"id":3012,"date":"2024-01-03T17:23:39","date_gmt":"2024-01-03T20:23:39","guid":{"rendered":"https:\/\/fedemba.org.ar\/web\/?p=3012"},"modified":"2024-01-03T17:23:39","modified_gmt":"2024-01-03T20:23:39","slug":"la-camara-de-diputados-de-la-provincia-de-buenos-aires-reconocio-a-la-mutual-decam-por-su-trabajo-en-el-area-de-discapacidad","status":"publish","type":"post","link":"https:\/\/fedemba.org.ar\/web\/la-camara-de-diputados-de-la-provincia-de-buenos-aires-reconocio-a-la-mutual-decam-por-su-trabajo-en-el-area-de-discapacidad\/","title":{"rendered":"<strong>LA C\u00c1MARA DE DIPUTADOS DE LA PROVINCIA DE BUENOS AIRES RECONOCI\u00d3 A LA MUTUAL DECAM POR SU TRABAJO EN EL \u00c1REA DE DISCAPACIDAD<\/strong>"},"content":{"rendered":"\n<p><strong>La C\u00e1mara de Diputados de la provincia de Buenos Aires reconoci\u00f3 a <a href=\"https:\/\/www.mutualdecam.org\/#!\/-bienvenido-2\/\">la Asociaci\u00f3n Mutual de Deportes de Contacto, Artes Marciales y Afines de la Rep\u00fablica Argentina (DECAM),<\/a> entidad adherida a FEDEMBA, por el trabajo en el \u00e1rea de discapacidad que viene llevando adelante la mutual,<\/strong> en una destacada ceremonia el pasado 15 de diciembre de 2023.<\/p>\n\n\n\n<p>Al respecto, el acto se realiz\u00f3 en el marco de un reconocimiento a aquellas personas y referentes que abocan un gran esfuerzo y dedicaci\u00f3n en la construcci\u00f3n de una sociedad m\u00e1s justa e inclusiva. Asimismo, <strong>el Diputado Ariel Archanco entreg\u00f3 el homenaje al Secretario de la mutual DECAM, Christian Perez Bermegui, quien agradeci\u00f3 con emoci\u00f3n ponderando el arduo trabajo que lleva adelante la mutual desde su creaci\u00f3n en 2015.<\/strong><\/p>\n\n\n\n<p>En efecto, <strong>dentro de los m\u00faltiples servicios que brinda la mutual se encuentran: <\/strong>capacitaciones y seminarios online o presenciales, asesoramiento jur\u00eddico, turismo social, subsidios, descuentos en servicios profesionales y locales comerciales, como establecimientos gastron\u00f3micos, locales de indumentaria, farmacias, \u00f3pticas, entre otros; y una bolsa de trabajo donde se impulsa el crecimiento emprendedor de sus asociados.<\/p>\n\n\n\n<figure class=\"wp-block-image size-large\"><a href=\"https:\/\/fedemba.org.ar\/web\/wp-content\/uploads\/2024\/01\/LA-CAMARA-DE-DIPUTADOS-DE-LA-PROVINCIA-DE-BUENOS-AIRES-RECONOCIO-A-LA-MUTUAL-DECAM-POR-SU-TRABAJO-EN-EL-AREA-DE-DISCAPACIDAD-1.jpg\"><img decoding=\"async\" loading=\"lazy\" width=\"1024\" height=\"866\" src=\"https:\/\/fedemba.org.ar\/web\/wp-content\/uploads\/2024\/01\/LA-CAMARA-DE-DIPUTADOS-DE-LA-PROVINCIA-DE-BUENOS-AIRES-RECONOCIO-A-LA-MUTUAL-DECAM-POR-SU-TRABAJO-EN-EL-AREA-DE-DISCAPACIDAD-1-1024x866.jpg\" alt=\"\" class=\"wp-image-3014\" srcset=\"https:\/\/fedemba.org.ar\/web\/wp-content\/uploads\/2024\/01\/LA-CAMARA-DE-DIPUTADOS-DE-LA-PROVINCIA-DE-BUENOS-AIRES-RECONOCIO-A-LA-MUTUAL-DECAM-POR-SU-TRABAJO-EN-EL-AREA-DE-DISCAPACIDAD-1-1024x866.jpg 1024w, https:\/\/fedemba.org.ar\/web\/wp-content\/uploads\/2024\/01\/LA-CAMARA-DE-DIPUTADOS-DE-LA-PROVINCIA-DE-BUENOS-AIRES-RECONOCIO-A-LA-MUTUAL-DECAM-POR-SU-TRABAJO-EN-EL-AREA-DE-DISCAPACIDAD-1-300x254.jpg 300w, https:\/\/fedemba.org.ar\/web\/wp-content\/uploads\/2024\/01\/LA-CAMARA-DE-DIPUTADOS-DE-LA-PROVINCIA-DE-BUENOS-AIRES-RECONOCIO-A-LA-MUTUAL-DECAM-POR-SU-TRABAJO-EN-EL-AREA-DE-DISCAPACIDAD-1-768x649.jpg 768w, https:\/\/fedemba.org.ar\/web\/wp-content\/uploads\/2024\/01\/LA-CAMARA-DE-DIPUTADOS-DE-LA-PROVINCIA-DE-BUENOS-AIRES-RECONOCIO-A-LA-MUTUAL-DECAM-POR-SU-TRABAJO-EN-EL-AREA-DE-DISCAPACIDAD-1.jpg 1080w\" sizes=\"(max-width: 1024px) 100vw, 1024px\" \/><\/a><\/figure>\n\n\n<div class=\"wp-block-image\">\n<figure class=\"aligncenter size-large\"><a href=\"http:\/\/fedemba.org.ar\/web\/wp-content\/uploads\/2024\/01\/LA-CAMARA-DE-DIPUTADOS-DE-LA-PROVINCIA-DE-BUENOS-AIRES-RECONOCIO-A-LA-MUTUAL-DECAM-POR-SU-TRABAJO-EN-EL-AREA-DE-DISCAPACIDAD-3.jpg\"><img decoding=\"async\" loading=\"lazy\" width=\"1024\" height=\"866\" src=\"http:\/\/fedemba.org.ar\/web\/wp-content\/uploads\/2024\/01\/LA-CAMARA-DE-DIPUTADOS-DE-LA-PROVINCIA-DE-BUENOS-AIRES-RECONOCIO-A-LA-MUTUAL-DECAM-POR-SU-TRABAJO-EN-EL-AREA-DE-DISCAPACIDAD-3-1024x866.jpg\" alt=\"\" class=\"wp-image-3013\" srcset=\"https:\/\/fedemba.org.ar\/web\/wp-content\/uploads\/2024\/01\/LA-CAMARA-DE-DIPUTADOS-DE-LA-PROVINCIA-DE-BUENOS-AIRES-RECONOCIO-A-LA-MUTUAL-DECAM-POR-SU-TRABAJO-EN-EL-AREA-DE-DISCAPACIDAD-3-1024x866.jpg 1024w, https:\/\/fedemba.org.ar\/web\/wp-content\/uploads\/2024\/01\/LA-CAMARA-DE-DIPUTADOS-DE-LA-PROVINCIA-DE-BUENOS-AIRES-RECONOCIO-A-LA-MUTUAL-DECAM-POR-SU-TRABAJO-EN-EL-AREA-DE-DISCAPACIDAD-3-300x254.jpg 300w, https:\/\/fedemba.org.ar\/web\/wp-content\/uploads\/2024\/01\/LA-CAMARA-DE-DIPUTADOS-DE-LA-PROVINCIA-DE-BUENOS-AIRES-RECONOCIO-A-LA-MUTUAL-DECAM-POR-SU-TRABAJO-EN-EL-AREA-DE-DISCAPACIDAD-3-768x649.jpg 768w, https:\/\/fedemba.org.ar\/web\/wp-content\/uploads\/2024\/01\/LA-CAMARA-DE-DIPUTADOS-DE-LA-PROVINCIA-DE-BUENOS-AIRES-RECONOCIO-A-LA-MUTUAL-DECAM-POR-SU-TRABAJO-EN-EL-AREA-DE-DISCAPACIDAD-3.jpg 1080w\" sizes=\"(max-width: 1024px) 100vw, 1024px\" \/><\/a><\/figure><\/div>\n\n\n<p class=\"has-medium-font-size\"><strong>\u00bfQui\u00e9nes pueden ser asociados de la mutual?<\/strong><\/p>\n\n\n\n<p>-Mayores de 18 a\u00f1os.<\/p>\n\n\n\n<p>-Artistas Marciales.<\/p>\n\n\n\n<p>-Deportistas en General.<\/p>\n\n\n\n<p>-Trabajadores independientes.<\/p>\n\n\n\n<p>-Trabajadores en relaci\u00f3n de dependencia.<\/p>\n\n\n\n<p class=\"has-medium-font-size\"><strong>\u00bfCu\u00e1l es la documentaci\u00f3n requerida?<\/strong><\/p>\n\n\n\n<p>-Para deportistas alguna documentaci\u00f3n que avale la actividad que realizan.<\/p>\n\n\n\n<p>-CBU.<\/p>\n\n\n\n<p>-Documento Nacional de identidad (DNI).<\/p>\n\n\n\n<p>-Para los socios participantes documentaci\u00f3n que avale relaci\u00f3n parental.<\/p>\n\n\n\n<p>Socios Participantes (familiar socio titular):<\/p>\n\n\n\n<p>-Padre.<\/p>\n\n\n\n<p>-Madre.<\/p>\n\n\n\n<p>-C\u00f3nyuge.<\/p>\n\n\n\n<p>-Hijas.<\/p>\n\n\n\n<p>-Hermanas solteras.<\/p>\n\n\n\n<p>-Hijos menores de 18 a\u00f1os.<\/p>\n\n\n\n<p>-Hijos incapacitados sin l\u00edmite de edad.<\/p>\n\n\n<div class=\"wp-block-image\">\n<figure class=\"aligncenter size-full\"><a href=\"https:\/\/fedemba.org.ar\/web\/wp-content\/uploads\/2024\/01\/347812510_213755951435366_2180875107825520201_n.png\"><img decoding=\"async\" loading=\"lazy\" width=\"483\" height=\"483\" src=\"https:\/\/fedemba.org.ar\/web\/wp-content\/uploads\/2024\/01\/347812510_213755951435366_2180875107825520201_n.png\" alt=\"\" class=\"wp-image-3015\" srcset=\"https:\/\/fedemba.org.ar\/web\/wp-content\/uploads\/2024\/01\/347812510_213755951435366_2180875107825520201_n.png 483w, https:\/\/fedemba.org.ar\/web\/wp-content\/uploads\/2024\/01\/347812510_213755951435366_2180875107825520201_n-300x300.png 300w, https:\/\/fedemba.org.ar\/web\/wp-content\/uploads\/2024\/01\/347812510_213755951435366_2180875107825520201_n-150x150.png 150w\" sizes=\"(max-width: 483px) 100vw, 483px\" \/><\/a><\/figure><\/div>","protected":false},"excerpt":{"rendered":"<p>La C\u00e1mara de Diputados de la provincia de Buenos Aires reconoci\u00f3 a la Asociaci\u00f3n Mutual de Deportes de Contacto, Artes Marciales y Afines de la Rep\u00fablica Argentina (DECAM), entidad adherida a FEDEMBA, por el trabajo en el \u00e1rea de discapacidad que viene llevando adelante la mutual, en una destacada ceremonia el pasado 15 de diciembre [&hellip;]<\/p>\n","protected":false},"author":1,"featured_media":3013,"comment_status":"closed","ping_status":"closed","sticky":false,"template":"","format":"standard","meta":[],"categories":[1],"tags":[544,241,300,12,6,68,10],"_links":{"self":[{"href":"https:\/\/fedemba.org.ar\/web\/wp-json\/wp\/v2\/posts\/3012"}],"collection":[{"href":"https:\/\/fedemba.org.ar\/web\/wp-json\/wp\/v2\/posts"}],"about":[{"href":"https:\/\/fedemba.org.ar\/web\/wp-json\/wp\/v2\/types\/post"}],"author":[{"embeddable":true,"href":"https:\/\/fedemba.org.ar\/web\/wp-json\/wp\/v2\/users\/1"}],"replies":[{"embeddable":true,"href":"https:\/\/fedemba.org.ar\/web\/wp-json\/wp\/v2\/comments?post=3012"}],"version-history":[{"count":1,"href":"https:\/\/fedemba.org.ar\/web\/wp-json\/wp\/v2\/posts\/3012\/revisions"}],"predecessor-version":[{"id":3016,"href":"https:\/\/fedemba.org.ar\/web\/wp-json\/wp\/v2\/posts\/3012\/revisions\/3016"}],"wp:featuredmedia":[{"embeddable":true,"href":"https:\/\/fedemba.org.ar\/web\/wp-json\/wp\/v2\/media\/3013"}],"wp:attachment":[{"href":"https:\/\/fedemba.org.ar\/web\/wp-json\/wp\/v2\/media?parent=3012"}],"wp:term":[{"taxonomy":"category","embeddable":true,"href":"https:\/\/fedemba.org.ar\/web\/wp-json\/wp\/v2\/categories?post=3012"},{"taxonomy":"post_tag","embeddable":true,"href":"https:\/\/fedemba.org.ar\/web\/wp-json\/wp\/v2\/tags?post=3012"}],"curies":[{"name":"wp","href":"https:\/\/api.w.org\/{rel}","templated":true}]}}