{"id":3056,"date":"2024-03-25T15:14:42","date_gmt":"2024-03-25T18:14:42","guid":{"rendered":"https:\/\/fedemba.org.ar\/web\/?p=3056"},"modified":"2024-03-26T16:28:42","modified_gmt":"2024-03-26T19:28:42","slug":"ampf-celebro-su-30o-aniversario-de-trabajo-solidez-y-compromiso-con-sus-asociados","status":"publish","type":"post","link":"https:\/\/fedemba.org.ar\/web\/ampf-celebro-su-30o-aniversario-de-trabajo-solidez-y-compromiso-con-sus-asociados\/","title":{"rendered":"<strong>AMPF CELEBR\u00d3 SU 30\u00ba ANIVERSARIO DE TRABAJO, SOLIDEZ Y COMPROMISO CON SUS ASOCIADOS<\/strong>"},"content":{"rendered":"\n<p><strong>La Asociaci\u00f3n Mutual de Protecci\u00f3n Familiar (AMPF), entidad adherida a FEDEMBA, celebr\u00f3 su 30\u00ba Aniversario de su fundaci\u00f3n<\/strong>, el pasado 24 de marzo. La mutual ha tenido un gran impacto en las comunidades donde se encuentra presente, a trav\u00e9s de sus diversos servicios y proyectos sociales, que han significado un aut\u00e9ntico aporte para la sociedad y para la vigencia de la econom\u00eda social y solidaria, principalmente en las poblaciones m\u00e1s vulnerables.<\/p>\n\n\n\n<p><strong>Con la presencia en todas las provincias del pa\u00eds, a trav\u00e9s de sus 60 delegaciones, <\/strong>AMPF ofrece una gran diversidad de servicios integrados, divididos en tres grandes ejes principales: Salud, Econ\u00f3micos y Sociales, sustentados en valores y principios solidarios que impactan positivamente en la calidad de vida de los asociados y sus familias.<\/p>\n\n\n\n<p><strong>El progreso sostenido de la entidad, con la participaci\u00f3n en el mutualismo argentino en entidades nacionales, como FEDEMBA y la Confederaci\u00f3n Nacional de Mutualidades de la Rep\u00fablica Argentina (CONAM), e internacionalmente a trav\u00e9s de la Organizaci\u00f3n de Entidades Mutuales de las Am\u00e9ricas (ODEMA) y la Uni\u00f3n Mundial de la Mutualidad (UMM), ha alcanzado niveles superlativos, logrando un fuerte posicionamiento en los principales foros internacionales&nbsp; de la econom\u00eda social y solidaria del mundo, y en el \u00e1mbito de actuaci\u00f3n y participaci\u00f3n en organismos internacionales vinculantes al sector mutualista.<\/strong><\/p>\n\n\n\n<p>En este trascendental aniversario, <strong>desde FEDEMBA les deseamos los mejores augurios y un pr\u00f3spero futuro para todos los trabajadores y directivos de la mutual.<\/strong><\/p>\n\n\n\n<p class=\"has-medium-font-size\"><strong>\u00a1FELIZ ANIVERSARIO!<\/strong><\/p>\n\n\n<div class=\"wp-block-image\">\n<figure class=\"aligncenter size-full\"><a href=\"https:\/\/fedemba.org.ar\/web\/wp-content\/uploads\/2024\/03\/image003-2.jpg\"><img decoding=\"async\" loading=\"lazy\" width=\"291\" height=\"78\" src=\"https:\/\/fedemba.org.ar\/web\/wp-content\/uploads\/2024\/03\/image003-2.jpg\" alt=\"\" class=\"wp-image-3078\"\/><\/a><\/figure><\/div>\n\n<div class=\"wp-block-image\">\n<figure class=\"aligncenter size-large\"><a href=\"https:\/\/fedemba.org.ar\/web\/wp-content\/uploads\/2024\/03\/01-1.jpg\"><img decoding=\"async\" loading=\"lazy\" width=\"1024\" height=\"1024\" src=\"https:\/\/fedemba.org.ar\/web\/wp-content\/uploads\/2024\/03\/01-1-1024x1024.jpg\" alt=\"\" class=\"wp-image-3076\" srcset=\"https:\/\/fedemba.org.ar\/web\/wp-content\/uploads\/2024\/03\/01-1-1024x1024.jpg 1024w, https:\/\/fedemba.org.ar\/web\/wp-content\/uploads\/2024\/03\/01-1-300x300.jpg 300w, https:\/\/fedemba.org.ar\/web\/wp-content\/uploads\/2024\/03\/01-1-150x150.jpg 150w, https:\/\/fedemba.org.ar\/web\/wp-content\/uploads\/2024\/03\/01-1-768x768.jpg 768w, https:\/\/fedemba.org.ar\/web\/wp-content\/uploads\/2024\/03\/01-1-1536x1536.jpg 1536w, https:\/\/fedemba.org.ar\/web\/wp-content\/uploads\/2024\/03\/01-1.jpg 1600w\" sizes=\"(max-width: 1024px) 100vw, 1024px\" \/><\/a><\/figure><\/div>","protected":false},"excerpt":{"rendered":"<p>La Asociaci\u00f3n Mutual de Protecci\u00f3n Familiar (AMPF), entidad adherida a FEDEMBA, celebr\u00f3 su 30\u00ba Aniversario de su fundaci\u00f3n, el pasado 24 de marzo. La mutual ha tenido un gran impacto en las comunidades donde se encuentra presente, a trav\u00e9s de sus diversos servicios y proyectos sociales, que han significado un aut\u00e9ntico aporte para la sociedad [&hellip;]<\/p>\n","protected":false},"author":1,"featured_media":3058,"comment_status":"closed","ping_status":"closed","sticky":false,"template":"","format":"standard","meta":[],"categories":[1],"tags":[56,300,12,6,10],"_links":{"self":[{"href":"https:\/\/fedemba.org.ar\/web\/wp-json\/wp\/v2\/posts\/3056"}],"collection":[{"href":"https:\/\/fedemba.org.ar\/web\/wp-json\/wp\/v2\/posts"}],"about":[{"href":"https:\/\/fedemba.org.ar\/web\/wp-json\/wp\/v2\/types\/post"}],"author":[{"embeddable":true,"href":"https:\/\/fedemba.org.ar\/web\/wp-json\/wp\/v2\/users\/1"}],"replies":[{"embeddable":true,"href":"https:\/\/fedemba.org.ar\/web\/wp-json\/wp\/v2\/comments?post=3056"}],"version-history":[{"count":4,"href":"https:\/\/fedemba.org.ar\/web\/wp-json\/wp\/v2\/posts\/3056\/revisions"}],"predecessor-version":[{"id":3079,"href":"https:\/\/fedemba.org.ar\/web\/wp-json\/wp\/v2\/posts\/3056\/revisions\/3079"}],"wp:featuredmedia":[{"embeddable":true,"href":"https:\/\/fedemba.org.ar\/web\/wp-json\/wp\/v2\/media\/3058"}],"wp:attachment":[{"href":"https:\/\/fedemba.org.ar\/web\/wp-json\/wp\/v2\/media?parent=3056"}],"wp:term":[{"taxonomy":"category","embeddable":true,"href":"https:\/\/fedemba.org.ar\/web\/wp-json\/wp\/v2\/categories?post=3056"},{"taxonomy":"post_tag","embeddable":true,"href":"https:\/\/fedemba.org.ar\/web\/wp-json\/wp\/v2\/tags?post=3056"}],"curies":[{"name":"wp","href":"https:\/\/api.w.org\/{rel}","templated":true}]}}