{"id":3147,"date":"2024-07-12T12:13:11","date_gmt":"2024-07-12T15:13:11","guid":{"rendered":"https:\/\/fedemba.org.ar\/web\/?p=3147"},"modified":"2024-07-12T12:13:11","modified_gmt":"2024-07-12T15:13:11","slug":"fedemba-presente-en-el-52o-aniversario-de-la-mutual-focomej","status":"publish","type":"post","link":"https:\/\/fedemba.org.ar\/web\/fedemba-presente-en-el-52o-aniversario-de-la-mutual-focomej\/","title":{"rendered":"FEDEMBA PRESENTE EN EL 52\u00ba ANIVERSARIO DE LA MUTUAL FOCOMEJ"},"content":{"rendered":"\n<p>La Federaci\u00f3n de Entidades Mutuales de Buenos Aires <strong>(FEDEMBA) estuvo presente en el 52\u00ba Aniversario de la Mutualidad Fondo Compensador Personal Civil del Ej\u00e9rcito (FOCOMEJ)<\/strong>, el pasado 1\u00ba de julio, <strong>en el Loft Argentino Apart Hotel Buenos Aires<\/strong>, en un remarcable encuentro que cont\u00f3 con una gran cantidad de mujeres y hombres de diversas entidades vinculadas a la Econom\u00eda Social y Solidaria, autoridades del ej\u00e9rcito argentino y de la gendarmer\u00eda nacional.<\/p>\n\n\n\n<p>Ante un auditorio repleto,<strong> el Presidente de FOCOMEJ, Francisco Amato, junto al Vicepresidente, Alberto Lupo, y dem\u00e1s integrantes de su Consejo Directivo, dio la bienvenida a todos los presentes y expres\u00f3: \u201cHoy podemos decir sin lugar a dudas que podr\u00e1n soplar vientos fuertes, pero nuestra amada entidad se encuentra bien plantada en el mundo mutual. Hemos mantenido en alto los ideales que nos legaron aquellos hombres y mujeres que, hace m\u00e1s de medio siglo, decidieron creer y crear una entidad que prevalezca en el tiempo. Podemos decir finalmente y con orgullo que hasta aqu\u00ed, la misi\u00f3n est\u00e1 cumplida y con creces. Gracias a todos ustedes por compartir este momento junto con nosotros, lo valoramos y agradecemos sinceramente. Por favor, sientan a esta como su casa\u201d.<\/strong><\/p>\n\n\n\n<p>En representaci\u00f3n de FEDEMBA estuvieron su Presidente, <strong>Hugo H. Bozzini; y<\/strong> la Secretaria de Promoci\u00f3n y Relaciones Institucionales, <strong>Rosa B. Rodr\u00edguez; quienes le hicieron entrega de un reconocimiento a la entidad en homenaje por su Aniversario<\/strong>, dese\u00e1ndoles un ferviente y pr\u00f3spero futuro para la mutual y todo el personal civil del ej\u00e9rcito.<\/p>\n\n\n\n<figure class=\"wp-block-image size-large\"><a href=\"https:\/\/fedemba.org.ar\/web\/wp-content\/uploads\/2024\/07\/CONAM-PARTICIPO-DEL-52o-ANIVERSARIO-DE-LA-MUTUAL-FOCOMEJ-EN-UN-EVENTO-MEMORABLE-16.jpeg\"><img decoding=\"async\" loading=\"lazy\" width=\"768\" height=\"1024\" src=\"https:\/\/fedemba.org.ar\/web\/wp-content\/uploads\/2024\/07\/CONAM-PARTICIPO-DEL-52o-ANIVERSARIO-DE-LA-MUTUAL-FOCOMEJ-EN-UN-EVENTO-MEMORABLE-16-768x1024.jpeg\" alt=\"\" class=\"wp-image-3150\" srcset=\"https:\/\/fedemba.org.ar\/web\/wp-content\/uploads\/2024\/07\/CONAM-PARTICIPO-DEL-52o-ANIVERSARIO-DE-LA-MUTUAL-FOCOMEJ-EN-UN-EVENTO-MEMORABLE-16-768x1024.jpeg 768w, https:\/\/fedemba.org.ar\/web\/wp-content\/uploads\/2024\/07\/CONAM-PARTICIPO-DEL-52o-ANIVERSARIO-DE-LA-MUTUAL-FOCOMEJ-EN-UN-EVENTO-MEMORABLE-16-225x300.jpeg 225w, https:\/\/fedemba.org.ar\/web\/wp-content\/uploads\/2024\/07\/CONAM-PARTICIPO-DEL-52o-ANIVERSARIO-DE-LA-MUTUAL-FOCOMEJ-EN-UN-EVENTO-MEMORABLE-16-1152x1536.jpeg 1152w, https:\/\/fedemba.org.ar\/web\/wp-content\/uploads\/2024\/07\/CONAM-PARTICIPO-DEL-52o-ANIVERSARIO-DE-LA-MUTUAL-FOCOMEJ-EN-UN-EVENTO-MEMORABLE-16.jpeg 1200w\" sizes=\"(max-width: 768px) 100vw, 768px\" \/><\/a><\/figure>\n\n\n<div class=\"wp-block-image\">\n<figure class=\"aligncenter size-large\"><a href=\"https:\/\/fedemba.org.ar\/web\/wp-content\/uploads\/2024\/07\/CONAM-PARTICIPO-DEL-52o-ANIVERSARIO-DE-LA-MUTUAL-FOCOMEJ-EN-UN-EVENTO-MEMORABLE-5.jpeg\"><img decoding=\"async\" loading=\"lazy\" width=\"1024\" height=\"768\" src=\"https:\/\/fedemba.org.ar\/web\/wp-content\/uploads\/2024\/07\/CONAM-PARTICIPO-DEL-52o-ANIVERSARIO-DE-LA-MUTUAL-FOCOMEJ-EN-UN-EVENTO-MEMORABLE-5-1024x768.jpeg\" alt=\"\" class=\"wp-image-3151\" srcset=\"https:\/\/fedemba.org.ar\/web\/wp-content\/uploads\/2024\/07\/CONAM-PARTICIPO-DEL-52o-ANIVERSARIO-DE-LA-MUTUAL-FOCOMEJ-EN-UN-EVENTO-MEMORABLE-5-1024x768.jpeg 1024w, https:\/\/fedemba.org.ar\/web\/wp-content\/uploads\/2024\/07\/CONAM-PARTICIPO-DEL-52o-ANIVERSARIO-DE-LA-MUTUAL-FOCOMEJ-EN-UN-EVENTO-MEMORABLE-5-300x225.jpeg 300w, https:\/\/fedemba.org.ar\/web\/wp-content\/uploads\/2024\/07\/CONAM-PARTICIPO-DEL-52o-ANIVERSARIO-DE-LA-MUTUAL-FOCOMEJ-EN-UN-EVENTO-MEMORABLE-5-768x576.jpeg 768w, https:\/\/fedemba.org.ar\/web\/wp-content\/uploads\/2024\/07\/CONAM-PARTICIPO-DEL-52o-ANIVERSARIO-DE-LA-MUTUAL-FOCOMEJ-EN-UN-EVENTO-MEMORABLE-5-1536x1152.jpeg 1536w, https:\/\/fedemba.org.ar\/web\/wp-content\/uploads\/2024\/07\/CONAM-PARTICIPO-DEL-52o-ANIVERSARIO-DE-LA-MUTUAL-FOCOMEJ-EN-UN-EVENTO-MEMORABLE-5.jpeg 1600w\" sizes=\"(max-width: 1024px) 100vw, 1024px\" \/><\/a><\/figure><\/div>\n\n\n<p><strong>El detalle de color fue el acompa\u00f1amiento de integrantes de la Guardia de Honor de los Infernales de G\u00fcemes del Regimiento 5to de Caballer\u00eda de Salta<\/strong>, quienes tambi\u00e9n participaron a posterior del majestuoso desfile militar por la conmemoraci\u00f3n del 9 Julio, honrando la Asamblea con tan destacadas presencias.<\/p>\n\n\n\n<p>El encuentro tambi\u00e9n fue una oportunidad para expresar un profundo agradecimiento a todos los integrantes de la mutual, cuyo compromiso y dedicaci\u00f3n han sido fundamentales para el crecimiento y \u00e9xito de la organizaci\u00f3n, y a todos aquellos que han confiado en el trabajo y la misi\u00f3n de <strong>FOCOME<\/strong>J, contribuyendo as\u00ed a su desarrollo y consolidaci\u00f3n en el mutualismo y dentro de la Econom\u00eda Social y Solidaria en general.<\/p>\n\n\n\n<p><strong>Desde FEDEMBA enviamos nuestros mejores reconocimientos y felicitaciones por los 52 a\u00f1os de esta hist\u00f3rica entidad mutual.<\/strong><\/p>\n\n\n<div class=\"wp-block-image\">\n<figure class=\"aligncenter size-large\"><a href=\"http:\/\/fedemba.org.ar\/web\/wp-content\/uploads\/2024\/07\/CONAM-PARTICIPO-DEL-52o-ANIVERSARIO-DE-LA-MUTUAL-FOCOMEJ-EN-UN-EVENTO-MEMORABLE-12.jpeg\"><img decoding=\"async\" loading=\"lazy\" width=\"768\" height=\"1024\" src=\"http:\/\/fedemba.org.ar\/web\/wp-content\/uploads\/2024\/07\/CONAM-PARTICIPO-DEL-52o-ANIVERSARIO-DE-LA-MUTUAL-FOCOMEJ-EN-UN-EVENTO-MEMORABLE-12-768x1024.jpeg\" alt=\"\" class=\"wp-image-3148\" srcset=\"https:\/\/fedemba.org.ar\/web\/wp-content\/uploads\/2024\/07\/CONAM-PARTICIPO-DEL-52o-ANIVERSARIO-DE-LA-MUTUAL-FOCOMEJ-EN-UN-EVENTO-MEMORABLE-12-768x1024.jpeg 768w, https:\/\/fedemba.org.ar\/web\/wp-content\/uploads\/2024\/07\/CONAM-PARTICIPO-DEL-52o-ANIVERSARIO-DE-LA-MUTUAL-FOCOMEJ-EN-UN-EVENTO-MEMORABLE-12-225x300.jpeg 225w, https:\/\/fedemba.org.ar\/web\/wp-content\/uploads\/2024\/07\/CONAM-PARTICIPO-DEL-52o-ANIVERSARIO-DE-LA-MUTUAL-FOCOMEJ-EN-UN-EVENTO-MEMORABLE-12-1152x1536.jpeg 1152w, https:\/\/fedemba.org.ar\/web\/wp-content\/uploads\/2024\/07\/CONAM-PARTICIPO-DEL-52o-ANIVERSARIO-DE-LA-MUTUAL-FOCOMEJ-EN-UN-EVENTO-MEMORABLE-12.jpeg 1200w\" sizes=\"(max-width: 768px) 100vw, 768px\" \/><\/a><\/figure><\/div>\n\n\n<figure class=\"wp-block-image size-large\"><a href=\"https:\/\/fedemba.org.ar\/web\/wp-content\/uploads\/2024\/07\/CONAM-PARTICIPO-DEL-52o-ANIVERSARIO-DE-LA-MUTUAL-FOCOMEJ-EN-UN-EVENTO-MEMORABLE-14.jpeg\"><img decoding=\"async\" loading=\"lazy\" width=\"768\" height=\"1024\" src=\"https:\/\/fedemba.org.ar\/web\/wp-content\/uploads\/2024\/07\/CONAM-PARTICIPO-DEL-52o-ANIVERSARIO-DE-LA-MUTUAL-FOCOMEJ-EN-UN-EVENTO-MEMORABLE-14-768x1024.jpeg\" alt=\"\" class=\"wp-image-3149\" srcset=\"https:\/\/fedemba.org.ar\/web\/wp-content\/uploads\/2024\/07\/CONAM-PARTICIPO-DEL-52o-ANIVERSARIO-DE-LA-MUTUAL-FOCOMEJ-EN-UN-EVENTO-MEMORABLE-14-768x1024.jpeg 768w, https:\/\/fedemba.org.ar\/web\/wp-content\/uploads\/2024\/07\/CONAM-PARTICIPO-DEL-52o-ANIVERSARIO-DE-LA-MUTUAL-FOCOMEJ-EN-UN-EVENTO-MEMORABLE-14-225x300.jpeg 225w, https:\/\/fedemba.org.ar\/web\/wp-content\/uploads\/2024\/07\/CONAM-PARTICIPO-DEL-52o-ANIVERSARIO-DE-LA-MUTUAL-FOCOMEJ-EN-UN-EVENTO-MEMORABLE-14-1152x1536.jpeg 1152w, https:\/\/fedemba.org.ar\/web\/wp-content\/uploads\/2024\/07\/CONAM-PARTICIPO-DEL-52o-ANIVERSARIO-DE-LA-MUTUAL-FOCOMEJ-EN-UN-EVENTO-MEMORABLE-14.jpeg 1200w\" sizes=\"(max-width: 768px) 100vw, 768px\" \/><\/a><\/figure>\n","protected":false},"excerpt":{"rendered":"<p>La Federaci\u00f3n de Entidades Mutuales de Buenos Aires (FEDEMBA) estuvo presente en el 52\u00ba Aniversario de la Mutualidad Fondo Compensador Personal Civil del Ej\u00e9rcito (FOCOMEJ), el pasado 1\u00ba de julio, en el Loft Argentino Apart Hotel Buenos Aires, en un remarcable encuentro que cont\u00f3 con una gran cantidad de mujeres y hombres de diversas entidades [&hellip;]<\/p>\n","protected":false},"author":1,"featured_media":3152,"comment_status":"closed","ping_status":"closed","sticky":false,"template":"","format":"standard","meta":[],"categories":[1],"tags":[534,300,12,6,414,572,573,17,10],"_links":{"self":[{"href":"https:\/\/fedemba.org.ar\/web\/wp-json\/wp\/v2\/posts\/3147"}],"collection":[{"href":"https:\/\/fedemba.org.ar\/web\/wp-json\/wp\/v2\/posts"}],"about":[{"href":"https:\/\/fedemba.org.ar\/web\/wp-json\/wp\/v2\/types\/post"}],"author":[{"embeddable":true,"href":"https:\/\/fedemba.org.ar\/web\/wp-json\/wp\/v2\/users\/1"}],"replies":[{"embeddable":true,"href":"https:\/\/fedemba.org.ar\/web\/wp-json\/wp\/v2\/comments?post=3147"}],"version-history":[{"count":1,"href":"https:\/\/fedemba.org.ar\/web\/wp-json\/wp\/v2\/posts\/3147\/revisions"}],"predecessor-version":[{"id":3153,"href":"https:\/\/fedemba.org.ar\/web\/wp-json\/wp\/v2\/posts\/3147\/revisions\/3153"}],"wp:featuredmedia":[{"embeddable":true,"href":"https:\/\/fedemba.org.ar\/web\/wp-json\/wp\/v2\/media\/3152"}],"wp:attachment":[{"href":"https:\/\/fedemba.org.ar\/web\/wp-json\/wp\/v2\/media?parent=3147"}],"wp:term":[{"taxonomy":"category","embeddable":true,"href":"https:\/\/fedemba.org.ar\/web\/wp-json\/wp\/v2\/categories?post=3147"},{"taxonomy":"post_tag","embeddable":true,"href":"https:\/\/fedemba.org.ar\/web\/wp-json\/wp\/v2\/tags?post=3147"}],"curies":[{"name":"wp","href":"https:\/\/api.w.org\/{rel}","templated":true}]}}