{"id":3238,"date":"2025-01-29T14:40:15","date_gmt":"2025-01-29T17:40:15","guid":{"rendered":"https:\/\/fedemba.org.ar\/web\/?p=3238"},"modified":"2025-01-29T14:40:15","modified_gmt":"2025-01-29T17:40:15","slug":"la-mutual-decam-lanza-un-programa-de-radio-y-streaming-solidario-en-fm-88-1-para-visibilizar-a-las-personas-con-discapacidad","status":"publish","type":"post","link":"https:\/\/fedemba.org.ar\/web\/la-mutual-decam-lanza-un-programa-de-radio-y-streaming-solidario-en-fm-88-1-para-visibilizar-a-las-personas-con-discapacidad\/","title":{"rendered":"<strong>LA MUTUAL DECAM LANZA UN PROGRAMA DE RADIO Y STREAMING SOLIDARIO EN FM 88.1 PARA VISIBILIZAR A LAS PERSONAS CON DISCAPACIDAD<\/strong>"},"content":{"rendered":"\n<p><strong>La Asociaci\u00f3n Mutual de Deportes de Contacto, Artes Marciales y Afines (DECAM), <\/strong>entidad adherida a FEDEMBA, <strong>se enorgullece en anunciar el inicio de un nuevo cap\u00edtulo en su compromiso con la comunidad: el lanzamiento del programa de radio y stream \u00abDECAM: Fomentando la Inclusi\u00f3n\u00bb por FM 88.1 los d\u00edas martes de 16:00 a 17:00 hs. o por <a href=\"https:\/\/es.streema.com\/radios\/FM_Autentica?aw_ca=18273522421&amp;aw_ag=&amp;aw_kw=&amp;aw_ad=&amp;aw_mt=&amp;aw_ne=x&amp;gad_source=1\">stream<\/a>. <\/strong>Este espacio, <strong>conducido por<\/strong> <strong>Adalberto Lizaur,<\/strong> <strong>Secretario de Discapacidad de la mutual<\/strong>, promete ser un punto de encuentro para abordar temas de actualidad, discapacidad, adultos mayores, deportes y mucho m\u00e1s.<\/p>\n\n\n\n<p class=\"has-medium-font-size\"><strong>Un espacio para la diversidad y la inclusi\u00f3n<\/strong><\/p>\n\n\n\n<p><strong>\u00abDECAM: Fomentando la Inclusi\u00f3n\u00bb nace con la vocaci\u00f3n de dar voz a diversas perspectivas y promover la inclusi\u00f3n de todos los grupos etarios y sociales.<\/strong> A trav\u00e9s de entrevistas, debates y an\u00e1lisis, el programa buscar\u00e1 generar conciencia sobre los desaf\u00edos que enfrentan las personas con discapacidad y los adultos mayores, as\u00ed como celebrar sus logros y contribuciones a la sociedad.<\/p>\n\n\n\n<p class=\"has-medium-font-size\"><strong>Temas de inter\u00e9s para toda la comunidad<\/strong><\/p>\n\n\n\n<p><strong>La propuesta de \u00abDECAM: Fomentando la Inclusi\u00f3n\u00bb abarca un amplio abanico de temas, desde la actualidad pol\u00edtica y social hasta el deporte y la cultura. <\/strong>El programa se propone como un espacio de di\u00e1logo abierto y plural, donde las voces de expertos y referentes de la comunidad se entrelazan para ofrecer una mirada profunda y enriquecedora sobre la realidad que nos rodea.<\/p>\n\n\n\n<p class=\"has-medium-font-size\"><strong>\u00bfCu\u00e1ndo y d\u00f3nde escuchar \u00abDECAM: Fomentando la Inclusi\u00f3n\u00bb?<\/strong><\/p>\n\n\n\n<p><strong>Miralos por stream, a trav\u00e9s del siguiente <a href=\"https:\/\/es.streema.com\/radios\/FM_Autentica?aw_ca=18273522421&amp;aw_ag=&amp;aw_kw=&amp;aw_ad=&amp;aw_mt=&amp;aw_ne=x&amp;gad_source=1\">enlace, <\/a>o sintoniz\u00e1 FM 88.1 todos los martes de 16:00 a 17:00 hs. para ser parte de esta nueva propuesta radial. \u00abDECAM: Fomentando la Inclusi\u00f3n\u00bb<\/strong>.<\/p>\n\n\n\n<p><strong>La mutual DECAM viene realizando un intenso trabajo en el \u00e1rea de discapacidad, <a href=\"https:\/\/fedemba.org.ar\/web\/la-camara-de-diputados-de-la-provincia-de-buenos-aires-reconocio-a-la-mutual-decam-por-su-trabajo-en-el-area-de-discapacidad\/\">esfuerzo que fue reconocido por la C\u00e1mara de Diputados de la Provincia de Buenos Aires<\/a>, para la construcci\u00f3n de una sociedad m\u00e1s justa e inclusiva con las diferentes personas que la integran.<\/strong><\/p>\n\n\n\n<p>Por otra parte, <strong>dentro de los m\u00faltiples servicios que brinda la mutual DECAM se encuentran: <\/strong>capacitaciones y seminarios online o presenciales, asesoramiento jur\u00eddico, turismo social, subsidios, descuentos en servicios profesionales y locales comerciales, como establecimientos gastron\u00f3micos, locales de indumentaria, farmacias, \u00f3pticas, entre otros; y una bolsa de trabajo donde se impulsa el crecimiento emprendedor de sus asociados.<\/p>\n\n\n<div class=\"wp-block-image\">\n<figure class=\"aligncenter size-large\"><a href=\"https:\/\/fedemba.org.ar\/web\/wp-content\/uploads\/2025\/01\/LA-MUTUAL-DECAM-LANZA-UN-PROGRAMA-DE-RADIO-Y-STREAMING-SOLIDARIO-EN-FM-88.1-PARA-VISIBILIZAR-A-LAS-PERSONAS-CON-DISCAPACIDAD.jpg\"><img decoding=\"async\" loading=\"lazy\" width=\"1024\" height=\"1024\" src=\"https:\/\/fedemba.org.ar\/web\/wp-content\/uploads\/2025\/01\/LA-MUTUAL-DECAM-LANZA-UN-PROGRAMA-DE-RADIO-Y-STREAMING-SOLIDARIO-EN-FM-88.1-PARA-VISIBILIZAR-A-LAS-PERSONAS-CON-DISCAPACIDAD-1024x1024.jpg\" alt=\"\" class=\"wp-image-3239\" srcset=\"https:\/\/fedemba.org.ar\/web\/wp-content\/uploads\/2025\/01\/LA-MUTUAL-DECAM-LANZA-UN-PROGRAMA-DE-RADIO-Y-STREAMING-SOLIDARIO-EN-FM-88.1-PARA-VISIBILIZAR-A-LAS-PERSONAS-CON-DISCAPACIDAD-1024x1024.jpg 1024w, https:\/\/fedemba.org.ar\/web\/wp-content\/uploads\/2025\/01\/LA-MUTUAL-DECAM-LANZA-UN-PROGRAMA-DE-RADIO-Y-STREAMING-SOLIDARIO-EN-FM-88.1-PARA-VISIBILIZAR-A-LAS-PERSONAS-CON-DISCAPACIDAD-300x300.jpg 300w, https:\/\/fedemba.org.ar\/web\/wp-content\/uploads\/2025\/01\/LA-MUTUAL-DECAM-LANZA-UN-PROGRAMA-DE-RADIO-Y-STREAMING-SOLIDARIO-EN-FM-88.1-PARA-VISIBILIZAR-A-LAS-PERSONAS-CON-DISCAPACIDAD-150x150.jpg 150w, https:\/\/fedemba.org.ar\/web\/wp-content\/uploads\/2025\/01\/LA-MUTUAL-DECAM-LANZA-UN-PROGRAMA-DE-RADIO-Y-STREAMING-SOLIDARIO-EN-FM-88.1-PARA-VISIBILIZAR-A-LAS-PERSONAS-CON-DISCAPACIDAD-768x768.jpg 768w, https:\/\/fedemba.org.ar\/web\/wp-content\/uploads\/2025\/01\/LA-MUTUAL-DECAM-LANZA-UN-PROGRAMA-DE-RADIO-Y-STREAMING-SOLIDARIO-EN-FM-88.1-PARA-VISIBILIZAR-A-LAS-PERSONAS-CON-DISCAPACIDAD.jpg 1080w\" sizes=\"(max-width: 1024px) 100vw, 1024px\" \/><\/a><\/figure><\/div>","protected":false},"excerpt":{"rendered":"<p>La Asociaci\u00f3n Mutual de Deportes de Contacto, Artes Marciales y Afines (DECAM), entidad adherida a FEDEMBA, se enorgullece en anunciar el inicio de un nuevo cap\u00edtulo en su compromiso con la comunidad: el lanzamiento del programa de radio y stream \u00abDECAM: Fomentando la Inclusi\u00f3n\u00bb por FM 88.1 los d\u00edas martes de 16:00 a 17:00 hs. [&hellip;]<\/p>\n","protected":false},"author":1,"featured_media":3239,"comment_status":"closed","ping_status":"closed","sticky":false,"template":"","format":"standard","meta":[],"categories":[1],"tags":[586,300,12,6,585,68,10],"_links":{"self":[{"href":"https:\/\/fedemba.org.ar\/web\/wp-json\/wp\/v2\/posts\/3238"}],"collection":[{"href":"https:\/\/fedemba.org.ar\/web\/wp-json\/wp\/v2\/posts"}],"about":[{"href":"https:\/\/fedemba.org.ar\/web\/wp-json\/wp\/v2\/types\/post"}],"author":[{"embeddable":true,"href":"https:\/\/fedemba.org.ar\/web\/wp-json\/wp\/v2\/users\/1"}],"replies":[{"embeddable":true,"href":"https:\/\/fedemba.org.ar\/web\/wp-json\/wp\/v2\/comments?post=3238"}],"version-history":[{"count":1,"href":"https:\/\/fedemba.org.ar\/web\/wp-json\/wp\/v2\/posts\/3238\/revisions"}],"predecessor-version":[{"id":3240,"href":"https:\/\/fedemba.org.ar\/web\/wp-json\/wp\/v2\/posts\/3238\/revisions\/3240"}],"wp:featuredmedia":[{"embeddable":true,"href":"https:\/\/fedemba.org.ar\/web\/wp-json\/wp\/v2\/media\/3239"}],"wp:attachment":[{"href":"https:\/\/fedemba.org.ar\/web\/wp-json\/wp\/v2\/media?parent=3238"}],"wp:term":[{"taxonomy":"category","embeddable":true,"href":"https:\/\/fedemba.org.ar\/web\/wp-json\/wp\/v2\/categories?post=3238"},{"taxonomy":"post_tag","embeddable":true,"href":"https:\/\/fedemba.org.ar\/web\/wp-json\/wp\/v2\/tags?post=3238"}],"curies":[{"name":"wp","href":"https:\/\/api.w.org\/{rel}","templated":true}]}}