{"id":3288,"date":"2025-06-09T17:25:00","date_gmt":"2025-06-09T20:25:00","guid":{"rendered":"https:\/\/fedemba.org.ar\/web\/?p=3288"},"modified":"2025-06-09T17:30:44","modified_gmt":"2025-06-09T20:30:44","slug":"fedemba-acompano-a-la-centenaria-mutual-aeana-en-la-conmemoracion-del-dia-del-trabajador-aduanero","status":"publish","type":"post","link":"https:\/\/fedemba.org.ar\/web\/fedemba-acompano-a-la-centenaria-mutual-aeana-en-la-conmemoracion-del-dia-del-trabajador-aduanero\/","title":{"rendered":"FEDEMBA ACOMPA\u00d1\u00d3 A LA CENTENARIA MUTUAL AEANA EN LA CONMEMORACI\u00d3N DEL D\u00cdA DEL TRABAJADOR ADUANERO"},"content":{"rendered":"\n<p>La Federaci\u00f3n de Entidades Mutuales de Buenos Aires <strong>(FEDEMBA) acompa\u00f1\u00f3 a la centenaria Asociaci\u00f3n de Empleados de la Administraci\u00f3n Nacional de Aduanas de Ayuda Mutual y Previsi\u00f3n (AEANA) en la conmemoraci\u00f3n del D\u00eda del Trabajador Aduanero<\/strong>, realizada el pasado 5 de junio en su sede social. La celebraci\u00f3n consisti\u00f3 en una c\u00e1lida reuni\u00f3n donde se honr\u00f3 la dedicaci\u00f3n de los trabajadores de aduanas, fomentando a su vez un fuerte sentido de comunidad entre sus miembros.<\/p>\n\n\n\n<p>En un clima festivo y de grata camarader\u00eda, <strong>desde FEDEMBA participaron Hugo H. Bozzini<\/strong>, Presidente; <strong>Guillermo Palacios<\/strong>, Tesorero; y <strong>Alejandra Cavallieri<\/strong>, integrante del Consejo Consultivo. Asimismo, tambi\u00e9n estuvieron presentes autoridades de la Confederaci\u00f3n Nacional de Mutualidades de la Rep\u00fablica Argentina <strong>(CONAM)<\/strong>, del Sindicato \u00danico del Personal Aduanero de la Rep\u00fablica Argentina <strong>(SUPARA)<\/strong>, del Centro de Jubilados de la Aduana, de la Mutualidad Fondo Compensador Personal Civil del Ej\u00e9rcito <strong>(FOCOMEJ)<\/strong>, de Mutual Gas y de la Asociaci\u00f3n Mutual del Personal Superior de Empresas de Energ\u00eda <strong>(AMPSEE)<\/strong>.<\/p>\n\n\n\n<figure class=\"wp-block-image size-large\"><a href=\"https:\/\/fedemba.org.ar\/web\/wp-content\/uploads\/2025\/06\/FEDEMBA-ACOMPANO-A-LA-CENTENARIA-MUTUAL-AEANA-EN-LA-CONMEMORACION-DEL-DIA-DEL-TRABAJADOR-ADUANERO-6.jpeg\"><img decoding=\"async\" loading=\"lazy\" width=\"768\" height=\"1024\" src=\"https:\/\/fedemba.org.ar\/web\/wp-content\/uploads\/2025\/06\/FEDEMBA-ACOMPANO-A-LA-CENTENARIA-MUTUAL-AEANA-EN-LA-CONMEMORACION-DEL-DIA-DEL-TRABAJADOR-ADUANERO-6-768x1024.jpeg\" alt=\"\" class=\"wp-image-3294\" srcset=\"https:\/\/fedemba.org.ar\/web\/wp-content\/uploads\/2025\/06\/FEDEMBA-ACOMPANO-A-LA-CENTENARIA-MUTUAL-AEANA-EN-LA-CONMEMORACION-DEL-DIA-DEL-TRABAJADOR-ADUANERO-6-768x1024.jpeg 768w, https:\/\/fedemba.org.ar\/web\/wp-content\/uploads\/2025\/06\/FEDEMBA-ACOMPANO-A-LA-CENTENARIA-MUTUAL-AEANA-EN-LA-CONMEMORACION-DEL-DIA-DEL-TRABAJADOR-ADUANERO-6-225x300.jpeg 225w, https:\/\/fedemba.org.ar\/web\/wp-content\/uploads\/2025\/06\/FEDEMBA-ACOMPANO-A-LA-CENTENARIA-MUTUAL-AEANA-EN-LA-CONMEMORACION-DEL-DIA-DEL-TRABAJADOR-ADUANERO-6-1152x1536.jpeg 1152w, https:\/\/fedemba.org.ar\/web\/wp-content\/uploads\/2025\/06\/FEDEMBA-ACOMPANO-A-LA-CENTENARIA-MUTUAL-AEANA-EN-LA-CONMEMORACION-DEL-DIA-DEL-TRABAJADOR-ADUANERO-6.jpeg 1200w\" sizes=\"(max-width: 768px) 100vw, 768px\" \/><\/a><\/figure>\n\n\n<div class=\"wp-block-image\">\n<figure class=\"aligncenter size-large\"><a href=\"https:\/\/fedemba.org.ar\/web\/wp-content\/uploads\/2025\/06\/FEDEMBA-ACOMPANO-A-LA-CENTENARIA-MUTUAL-AEANA-EN-LA-CONMEMORACION-DEL-DIA-DEL-TRABAJADOR-ADUANERO-1.jpg\"><img decoding=\"async\" loading=\"lazy\" width=\"1024\" height=\"819\" src=\"https:\/\/fedemba.org.ar\/web\/wp-content\/uploads\/2025\/06\/FEDEMBA-ACOMPANO-A-LA-CENTENARIA-MUTUAL-AEANA-EN-LA-CONMEMORACION-DEL-DIA-DEL-TRABAJADOR-ADUANERO-1-1024x819.jpg\" alt=\"\" class=\"wp-image-3293\" srcset=\"https:\/\/fedemba.org.ar\/web\/wp-content\/uploads\/2025\/06\/FEDEMBA-ACOMPANO-A-LA-CENTENARIA-MUTUAL-AEANA-EN-LA-CONMEMORACION-DEL-DIA-DEL-TRABAJADOR-ADUANERO-1-1024x819.jpg 1024w, https:\/\/fedemba.org.ar\/web\/wp-content\/uploads\/2025\/06\/FEDEMBA-ACOMPANO-A-LA-CENTENARIA-MUTUAL-AEANA-EN-LA-CONMEMORACION-DEL-DIA-DEL-TRABAJADOR-ADUANERO-1-300x240.jpg 300w, https:\/\/fedemba.org.ar\/web\/wp-content\/uploads\/2025\/06\/FEDEMBA-ACOMPANO-A-LA-CENTENARIA-MUTUAL-AEANA-EN-LA-CONMEMORACION-DEL-DIA-DEL-TRABAJADOR-ADUANERO-1-768x614.jpg 768w, https:\/\/fedemba.org.ar\/web\/wp-content\/uploads\/2025\/06\/FEDEMBA-ACOMPANO-A-LA-CENTENARIA-MUTUAL-AEANA-EN-LA-CONMEMORACION-DEL-DIA-DEL-TRABAJADOR-ADUANERO-1.jpg 1080w\" sizes=\"(max-width: 1024px) 100vw, 1024px\" \/><\/a><figcaption class=\"wp-element-caption\">Dise\u00f1o sin t\u00edtulo &#8211; 1<\/figcaption><\/figure><\/div>\n\n\n<p><strong>El Presidente de AEANA, Guillermo Potenza, agradeci\u00f3 la presencia de todos y destac\u00f3 la enorme trayectoria de la entidad, <a href=\"https:\/\/www.conam.org.ar\/web\/2024\/12\/13\/mas-de-un-siglo-de-vida-llevando-la-solidaridad-a-la-aduana-argentina\/\">la cual cumpli\u00f3 101 a\u00f1os de existencia recientemente<\/a>.<\/strong> En su discurso, <strong>Potenza record\u00f3 con cari\u00f1o al fallecido Papa Francisco, a quien conocieron en el 2013, cuando era el Arzobispo y Cardenal Jorge Bergoglio, quien tuvo la amabilidad de recibir en la Catedral Metropolitana al Consejo Directivo de AEANA y a los ni\u00f1os de Los Colorados y Paganso de La Rioja. <\/strong>A la vez, Potenza agreg\u00f3 que a trav\u00e9s de la coordinaci\u00f3n de AEANA y la gesti\u00f3n del Padre Alberto, los ni\u00f1os de esas localidades humildes tuvieron la oportunidad de conocer la capital de su provincia y luego la capital Argentina.<\/p>\n\n\n\n<p>A continuaci\u00f3n,<strong> se vivieron dos momentos de mucha emotividad: el primero de ellos fue cuando se proyect\u00f3 un video de la Escuelita N\u00ba 292 de Mina B\u00e9lgica, La Quiaca, el primer colegio que apadrin\u00f3 la mutual, el cual ahora tiene de nombre: \u2018\u2018Aduana Argentina\u2019<\/strong>\u2019.<\/p>\n\n\n\n<figure class=\"wp-block-video aligncenter\"><video controls src=\"https:\/\/fedemba.org.ar\/web\/wp-content\/uploads\/2025\/06\/WhatsApp-Video-2025-06-09-at-12.35.39-1.mp4\"><\/video><\/figure>\n\n\n\n<p>Por otro lado, <strong>el segundo fue cuando Teresa Quintela, integrante del Consejo Directivo de AEANA, le hizo entrega a Rosa Garc\u00eda, Vicepresidente de la mutual, de un cuadro de la Aduana de La Quiaca enviado especialmente por Rub\u00e9n Burgos, aduanero y ex-combatiente de Malvinas<\/strong>, en forma de agradecimiento por el reconocimiento que semanas atr\u00e1s se le realiz\u00f3 en esa sede de la aduana.<\/p>\n\n\n<div class=\"wp-block-image\">\n<figure class=\"aligncenter size-large\"><a href=\"https:\/\/fedemba.org.ar\/web\/wp-content\/uploads\/2025\/06\/FEDEMBA-ACOMPANO-A-LA-CENTENARIA-MUTUAL-AEANA-EN-LA-CONMEMORACION-DEL-DIA-DEL-TRABAJADOR-ADUANERO-7.jpg\"><img decoding=\"async\" loading=\"lazy\" width=\"1024\" height=\"1024\" src=\"https:\/\/fedemba.org.ar\/web\/wp-content\/uploads\/2025\/06\/FEDEMBA-ACOMPANO-A-LA-CENTENARIA-MUTUAL-AEANA-EN-LA-CONMEMORACION-DEL-DIA-DEL-TRABAJADOR-ADUANERO-7-1024x1024.jpg\" alt=\"\" class=\"wp-image-3292\" srcset=\"https:\/\/fedemba.org.ar\/web\/wp-content\/uploads\/2025\/06\/FEDEMBA-ACOMPANO-A-LA-CENTENARIA-MUTUAL-AEANA-EN-LA-CONMEMORACION-DEL-DIA-DEL-TRABAJADOR-ADUANERO-7-1024x1024.jpg 1024w, https:\/\/fedemba.org.ar\/web\/wp-content\/uploads\/2025\/06\/FEDEMBA-ACOMPANO-A-LA-CENTENARIA-MUTUAL-AEANA-EN-LA-CONMEMORACION-DEL-DIA-DEL-TRABAJADOR-ADUANERO-7-300x300.jpg 300w, https:\/\/fedemba.org.ar\/web\/wp-content\/uploads\/2025\/06\/FEDEMBA-ACOMPANO-A-LA-CENTENARIA-MUTUAL-AEANA-EN-LA-CONMEMORACION-DEL-DIA-DEL-TRABAJADOR-ADUANERO-7-150x150.jpg 150w, https:\/\/fedemba.org.ar\/web\/wp-content\/uploads\/2025\/06\/FEDEMBA-ACOMPANO-A-LA-CENTENARIA-MUTUAL-AEANA-EN-LA-CONMEMORACION-DEL-DIA-DEL-TRABAJADOR-ADUANERO-7-768x768.jpg 768w, https:\/\/fedemba.org.ar\/web\/wp-content\/uploads\/2025\/06\/FEDEMBA-ACOMPANO-A-LA-CENTENARIA-MUTUAL-AEANA-EN-LA-CONMEMORACION-DEL-DIA-DEL-TRABAJADOR-ADUANERO-7.jpg 1080w\" sizes=\"(max-width: 1024px) 100vw, 1024px\" \/><\/a><\/figure><\/div>\n\n\n<p>Hacia el final de la conmemoraci\u00f3n, se realizaron los ya tradicionales sorteos de la entidad para sus asociados y se llev\u00f3 a cabo un brindis, deseando lo mejor para el futuro de toda la comunidad aduanera, reconociendo como todos los a\u00f1os la historia de la Aduana Argentina y el apoyo mutuo entre AEANA y los trabajadores aduaneros.<\/p>\n\n\n<div class=\"wp-block-image\">\n<figure class=\"aligncenter size-large\"><a href=\"https:\/\/fedemba.org.ar\/web\/wp-content\/uploads\/2025\/06\/FEDEMBA-ACOMPANO-A-LA-CENTENARIA-MUTUAL-AEANA-EN-LA-CONMEMORACION-DEL-DIA-DEL-TRABAJADOR-ADUANERO-5.jpg\"><img decoding=\"async\" loading=\"lazy\" width=\"1024\" height=\"1024\" src=\"https:\/\/fedemba.org.ar\/web\/wp-content\/uploads\/2025\/06\/FEDEMBA-ACOMPANO-A-LA-CENTENARIA-MUTUAL-AEANA-EN-LA-CONMEMORACION-DEL-DIA-DEL-TRABAJADOR-ADUANERO-5-1024x1024.jpg\" alt=\"\" class=\"wp-image-3291\" srcset=\"https:\/\/fedemba.org.ar\/web\/wp-content\/uploads\/2025\/06\/FEDEMBA-ACOMPANO-A-LA-CENTENARIA-MUTUAL-AEANA-EN-LA-CONMEMORACION-DEL-DIA-DEL-TRABAJADOR-ADUANERO-5-1024x1024.jpg 1024w, https:\/\/fedemba.org.ar\/web\/wp-content\/uploads\/2025\/06\/FEDEMBA-ACOMPANO-A-LA-CENTENARIA-MUTUAL-AEANA-EN-LA-CONMEMORACION-DEL-DIA-DEL-TRABAJADOR-ADUANERO-5-300x300.jpg 300w, https:\/\/fedemba.org.ar\/web\/wp-content\/uploads\/2025\/06\/FEDEMBA-ACOMPANO-A-LA-CENTENARIA-MUTUAL-AEANA-EN-LA-CONMEMORACION-DEL-DIA-DEL-TRABAJADOR-ADUANERO-5-150x150.jpg 150w, https:\/\/fedemba.org.ar\/web\/wp-content\/uploads\/2025\/06\/FEDEMBA-ACOMPANO-A-LA-CENTENARIA-MUTUAL-AEANA-EN-LA-CONMEMORACION-DEL-DIA-DEL-TRABAJADOR-ADUANERO-5-768x768.jpg 768w, https:\/\/fedemba.org.ar\/web\/wp-content\/uploads\/2025\/06\/FEDEMBA-ACOMPANO-A-LA-CENTENARIA-MUTUAL-AEANA-EN-LA-CONMEMORACION-DEL-DIA-DEL-TRABAJADOR-ADUANERO-5.jpg 1080w\" sizes=\"(max-width: 1024px) 100vw, 1024px\" \/><\/a><\/figure><\/div>\n\n\n<p><strong>La Aduana Argentina es una de las instituciones m\u00e1s antiguas de nuestro pa\u00eds.<\/strong> Su comienzo se remonta a los tiempos de la conquista y colonizaci\u00f3n por parte de Espa\u00f1a.<strong> El primer registro oficial que se conserva de una operaci\u00f3n data del 1\u00b0 de junio de 1586<\/strong> y corresponde al ingreso de mercader\u00edas introducidas por la nave Nuestra Se\u00f1ora del Rosario, procedente de Santos (Brasil), propiedad de Don Alfonso Vera. De este modo, de acuerdo al registro de la primera operaci\u00f3n realizada, <strong>desde el a\u00f1o 1997 el d\u00eda 1\u00b0 de junio fue instaurado como \u201cD\u00eda de la Aduana\u201d<\/strong>, mediante Resoluci\u00f3n Nro. 792\/62.<\/p>\n\n\n\n<p><\/p>\n\n\n<div class=\"wp-block-image\">\n<figure class=\"aligncenter size-large\"><a href=\"https:\/\/fedemba.org.ar\/web\/wp-content\/uploads\/2025\/06\/FEDEMBA-ACOMPANO-A-LA-CENTENARIA-MUTUAL-AEANA-EN-LA-CONMEMORACION-DEL-DIA-DEL-TRABAJADOR-ADUANERO-6.jpg\"><img decoding=\"async\" loading=\"lazy\" width=\"1024\" height=\"1024\" src=\"https:\/\/fedemba.org.ar\/web\/wp-content\/uploads\/2025\/06\/FEDEMBA-ACOMPANO-A-LA-CENTENARIA-MUTUAL-AEANA-EN-LA-CONMEMORACION-DEL-DIA-DEL-TRABAJADOR-ADUANERO-6-1024x1024.jpg\" alt=\"\" class=\"wp-image-3289\" srcset=\"https:\/\/fedemba.org.ar\/web\/wp-content\/uploads\/2025\/06\/FEDEMBA-ACOMPANO-A-LA-CENTENARIA-MUTUAL-AEANA-EN-LA-CONMEMORACION-DEL-DIA-DEL-TRABAJADOR-ADUANERO-6-1024x1024.jpg 1024w, https:\/\/fedemba.org.ar\/web\/wp-content\/uploads\/2025\/06\/FEDEMBA-ACOMPANO-A-LA-CENTENARIA-MUTUAL-AEANA-EN-LA-CONMEMORACION-DEL-DIA-DEL-TRABAJADOR-ADUANERO-6-300x300.jpg 300w, https:\/\/fedemba.org.ar\/web\/wp-content\/uploads\/2025\/06\/FEDEMBA-ACOMPANO-A-LA-CENTENARIA-MUTUAL-AEANA-EN-LA-CONMEMORACION-DEL-DIA-DEL-TRABAJADOR-ADUANERO-6-150x150.jpg 150w, https:\/\/fedemba.org.ar\/web\/wp-content\/uploads\/2025\/06\/FEDEMBA-ACOMPANO-A-LA-CENTENARIA-MUTUAL-AEANA-EN-LA-CONMEMORACION-DEL-DIA-DEL-TRABAJADOR-ADUANERO-6-768x768.jpg 768w, https:\/\/fedemba.org.ar\/web\/wp-content\/uploads\/2025\/06\/FEDEMBA-ACOMPANO-A-LA-CENTENARIA-MUTUAL-AEANA-EN-LA-CONMEMORACION-DEL-DIA-DEL-TRABAJADOR-ADUANERO-6.jpg 1080w\" sizes=\"(max-width: 1024px) 100vw, 1024px\" \/><\/a><\/figure><\/div>","protected":false},"excerpt":{"rendered":"<p>La Federaci\u00f3n de Entidades Mutuales de Buenos Aires (FEDEMBA) acompa\u00f1\u00f3 a la centenaria Asociaci\u00f3n de Empleados de la Administraci\u00f3n Nacional de Aduanas de Ayuda Mutual y Previsi\u00f3n (AEANA) en la conmemoraci\u00f3n del D\u00eda del Trabajador Aduanero, realizada el pasado 5 de junio en su sede social. La celebraci\u00f3n consisti\u00f3 en una c\u00e1lida reuni\u00f3n donde se [&hellip;]<\/p>\n","protected":false},"author":1,"featured_media":3290,"comment_status":"closed","ping_status":"closed","sticky":false,"template":"","format":"standard","meta":[],"categories":[1],"tags":[283,596,594,595,9,300,12,597,6,414,105,17,61,41,10,388],"_links":{"self":[{"href":"https:\/\/fedemba.org.ar\/web\/wp-json\/wp\/v2\/posts\/3288"}],"collection":[{"href":"https:\/\/fedemba.org.ar\/web\/wp-json\/wp\/v2\/posts"}],"about":[{"href":"https:\/\/fedemba.org.ar\/web\/wp-json\/wp\/v2\/types\/post"}],"author":[{"embeddable":true,"href":"https:\/\/fedemba.org.ar\/web\/wp-json\/wp\/v2\/users\/1"}],"replies":[{"embeddable":true,"href":"https:\/\/fedemba.org.ar\/web\/wp-json\/wp\/v2\/comments?post=3288"}],"version-history":[{"count":2,"href":"https:\/\/fedemba.org.ar\/web\/wp-json\/wp\/v2\/posts\/3288\/revisions"}],"predecessor-version":[{"id":3299,"href":"https:\/\/fedemba.org.ar\/web\/wp-json\/wp\/v2\/posts\/3288\/revisions\/3299"}],"wp:featuredmedia":[{"embeddable":true,"href":"https:\/\/fedemba.org.ar\/web\/wp-json\/wp\/v2\/media\/3290"}],"wp:attachment":[{"href":"https:\/\/fedemba.org.ar\/web\/wp-json\/wp\/v2\/media?parent=3288"}],"wp:term":[{"taxonomy":"category","embeddable":true,"href":"https:\/\/fedemba.org.ar\/web\/wp-json\/wp\/v2\/categories?post=3288"},{"taxonomy":"post_tag","embeddable":true,"href":"https:\/\/fedemba.org.ar\/web\/wp-json\/wp\/v2\/tags?post=3288"}],"curies":[{"name":"wp","href":"https:\/\/api.w.org\/{rel}","templated":true}]}}