{"id":3332,"date":"2025-08-28T15:57:55","date_gmt":"2025-08-28T18:57:55","guid":{"rendered":"https:\/\/fedemba.org.ar\/web\/?p=3332"},"modified":"2025-08-28T15:57:55","modified_gmt":"2025-08-28T18:57:55","slug":"fallecio-noemi-gladys-gorriz-referente-del-mutualismo-en-argentina","status":"publish","type":"post","link":"https:\/\/fedemba.org.ar\/web\/fallecio-noemi-gladys-gorriz-referente-del-mutualismo-en-argentina\/","title":{"rendered":"FALLECI\u00d3 NOEM\u00cd GLADYS GORRIZ, REFERENTE DEL MUTUALISMO EN ARGENTINA"},"content":{"rendered":"\n<p>Con profundo pesar y con la certeza de lo construido por ella en el sector que representamos,&nbsp;<strong>lamentamos comunicar que hoy 28 de agosto falleci\u00f3 a sus 83 a\u00f1os la Sra. Noem\u00ed Gladys Gorriz, Directora de la revista de Mutualismo Hoy,<\/strong>&nbsp;destacada promotora, escritora y referente del mutualismo en Argentina. Su partida deja un vac\u00edo significativo en el \u00e1mbito de los medios de comunicaci\u00f3n mutualistas del pa\u00eds.<\/p>\n\n\n\n<p>Una persona que ser\u00e1 recordada por su revista y las entrevistas que realizaba a los dirigentes, adem\u00e1s de acercarnos la informaci\u00f3n de los servicios y de los eventos de las entidades. De alguna manera,<strong>\u00a0su revista fue un medio que uni\u00f3 a todo el Mutualismo a trav\u00e9s de las noticias.<\/strong><\/p>\n\n\n\n<p><strong>Una mujer con agallas que, con mucho esfuerzo, llev\u00f3 adelante durante 6 a\u00f1os un stand en la Feria Internacional del Libro en La Rural<\/strong>, en un trabajo que recordamos y compartimos con ella para difundir el mutualismo hacia toda la comunidad, donde ella pudo ofrecer diversos libros de su autor\u00eda como\u00a0<strong>\u201cHermandad y Sentimientos del Mutualismo en la Econom\u00eda Social\u201d<\/strong>,\u00a0<strong>\u201cMutualismo contempor\u00e1neo y Econom\u00eda Social\u201d<\/strong>\u00a0(Tomos 1 y 2), \u201c<strong>Historia de la inmigraci\u00f3n y memoria del Mutualismo\u201d, \u201cAs\u00ed es el Mutualismo\u201d y \u201cEntendiendo \u00bfQu\u00e9 es el Mutualismo?\u201d.<\/strong><\/p>\n\n\n\n<p><strong>Tambi\u00e9n la acompa\u00f1amos en muchas de las presentaciones de esos libros, como tambi\u00e9n recordamos cuando en el<\/strong>\u00a02016 compartimos el primer panel sobre Mutualismo en la Feria del Libro,\u00a0<strong>un acontecimiento ideal para que el mutualismo pueda visibilizarse.<\/strong><\/p>\n\n\n\n<p>Gladys, como todos la llam\u00e1bamos, fue una persona directa, con convicciones, con expresiones disruptivas que muchas veces generaban pol\u00e9micas o desencuentros con directivos, como tambi\u00e9n espacios de mucha confianza, simpat\u00eda y sinceridad.<\/p>\n\n\n\n<p>Noem\u00ed Gorriz ser\u00e1 recordada por su compromiso incansable y su profunda convicci\u00f3n para la difusi\u00f3n del mutualismo en toda la comunidad.\u00a0<strong>Su legado literario queda como testimonio de una vida comprometida con los valores y los principio mutualistas.<\/strong><\/p>\n\n\n<div class=\"wp-block-image\">\n<figure class=\"aligncenter size-large\"><a href=\"http:\/\/fedemba.org.ar\/web\/wp-content\/uploads\/2025\/08\/FALLECIO-NOEMI-GLADYS-GORRIZ-REFERENTE-DEL-MUTUALISMO-EN-ARGENTINA.png\"><img decoding=\"async\" loading=\"lazy\" width=\"1024\" height=\"537\" src=\"http:\/\/fedemba.org.ar\/web\/wp-content\/uploads\/2025\/08\/FALLECIO-NOEMI-GLADYS-GORRIZ-REFERENTE-DEL-MUTUALISMO-EN-ARGENTINA-1024x537.png\" alt=\"\" class=\"wp-image-3333\" srcset=\"https:\/\/fedemba.org.ar\/web\/wp-content\/uploads\/2025\/08\/FALLECIO-NOEMI-GLADYS-GORRIZ-REFERENTE-DEL-MUTUALISMO-EN-ARGENTINA-1024x537.png 1024w, https:\/\/fedemba.org.ar\/web\/wp-content\/uploads\/2025\/08\/FALLECIO-NOEMI-GLADYS-GORRIZ-REFERENTE-DEL-MUTUALISMO-EN-ARGENTINA-300x157.png 300w, https:\/\/fedemba.org.ar\/web\/wp-content\/uploads\/2025\/08\/FALLECIO-NOEMI-GLADYS-GORRIZ-REFERENTE-DEL-MUTUALISMO-EN-ARGENTINA-768x402.png 768w, https:\/\/fedemba.org.ar\/web\/wp-content\/uploads\/2025\/08\/FALLECIO-NOEMI-GLADYS-GORRIZ-REFERENTE-DEL-MUTUALISMO-EN-ARGENTINA.png 1080w\" sizes=\"(max-width: 1024px) 100vw, 1024px\" \/><\/a><\/figure><\/div>","protected":false},"excerpt":{"rendered":"<p>Con profundo pesar y con la certeza de lo construido por ella en el sector que representamos,&nbsp;lamentamos comunicar que hoy 28 de agosto falleci\u00f3 a sus 83 a\u00f1os la Sra. Noem\u00ed Gladys Gorriz, Directora de la revista de Mutualismo Hoy,&nbsp;destacada promotora, escritora y referente del mutualismo en Argentina. Su partida deja un vac\u00edo significativo en [&hellip;]<\/p>\n","protected":false},"author":1,"featured_media":3333,"comment_status":"closed","ping_status":"closed","sticky":false,"template":"","format":"standard","meta":[],"categories":[1],"tags":[300,12,6,22,10,196],"_links":{"self":[{"href":"https:\/\/fedemba.org.ar\/web\/wp-json\/wp\/v2\/posts\/3332"}],"collection":[{"href":"https:\/\/fedemba.org.ar\/web\/wp-json\/wp\/v2\/posts"}],"about":[{"href":"https:\/\/fedemba.org.ar\/web\/wp-json\/wp\/v2\/types\/post"}],"author":[{"embeddable":true,"href":"https:\/\/fedemba.org.ar\/web\/wp-json\/wp\/v2\/users\/1"}],"replies":[{"embeddable":true,"href":"https:\/\/fedemba.org.ar\/web\/wp-json\/wp\/v2\/comments?post=3332"}],"version-history":[{"count":1,"href":"https:\/\/fedemba.org.ar\/web\/wp-json\/wp\/v2\/posts\/3332\/revisions"}],"predecessor-version":[{"id":3334,"href":"https:\/\/fedemba.org.ar\/web\/wp-json\/wp\/v2\/posts\/3332\/revisions\/3334"}],"wp:featuredmedia":[{"embeddable":true,"href":"https:\/\/fedemba.org.ar\/web\/wp-json\/wp\/v2\/media\/3333"}],"wp:attachment":[{"href":"https:\/\/fedemba.org.ar\/web\/wp-json\/wp\/v2\/media?parent=3332"}],"wp:term":[{"taxonomy":"category","embeddable":true,"href":"https:\/\/fedemba.org.ar\/web\/wp-json\/wp\/v2\/categories?post=3332"},{"taxonomy":"post_tag","embeddable":true,"href":"https:\/\/fedemba.org.ar\/web\/wp-json\/wp\/v2\/tags?post=3332"}],"curies":[{"name":"wp","href":"https:\/\/api.w.org\/{rel}","templated":true}]}}