{"id":3364,"date":"2025-10-06T14:40:15","date_gmt":"2025-10-06T17:40:15","guid":{"rendered":"https:\/\/fedemba.org.ar\/web\/?p=3364"},"modified":"2025-10-06T14:40:15","modified_gmt":"2025-10-06T17:40:15","slug":"ameport-celebo-su-asamblea-con-renovacion-de-autoridades-incorporando-dirigentes-jovenes-a-su-consejo-directivo","status":"publish","type":"post","link":"https:\/\/fedemba.org.ar\/web\/ameport-celebo-su-asamblea-con-renovacion-de-autoridades-incorporando-dirigentes-jovenes-a-su-consejo-directivo\/","title":{"rendered":"AMEPORT CELEB\u00d3 SU ASAMBLEA CON RENOVACI\u00d3N DE AUTORIDADES INCORPORANDO DIRIGENTES J\u00d3VENES A SU CONSEJO DIRECTIVO"},"content":{"rendered":"\n<p>La Mutual del Personal del Estado Nacional, Provincial, Municipal y Afines <strong>(AMEPORT), celebr\u00f3 su 52\u00ba Asamblea General Ordinaria, el pasado 26 de septiembre en la sede central de la mutual <\/strong>(situada en Hip\u00f3lito Yrigoyen 684, CABA), <strong>en la que se renovaron autoridades y se trazaron nuevas l\u00edneas de acci\u00f3n institucional<\/strong>. <strong>En este marco, asumi\u00f3 como nuevo Presidente el Dr. Leonardo Salom<\/strong>, mientras que el Dr. Ricardo Lorenzo, actual Vicepresidente de FEDEMBA, ocupar\u00e1 la Vicepresidencia de la mutual.<\/p>\n\n\n\n<p>Con la participaci\u00f3n de representantes de varias provincias del interior del pa\u00eds, como as\u00ed tambi\u00e9n autoridades de la Confederaci\u00f3n Nacional de Mutualidades de la Rep\u00fablica Argentina (CONAM) y de FEDEMBA, la Asamblea aprob\u00f3 los balances contables y memoria contable del per\u00edodo abril 2024- mayo 2025 y se conform\u00f3 la nueva Comisi\u00f3n Directiva y Junta Fiscalizadora por el periodo 2024-2028.<\/p>\n\n\n<div class=\"wp-block-image\">\n<figure class=\"aligncenter size-large\"><a href=\"http:\/\/fedemba.org.ar\/web\/wp-content\/uploads\/2025\/10\/AMEPORT-CELEBO-SU-ASAMBLEA-CON-RENOVACION-DE-AUTORIDADES-INCORPORANDO-DIRIGENTES-JOVENES-A-SU-CONSEJO-DIRECTIVO.jpeg\"><img decoding=\"async\" loading=\"lazy\" width=\"1024\" height=\"576\" src=\"http:\/\/fedemba.org.ar\/web\/wp-content\/uploads\/2025\/10\/AMEPORT-CELEBO-SU-ASAMBLEA-CON-RENOVACION-DE-AUTORIDADES-INCORPORANDO-DIRIGENTES-JOVENES-A-SU-CONSEJO-DIRECTIVO-1024x576.jpeg\" alt=\"\" class=\"wp-image-3365\" srcset=\"https:\/\/fedemba.org.ar\/web\/wp-content\/uploads\/2025\/10\/AMEPORT-CELEBO-SU-ASAMBLEA-CON-RENOVACION-DE-AUTORIDADES-INCORPORANDO-DIRIGENTES-JOVENES-A-SU-CONSEJO-DIRECTIVO-1024x576.jpeg 1024w, https:\/\/fedemba.org.ar\/web\/wp-content\/uploads\/2025\/10\/AMEPORT-CELEBO-SU-ASAMBLEA-CON-RENOVACION-DE-AUTORIDADES-INCORPORANDO-DIRIGENTES-JOVENES-A-SU-CONSEJO-DIRECTIVO-300x169.jpeg 300w, https:\/\/fedemba.org.ar\/web\/wp-content\/uploads\/2025\/10\/AMEPORT-CELEBO-SU-ASAMBLEA-CON-RENOVACION-DE-AUTORIDADES-INCORPORANDO-DIRIGENTES-JOVENES-A-SU-CONSEJO-DIRECTIVO-768x432.jpeg 768w, https:\/\/fedemba.org.ar\/web\/wp-content\/uploads\/2025\/10\/AMEPORT-CELEBO-SU-ASAMBLEA-CON-RENOVACION-DE-AUTORIDADES-INCORPORANDO-DIRIGENTES-JOVENES-A-SU-CONSEJO-DIRECTIVO.jpeg 1453w\" sizes=\"(max-width: 1024px) 100vw, 1024px\" \/><\/a><\/figure><\/div>\n\n\n<p>Asimismo,<strong> el flamante Presidente, Leonardo Salom, record\u00f3 con unas emotivas palabras al hist\u00f3rico dirigente Alberto Salom, uno de los fundadores de la mutual hace 52 a\u00f1os, junto al actual vicepresidente (y expresidente), Ricardo Lorenzo.<\/strong><\/p>\n\n\n\n<p>La Asamblea signific\u00f3 un momento de transici\u00f3n clave, tanto por la renovaci\u00f3n de autoridades como por la incorporaci\u00f3n de j\u00f3venes dirigentes a su Consejo Directivo. Esta decisi\u00f3n marca un hito en el camino de AMEPORT hacia la consolidaci\u00f3n de un modelo intergeneracional de liderazgo<\/p>\n\n\n\n<p><strong>La mutual, que hace poco conmemor\u00f3 sus 50 a\u00f1os de existencia, apuesta por la integraci\u00f3n de j\u00f3venes en espacios de toma de decisi\u00f3n como parte de una estrategia de innovaci\u00f3n y adaptaci\u00f3n del mutualismo a los desaf\u00edos contempor\u00e1neos. <\/strong>Esta renovaci\u00f3n, no obstante, es acompa\u00f1ada por dirigentes de s\u00f3lida trayectoria y extensa experiencia, creando un equilibrio virtuoso entre la tradici\u00f3n mutualista y la renovaci\u00f3n generacional.<\/p>\n\n\n<div class=\"wp-block-image\">\n<figure class=\"aligncenter size-large\"><a href=\"https:\/\/fedemba.org.ar\/web\/wp-content\/uploads\/2025\/10\/AMEPORT-CELEBO-SU-ASAMBLEA-CON-RENOVACION-DE-AUTORIDADES-INCORPORANDO-DIRIGENTES-JOVENES-A-SU-CONSEJO-DIRECTIVO-1.jpeg\"><img decoding=\"async\" loading=\"lazy\" width=\"768\" height=\"1024\" src=\"https:\/\/fedemba.org.ar\/web\/wp-content\/uploads\/2025\/10\/AMEPORT-CELEBO-SU-ASAMBLEA-CON-RENOVACION-DE-AUTORIDADES-INCORPORANDO-DIRIGENTES-JOVENES-A-SU-CONSEJO-DIRECTIVO-1-768x1024.jpeg\" alt=\"\" class=\"wp-image-3366\" srcset=\"https:\/\/fedemba.org.ar\/web\/wp-content\/uploads\/2025\/10\/AMEPORT-CELEBO-SU-ASAMBLEA-CON-RENOVACION-DE-AUTORIDADES-INCORPORANDO-DIRIGENTES-JOVENES-A-SU-CONSEJO-DIRECTIVO-1-768x1024.jpeg 768w, https:\/\/fedemba.org.ar\/web\/wp-content\/uploads\/2025\/10\/AMEPORT-CELEBO-SU-ASAMBLEA-CON-RENOVACION-DE-AUTORIDADES-INCORPORANDO-DIRIGENTES-JOVENES-A-SU-CONSEJO-DIRECTIVO-1-225x300.jpeg 225w, https:\/\/fedemba.org.ar\/web\/wp-content\/uploads\/2025\/10\/AMEPORT-CELEBO-SU-ASAMBLEA-CON-RENOVACION-DE-AUTORIDADES-INCORPORANDO-DIRIGENTES-JOVENES-A-SU-CONSEJO-DIRECTIVO-1-1152x1536.jpeg 1152w, https:\/\/fedemba.org.ar\/web\/wp-content\/uploads\/2025\/10\/AMEPORT-CELEBO-SU-ASAMBLEA-CON-RENOVACION-DE-AUTORIDADES-INCORPORANDO-DIRIGENTES-JOVENES-A-SU-CONSEJO-DIRECTIVO-1.jpeg 1200w\" sizes=\"(max-width: 768px) 100vw, 768px\" \/><\/a><\/figure><\/div>","protected":false},"excerpt":{"rendered":"<p>La Mutual del Personal del Estado Nacional, Provincial, Municipal y Afines (AMEPORT), celebr\u00f3 su 52\u00ba Asamblea General Ordinaria, el pasado 26 de septiembre en la sede central de la mutual (situada en Hip\u00f3lito Yrigoyen 684, CABA), en la que se renovaron autoridades y se trazaron nuevas l\u00edneas de acci\u00f3n institucional. En este marco, asumi\u00f3 como [&hellip;]<\/p>\n","protected":false},"author":1,"featured_media":3365,"comment_status":"closed","ping_status":"closed","sticky":false,"template":"","format":"standard","meta":[],"categories":[1],"tags":[30,300,12,6,10],"_links":{"self":[{"href":"https:\/\/fedemba.org.ar\/web\/wp-json\/wp\/v2\/posts\/3364"}],"collection":[{"href":"https:\/\/fedemba.org.ar\/web\/wp-json\/wp\/v2\/posts"}],"about":[{"href":"https:\/\/fedemba.org.ar\/web\/wp-json\/wp\/v2\/types\/post"}],"author":[{"embeddable":true,"href":"https:\/\/fedemba.org.ar\/web\/wp-json\/wp\/v2\/users\/1"}],"replies":[{"embeddable":true,"href":"https:\/\/fedemba.org.ar\/web\/wp-json\/wp\/v2\/comments?post=3364"}],"version-history":[{"count":1,"href":"https:\/\/fedemba.org.ar\/web\/wp-json\/wp\/v2\/posts\/3364\/revisions"}],"predecessor-version":[{"id":3367,"href":"https:\/\/fedemba.org.ar\/web\/wp-json\/wp\/v2\/posts\/3364\/revisions\/3367"}],"wp:featuredmedia":[{"embeddable":true,"href":"https:\/\/fedemba.org.ar\/web\/wp-json\/wp\/v2\/media\/3365"}],"wp:attachment":[{"href":"https:\/\/fedemba.org.ar\/web\/wp-json\/wp\/v2\/media?parent=3364"}],"wp:term":[{"taxonomy":"category","embeddable":true,"href":"https:\/\/fedemba.org.ar\/web\/wp-json\/wp\/v2\/categories?post=3364"},{"taxonomy":"post_tag","embeddable":true,"href":"https:\/\/fedemba.org.ar\/web\/wp-json\/wp\/v2\/tags?post=3364"}],"curies":[{"name":"wp","href":"https:\/\/api.w.org\/{rel}","templated":true}]}}