{"id":3423,"date":"2026-04-27T11:00:01","date_gmt":"2026-04-27T14:00:01","guid":{"rendered":"https:\/\/fedemba.org.ar\/web\/?p=3423"},"modified":"2026-04-27T11:10:59","modified_gmt":"2026-04-27T14:10:59","slug":"fedemba-participo-con-un-stand-en-la-expo-empleo-barrial-organizada-por-el-gobierno-de-caba-en-el-club-atlanta","status":"publish","type":"post","link":"https:\/\/fedemba.org.ar\/web\/fedemba-participo-con-un-stand-en-la-expo-empleo-barrial-organizada-por-el-gobierno-de-caba-en-el-club-atlanta\/","title":{"rendered":"<strong>FEDEMBA PARTICIP\u00d3 CON UN STAND EN LA EXPO EMPLEO BARRIAL ORGANIZADA POR EL GOBIERNO DE CABA EN EL CLUB ATLANTA<\/strong>"},"content":{"rendered":"\n<p>La Federaci\u00f3n de Entidades Mutuales de Buenos Aires <strong>(FEDEMBA) particip\u00f3, el pasado 10 de abril, con un stand en la Expo Empleo Barrial<\/strong>, organizada por el Gobierno de la Ciudad de Buenos Aires en el Club Atl\u00e9tico Atlanta, ubicado en Humboldt 340 (CABA), <strong>representando al sector mutual junto con m\u00e1s de 15 empresas y organizaciones de primera l\u00ednea del \u00e1mbito privado y estatal.<\/strong><\/p>\n\n\n\n<p>FEDEMBA, que <strong>estuvo acompa\u00f1ada por la Asociaci\u00f3n Mutual de Protecci\u00f3n Familiar (AMPF) y Mutual Gas<\/strong>, cont\u00f3 con un stand ubicado estrat\u00e9gicamente para el paso de las m\u00e1s de 500 personas que asistieron a las salas donde se desarroll\u00f3 la exposici\u00f3n, atendiendo a los postulantes en forma individual. Asimismo, <strong>en un espacio abierto, el equipo de trabajo posibilit\u00f3 la atenci\u00f3n a los distintos grupos que se iban conformando y en forma sucesiva.<\/strong><\/p>\n\n\n<div class=\"wp-block-image\">\n<figure class=\"aligncenter size-large\"><a href=\"https:\/\/fedemba.org.ar\/web\/wp-content\/uploads\/2026\/04\/FEDEMBA-PARTICIPO-CON-UN-STAND-EN-LA-EXPO-EMPLEO-BARRIAL-ORGANIZADA-POR-EL-GOBIERNO-DE-CABA-EN-EL-CLUB-ATLANTA-2.jpeg\"><img decoding=\"async\" loading=\"lazy\" width=\"768\" height=\"1024\" src=\"https:\/\/fedemba.org.ar\/web\/wp-content\/uploads\/2026\/04\/FEDEMBA-PARTICIPO-CON-UN-STAND-EN-LA-EXPO-EMPLEO-BARRIAL-ORGANIZADA-POR-EL-GOBIERNO-DE-CABA-EN-EL-CLUB-ATLANTA-2-768x1024.jpeg\" alt=\"\" class=\"wp-image-3425\" srcset=\"https:\/\/fedemba.org.ar\/web\/wp-content\/uploads\/2026\/04\/FEDEMBA-PARTICIPO-CON-UN-STAND-EN-LA-EXPO-EMPLEO-BARRIAL-ORGANIZADA-POR-EL-GOBIERNO-DE-CABA-EN-EL-CLUB-ATLANTA-2-768x1024.jpeg 768w, https:\/\/fedemba.org.ar\/web\/wp-content\/uploads\/2026\/04\/FEDEMBA-PARTICIPO-CON-UN-STAND-EN-LA-EXPO-EMPLEO-BARRIAL-ORGANIZADA-POR-EL-GOBIERNO-DE-CABA-EN-EL-CLUB-ATLANTA-2-225x300.jpeg 225w, https:\/\/fedemba.org.ar\/web\/wp-content\/uploads\/2026\/04\/FEDEMBA-PARTICIPO-CON-UN-STAND-EN-LA-EXPO-EMPLEO-BARRIAL-ORGANIZADA-POR-EL-GOBIERNO-DE-CABA-EN-EL-CLUB-ATLANTA-2.jpeg 960w\" sizes=\"(max-width: 768px) 100vw, 768px\" \/><\/a><\/figure><\/div>\n\n<div class=\"wp-block-image\">\n<figure class=\"aligncenter size-large\"><a href=\"https:\/\/fedemba.org.ar\/web\/wp-content\/uploads\/2026\/04\/FEDEMBA-PARTICIPO-CON-UN-STAND-EN-LA-EXPO-EMPLEO-BARRIAL-ORGANIZADA-POR-EL-GOBIERNO-DE-CABA-EN-EL-CLUB-ATLANTA-8.jpeg\"><img decoding=\"async\" loading=\"lazy\" width=\"1024\" height=\"768\" src=\"https:\/\/fedemba.org.ar\/web\/wp-content\/uploads\/2026\/04\/FEDEMBA-PARTICIPO-CON-UN-STAND-EN-LA-EXPO-EMPLEO-BARRIAL-ORGANIZADA-POR-EL-GOBIERNO-DE-CABA-EN-EL-CLUB-ATLANTA-8-1024x768.jpeg\" alt=\"\" class=\"wp-image-3426\" srcset=\"https:\/\/fedemba.org.ar\/web\/wp-content\/uploads\/2026\/04\/FEDEMBA-PARTICIPO-CON-UN-STAND-EN-LA-EXPO-EMPLEO-BARRIAL-ORGANIZADA-POR-EL-GOBIERNO-DE-CABA-EN-EL-CLUB-ATLANTA-8-1024x768.jpeg 1024w, https:\/\/fedemba.org.ar\/web\/wp-content\/uploads\/2026\/04\/FEDEMBA-PARTICIPO-CON-UN-STAND-EN-LA-EXPO-EMPLEO-BARRIAL-ORGANIZADA-POR-EL-GOBIERNO-DE-CABA-EN-EL-CLUB-ATLANTA-8-300x225.jpeg 300w, https:\/\/fedemba.org.ar\/web\/wp-content\/uploads\/2026\/04\/FEDEMBA-PARTICIPO-CON-UN-STAND-EN-LA-EXPO-EMPLEO-BARRIAL-ORGANIZADA-POR-EL-GOBIERNO-DE-CABA-EN-EL-CLUB-ATLANTA-8-768x576.jpeg 768w, https:\/\/fedemba.org.ar\/web\/wp-content\/uploads\/2026\/04\/FEDEMBA-PARTICIPO-CON-UN-STAND-EN-LA-EXPO-EMPLEO-BARRIAL-ORGANIZADA-POR-EL-GOBIERNO-DE-CABA-EN-EL-CLUB-ATLANTA-8.jpeg 1280w\" sizes=\"(max-width: 1024px) 100vw, 1024px\" \/><\/a><\/figure><\/div>\n\n\n<p>Al respecto, <strong>en el stand de FEDEMBA se les informaba sobre lo que son las mutuales, los servicios que ofrecen a sus asociados y la demanda de trabajo que generan. Abri\u00e9ndoles un panorama distinto desde la Econom\u00eda Social y Solidaria, destacando la importancia del mutualismo en las diferentes comunidades<\/strong>.<\/p>\n\n\n\n<p>En representaci\u00f3n de FEDEMBA estuvieron Guillermo Palacios, Tesorero; y Alfredo Buonocore, miembro del Consejo Consultivo;\u00a0 tres representantes de AMPF,\u00a0 junto al equipo de trabajo de la Federaci\u00f3n:\u00a0Ana Novik,\u00a0Diego Saiz y Emanuel Rodr\u00edguez.<\/p>\n\n\n<div class=\"wp-block-image\">\n<figure class=\"aligncenter size-large\"><a href=\"https:\/\/fedemba.org.ar\/web\/wp-content\/uploads\/2026\/04\/FEDEMBA-PARTICIPO-CON-UN-STAND-EN-LA-EXPO-EMPLEO-BARRIAL-ORGANIZADA-POR-EL-GOBIERNO-DE-CABA-EN-EL-CLUB-ATLANTA-3.jpeg\"><img decoding=\"async\" loading=\"lazy\" width=\"768\" height=\"1024\" src=\"https:\/\/fedemba.org.ar\/web\/wp-content\/uploads\/2026\/04\/FEDEMBA-PARTICIPO-CON-UN-STAND-EN-LA-EXPO-EMPLEO-BARRIAL-ORGANIZADA-POR-EL-GOBIERNO-DE-CABA-EN-EL-CLUB-ATLANTA-3-768x1024.jpeg\" alt=\"\" class=\"wp-image-3427\" srcset=\"https:\/\/fedemba.org.ar\/web\/wp-content\/uploads\/2026\/04\/FEDEMBA-PARTICIPO-CON-UN-STAND-EN-LA-EXPO-EMPLEO-BARRIAL-ORGANIZADA-POR-EL-GOBIERNO-DE-CABA-EN-EL-CLUB-ATLANTA-3-768x1024.jpeg 768w, https:\/\/fedemba.org.ar\/web\/wp-content\/uploads\/2026\/04\/FEDEMBA-PARTICIPO-CON-UN-STAND-EN-LA-EXPO-EMPLEO-BARRIAL-ORGANIZADA-POR-EL-GOBIERNO-DE-CABA-EN-EL-CLUB-ATLANTA-3-225x300.jpeg 225w, https:\/\/fedemba.org.ar\/web\/wp-content\/uploads\/2026\/04\/FEDEMBA-PARTICIPO-CON-UN-STAND-EN-LA-EXPO-EMPLEO-BARRIAL-ORGANIZADA-POR-EL-GOBIERNO-DE-CABA-EN-EL-CLUB-ATLANTA-3.jpeg 960w\" sizes=\"(max-width: 768px) 100vw, 768px\" \/><\/a><\/figure><\/div>\n\n<div class=\"wp-block-image\">\n<figure class=\"aligncenter size-large\"><a href=\"https:\/\/fedemba.org.ar\/web\/wp-content\/uploads\/2026\/04\/FEDEMBA-PARTICIPO-CON-UN-STAND-EN-LA-EXPO-EMPLEO-BARRIAL-ORGANIZADA-POR-EL-GOBIERNO-DE-CABA-EN-EL-CLUB-ATLANTA-14.jpeg\"><img decoding=\"async\" loading=\"lazy\" width=\"768\" height=\"1024\" src=\"https:\/\/fedemba.org.ar\/web\/wp-content\/uploads\/2026\/04\/FEDEMBA-PARTICIPO-CON-UN-STAND-EN-LA-EXPO-EMPLEO-BARRIAL-ORGANIZADA-POR-EL-GOBIERNO-DE-CABA-EN-EL-CLUB-ATLANTA-14-768x1024.jpeg\" alt=\"\" class=\"wp-image-3428\" srcset=\"https:\/\/fedemba.org.ar\/web\/wp-content\/uploads\/2026\/04\/FEDEMBA-PARTICIPO-CON-UN-STAND-EN-LA-EXPO-EMPLEO-BARRIAL-ORGANIZADA-POR-EL-GOBIERNO-DE-CABA-EN-EL-CLUB-ATLANTA-14-768x1024.jpeg 768w, https:\/\/fedemba.org.ar\/web\/wp-content\/uploads\/2026\/04\/FEDEMBA-PARTICIPO-CON-UN-STAND-EN-LA-EXPO-EMPLEO-BARRIAL-ORGANIZADA-POR-EL-GOBIERNO-DE-CABA-EN-EL-CLUB-ATLANTA-14-225x300.jpeg 225w, https:\/\/fedemba.org.ar\/web\/wp-content\/uploads\/2026\/04\/FEDEMBA-PARTICIPO-CON-UN-STAND-EN-LA-EXPO-EMPLEO-BARRIAL-ORGANIZADA-POR-EL-GOBIERNO-DE-CABA-EN-EL-CLUB-ATLANTA-14.jpeg 960w\" sizes=\"(max-width: 768px) 100vw, 768px\" \/><\/a><\/figure><\/div>\n\n\n<p>Esta iniciativa del Ministerio de Justicia de CABA, a trav\u00e9s de la Secretar\u00eda de Trabajo y Empleo, se viene realizando en los diferentes barrios porte\u00f1os y tiene como objetivo conectar a las empresas que requieren de fuerzas laborales activas con las personas que est\u00e1n buscando trabajo.<\/p>\n\n\n\n<p>FEDEMBA, alineada con su misi\u00f3n de promover el desarrollo social y econ\u00f3mico a trav\u00e9s del mutualismo, se present\u00f3 con una bolsa de empleo mutual, enfoc\u00e1ndose en la generaci\u00f3n de puestos laborales a trav\u00e9s de las entidades mutuales adheridas a la Federaci\u00f3n.<\/p>\n\n\n<div class=\"wp-block-image\">\n<figure class=\"aligncenter size-large\"><a href=\"https:\/\/fedemba.org.ar\/web\/wp-content\/uploads\/2026\/04\/FEDEMBA-PARTICIPO-CON-UN-STAND-EN-LA-EXPO-EMPLEO-BARRIAL-ORGANIZADA-POR-EL-GOBIERNO-DE-CABA-EN-EL-CLUB-ATLANTA-15.jpeg\"><img decoding=\"async\" loading=\"lazy\" width=\"768\" height=\"1024\" src=\"https:\/\/fedemba.org.ar\/web\/wp-content\/uploads\/2026\/04\/FEDEMBA-PARTICIPO-CON-UN-STAND-EN-LA-EXPO-EMPLEO-BARRIAL-ORGANIZADA-POR-EL-GOBIERNO-DE-CABA-EN-EL-CLUB-ATLANTA-15-768x1024.jpeg\" alt=\"\" class=\"wp-image-3429\" srcset=\"https:\/\/fedemba.org.ar\/web\/wp-content\/uploads\/2026\/04\/FEDEMBA-PARTICIPO-CON-UN-STAND-EN-LA-EXPO-EMPLEO-BARRIAL-ORGANIZADA-POR-EL-GOBIERNO-DE-CABA-EN-EL-CLUB-ATLANTA-15-768x1024.jpeg 768w, https:\/\/fedemba.org.ar\/web\/wp-content\/uploads\/2026\/04\/FEDEMBA-PARTICIPO-CON-UN-STAND-EN-LA-EXPO-EMPLEO-BARRIAL-ORGANIZADA-POR-EL-GOBIERNO-DE-CABA-EN-EL-CLUB-ATLANTA-15-225x300.jpeg 225w, https:\/\/fedemba.org.ar\/web\/wp-content\/uploads\/2026\/04\/FEDEMBA-PARTICIPO-CON-UN-STAND-EN-LA-EXPO-EMPLEO-BARRIAL-ORGANIZADA-POR-EL-GOBIERNO-DE-CABA-EN-EL-CLUB-ATLANTA-15.jpeg 960w\" sizes=\"(max-width: 768px) 100vw, 768px\" \/><\/a><\/figure><\/div>","protected":false},"excerpt":{"rendered":"<p>La Federaci\u00f3n de Entidades Mutuales de Buenos Aires (FEDEMBA) particip\u00f3, el pasado 10 de abril, con un stand en la Expo Empleo Barrial, organizada por el Gobierno de la Ciudad de Buenos Aires en el Club Atl\u00e9tico Atlanta, ubicado en Humboldt 340 (CABA), representando al sector mutual junto con m\u00e1s de 15 empresas y organizaciones [&hellip;]<\/p>\n","protected":false},"author":1,"featured_media":3424,"comment_status":"closed","ping_status":"closed","sticky":false,"template":"","format":"standard","meta":[],"categories":[1],"tags":[629,56,170,62,631,300,12,630,6,20,41,10],"_links":{"self":[{"href":"https:\/\/fedemba.org.ar\/web\/wp-json\/wp\/v2\/posts\/3423"}],"collection":[{"href":"https:\/\/fedemba.org.ar\/web\/wp-json\/wp\/v2\/posts"}],"about":[{"href":"https:\/\/fedemba.org.ar\/web\/wp-json\/wp\/v2\/types\/post"}],"author":[{"embeddable":true,"href":"https:\/\/fedemba.org.ar\/web\/wp-json\/wp\/v2\/users\/1"}],"replies":[{"embeddable":true,"href":"https:\/\/fedemba.org.ar\/web\/wp-json\/wp\/v2\/comments?post=3423"}],"version-history":[{"count":3,"href":"https:\/\/fedemba.org.ar\/web\/wp-json\/wp\/v2\/posts\/3423\/revisions"}],"predecessor-version":[{"id":3432,"href":"https:\/\/fedemba.org.ar\/web\/wp-json\/wp\/v2\/posts\/3423\/revisions\/3432"}],"wp:featuredmedia":[{"embeddable":true,"href":"https:\/\/fedemba.org.ar\/web\/wp-json\/wp\/v2\/media\/3424"}],"wp:attachment":[{"href":"https:\/\/fedemba.org.ar\/web\/wp-json\/wp\/v2\/media?parent=3423"}],"wp:term":[{"taxonomy":"category","embeddable":true,"href":"https:\/\/fedemba.org.ar\/web\/wp-json\/wp\/v2\/categories?post=3423"},{"taxonomy":"post_tag","embeddable":true,"href":"https:\/\/fedemba.org.ar\/web\/wp-json\/wp\/v2\/tags?post=3423"}],"curies":[{"name":"wp","href":"https:\/\/api.w.org\/{rel}","templated":true}]}}