{"id":384,"date":"2014-05-15T16:06:47","date_gmt":"2014-05-15T19:06:47","guid":{"rendered":"http:\/\/fedemba.org.ar\/web\/?p=384"},"modified":"2015-05-15T16:40:55","modified_gmt":"2015-05-15T19:40:55","slug":"participacion-de-fedemba-en-la-jornada-de-trabajo-mutual-y-cooperativo","status":"publish","type":"post","link":"https:\/\/fedemba.org.ar\/web\/participacion-de-fedemba-en-la-jornada-de-trabajo-mutual-y-cooperativo\/","title":{"rendered":"FEDEMBA particip\u00f3 en la Jornada de Trabajo Mutual y Cooperativo"},"content":{"rendered":"<p><a href=\"http:\/\/fedemba.org.ar\/web\/wp-content\/uploads\/2015\/05\/DSCN0958.jpg\"><img decoding=\"async\" loading=\"lazy\" class=\"alignleft size-medium wp-image-385\" src=\"http:\/\/fedemba.org.ar\/web\/wp-content\/uploads\/2015\/05\/DSCN0958-300x225.jpg\" alt=\"DSCN0958\" width=\"300\" height=\"225\" srcset=\"https:\/\/fedemba.org.ar\/web\/wp-content\/uploads\/2015\/05\/DSCN0958-300x225.jpg 300w, https:\/\/fedemba.org.ar\/web\/wp-content\/uploads\/2015\/05\/DSCN0958-1024x768.jpg 1024w\" sizes=\"(max-width: 300px) 100vw, 300px\" \/><\/a>El Presidente de FEDEMBA, Dr. Dar\u00edo Mart\u00ednez Corti y la Secretaria de Promoci\u00f3n y Relaciones Institucionales, Dra. Rosa B. Rodr\u00edguez, participaron el 10 de mayo de 2014, en la Jornada de Trabajo Mutual y Cooperativo en la Sociedad Italiana de Moreno, organizada por la Federaci\u00f3n Mutual del Oeste de la Provincia de Buenos Aires.<\/p>\n<p>&nbsp;<\/p>\n","protected":false},"excerpt":{"rendered":"<p>El Presidente de FEDEMBA, Dr. Dar\u00edo Mart\u00ednez Corti y la Secretaria de Promoci\u00f3n y Relaciones Institucionales, Dra. Rosa B. Rodr\u00edguez, participaron el 10 de mayo de 2014, en la Jornada de Trabajo Mutual y Cooperativo en la Sociedad Italiana de Moreno, organizada por la Federaci\u00f3n Mutual del Oeste de la Provincia de Buenos Aires.<\/p>\n","protected":false},"author":1,"featured_media":386,"comment_status":"closed","ping_status":"closed","sticky":false,"template":"","format":"standard","meta":[],"categories":[1],"tags":[7,12,6,15,10,14],"_links":{"self":[{"href":"https:\/\/fedemba.org.ar\/web\/wp-json\/wp\/v2\/posts\/384"}],"collection":[{"href":"https:\/\/fedemba.org.ar\/web\/wp-json\/wp\/v2\/posts"}],"about":[{"href":"https:\/\/fedemba.org.ar\/web\/wp-json\/wp\/v2\/types\/post"}],"author":[{"embeddable":true,"href":"https:\/\/fedemba.org.ar\/web\/wp-json\/wp\/v2\/users\/1"}],"replies":[{"embeddable":true,"href":"https:\/\/fedemba.org.ar\/web\/wp-json\/wp\/v2\/comments?post=384"}],"version-history":[{"count":2,"href":"https:\/\/fedemba.org.ar\/web\/wp-json\/wp\/v2\/posts\/384\/revisions"}],"predecessor-version":[{"id":401,"href":"https:\/\/fedemba.org.ar\/web\/wp-json\/wp\/v2\/posts\/384\/revisions\/401"}],"wp:featuredmedia":[{"embeddable":true,"href":"https:\/\/fedemba.org.ar\/web\/wp-json\/wp\/v2\/media\/386"}],"wp:attachment":[{"href":"https:\/\/fedemba.org.ar\/web\/wp-json\/wp\/v2\/media?parent=384"}],"wp:term":[{"taxonomy":"category","embeddable":true,"href":"https:\/\/fedemba.org.ar\/web\/wp-json\/wp\/v2\/categories?post=384"},{"taxonomy":"post_tag","embeddable":true,"href":"https:\/\/fedemba.org.ar\/web\/wp-json\/wp\/v2\/tags?post=384"}],"curies":[{"name":"wp","href":"https:\/\/api.w.org\/{rel}","templated":true}]}}