{"id":39,"date":"2011-07-15T11:30:18","date_gmt":"2011-07-15T14:30:18","guid":{"rendered":"http:\/\/fedemba.org.ar\/web\/?p=39"},"modified":"2015-05-14T14:28:10","modified_gmt":"2015-05-14T17:28:10","slug":"convenio-unilateral","status":"publish","type":"post","link":"https:\/\/fedemba.org.ar\/web\/convenio-unilateral\/","title":{"rendered":"Jornada de capacitaci\u00f3n e integraci\u00f3n FEDEMBA \u00abConstruyendo una nueva mutualidad\u00bb"},"content":{"rendered":"<p>El mi\u00e9rcoles 14 de julio de 2011, con m\u00e1s de 50 directivos y\/o l\u00edderes operativos de diversas mutuales federadas, se desarroll\u00f3 la Jornada de Capacitaci\u00f3n e Integraci\u00f3n \u201cConstruyendo una nueva mutualidad\u201d en el sal\u00f3n de la Asociaci\u00f3n Mutual de Protecci\u00f3n Familiar. Luego de las palabras de bienvenida del Dr. Dar\u00edo Mart\u00ednez Corti, Presidente de FEDEMBA, el Sr. Manuel Balea Reino, Presidente de CONAM, y el Sr. Alfredo Sigliano, Presidente de ODEMA, se dio paso a la agenda de la Jornada, comenzando con la apertura t\u00e9cnica de la misma, a cargo del Lic. Carlos Castro, Director del Instituto de Capacitaci\u00f3n y Formaci\u00f3n Mutual \u201cCarlos Castillo\u201d. Entre las excelentes disertaciones, se destac\u00f3 la del Dr. Marcelo Collomb, de la Coordinaci\u00f3n T\u00e9cnica del Directorio del INAES, quien haciendo un repaso por el mutualismo desde su nacimiento, analiz\u00f3 el camino hacia \u201cUna nueva mutualidad\u201d.<\/p>\n<p><a href=\"http:\/\/fedemba.org.ar\/web\/wp-content\/uploads\/2011\/07\/JORNADA-CAPACITACION-2010-2.jpg\"><img decoding=\"async\" loading=\"lazy\" class=\"alignleft size-medium wp-image-156\" src=\"http:\/\/fedemba.org.ar\/web\/wp-content\/uploads\/2011\/07\/JORNADA-CAPACITACION-2010-2-300x200.jpg\" alt=\"JORNADA CAPACITACION 2010 - 2\" width=\"300\" height=\"200\" srcset=\"https:\/\/fedemba.org.ar\/web\/wp-content\/uploads\/2011\/07\/JORNADA-CAPACITACION-2010-2-300x200.jpg 300w, https:\/\/fedemba.org.ar\/web\/wp-content\/uploads\/2011\/07\/JORNADA-CAPACITACION-2010-2-1024x682.jpg 1024w\" sizes=\"(max-width: 300px) 100vw, 300px\" \/><\/a><a href=\"http:\/\/fedemba.org.ar\/web\/wp-content\/uploads\/2011\/07\/JORNADA-CAPACITACION-2010.jpg\"><img decoding=\"async\" loading=\"lazy\" class=\"alignleft size-medium wp-image-158\" src=\"http:\/\/fedemba.org.ar\/web\/wp-content\/uploads\/2011\/07\/JORNADA-CAPACITACION-2010-300x200.jpg\" alt=\"JORNADA CAPACITACION 2010\" width=\"300\" height=\"200\" srcset=\"https:\/\/fedemba.org.ar\/web\/wp-content\/uploads\/2011\/07\/JORNADA-CAPACITACION-2010-300x200.jpg 300w, https:\/\/fedemba.org.ar\/web\/wp-content\/uploads\/2011\/07\/JORNADA-CAPACITACION-2010-1024x682.jpg 1024w\" sizes=\"(max-width: 300px) 100vw, 300px\" \/><br \/>\n<\/a><\/p>\n<p>&nbsp;<\/p>\n<p>&nbsp;<\/p>\n<p>&nbsp;<\/p>\n<p>&nbsp;<\/p>\n<p><a href=\"http:\/\/fedemba.org.ar\/web\/wp-content\/uploads\/2011\/07\/JORNADA-CAPACITACION-2010-3.jpg\"><img decoding=\"async\" loading=\"lazy\" class=\"alignleft size-medium wp-image-157\" src=\"http:\/\/fedemba.org.ar\/web\/wp-content\/uploads\/2011\/07\/JORNADA-CAPACITACION-2010-3-300x200.jpg\" alt=\"JORNADA CAPACITACION 2010 - 3\" width=\"300\" height=\"200\" srcset=\"https:\/\/fedemba.org.ar\/web\/wp-content\/uploads\/2011\/07\/JORNADA-CAPACITACION-2010-3-300x200.jpg 300w, https:\/\/fedemba.org.ar\/web\/wp-content\/uploads\/2011\/07\/JORNADA-CAPACITACION-2010-3-1024x682.jpg 1024w\" sizes=\"(max-width: 300px) 100vw, 300px\" \/><br \/>\n<\/a><\/p>\n","protected":false},"excerpt":{"rendered":"<p>El pasado mi\u00e9rcoles 14 de julio, con m\u00e1s de 50 directivos y\/o l\u00edderes operativos de diversas mutuales federadas, se desarroll\u00f3 la Jornada de Capacitaci\u00f3n e Integraci\u00f3n \u201cConstruyendo una nueva mutualidad\u201d en el sal\u00f3n de la Asociaci\u00f3n Mutual de Protecci\u00f3n Familiar.<\/p>\n","protected":false},"author":1,"featured_media":159,"comment_status":"closed","ping_status":"closed","sticky":false,"template":"","format":"standard","meta":[],"categories":[1],"tags":[7,12,8,15,16,10,13],"_links":{"self":[{"href":"https:\/\/fedemba.org.ar\/web\/wp-json\/wp\/v2\/posts\/39"}],"collection":[{"href":"https:\/\/fedemba.org.ar\/web\/wp-json\/wp\/v2\/posts"}],"about":[{"href":"https:\/\/fedemba.org.ar\/web\/wp-json\/wp\/v2\/types\/post"}],"author":[{"embeddable":true,"href":"https:\/\/fedemba.org.ar\/web\/wp-json\/wp\/v2\/users\/1"}],"replies":[{"embeddable":true,"href":"https:\/\/fedemba.org.ar\/web\/wp-json\/wp\/v2\/comments?post=39"}],"version-history":[{"count":12,"href":"https:\/\/fedemba.org.ar\/web\/wp-json\/wp\/v2\/posts\/39\/revisions"}],"predecessor-version":[{"id":286,"href":"https:\/\/fedemba.org.ar\/web\/wp-json\/wp\/v2\/posts\/39\/revisions\/286"}],"wp:featuredmedia":[{"embeddable":true,"href":"https:\/\/fedemba.org.ar\/web\/wp-json\/wp\/v2\/media\/159"}],"wp:attachment":[{"href":"https:\/\/fedemba.org.ar\/web\/wp-json\/wp\/v2\/media?parent=39"}],"wp:term":[{"taxonomy":"category","embeddable":true,"href":"https:\/\/fedemba.org.ar\/web\/wp-json\/wp\/v2\/categories?post=39"},{"taxonomy":"post_tag","embeddable":true,"href":"https:\/\/fedemba.org.ar\/web\/wp-json\/wp\/v2\/tags?post=39"}],"curies":[{"name":"wp","href":"https:\/\/api.w.org\/{rel}","templated":true}]}}