{"id":403,"date":"2014-06-15T12:21:07","date_gmt":"2014-06-15T15:21:07","guid":{"rendered":"http:\/\/fedemba.org.ar\/web\/?p=403"},"modified":"2015-05-22T13:01:14","modified_gmt":"2015-05-22T16:01:14","slug":"jornada-de-capacitacion-cambio-sinergia-transformacion-gestion-del-cambio-para-la-transformacion-de-las-mutuales","status":"publish","type":"post","link":"https:\/\/fedemba.org.ar\/web\/jornada-de-capacitacion-cambio-sinergia-transformacion-gestion-del-cambio-para-la-transformacion-de-las-mutuales\/","title":{"rendered":"Jornada de Capacitaci\u00f3n: \u00abCambio, Sinergia, Transformaci\u00f3n. Gesti\u00f3n del Cambio para la transformaci\u00f3n de las mutuales\u00bb"},"content":{"rendered":"<p><span style=\"line-height: 115%; font-family: 'Arial','sans-serif'; font-size: 12pt;\"><span style=\"color: #000000;\">FEDEMBA realiz\u00f3 el 11 de junio\u00a0en el sal\u00f3n de la mutual AMEPORT, conjuntamente con la Confederaci\u00f3n Nacional de Mutualidades de la Rep\u00fablica Argentina (CONAM) y el Instituto de Capacitaci\u00f3n y Formaci\u00f3n Mutual \u201cCarlos Castillo\u201d de la Organizaci\u00f3n de Entidades Mutuales de las Am\u00e9ricas (ODEMA), la Jornada de Capacitaci\u00f3n de \u201cCambio, Sinergia, Transformaci\u00f3n. Gesti\u00f3n del Cambio para la transformaci\u00f3n de las mutuales\u201d<\/span><\/span><span style=\"line-height: 115%; font-family: 'Arial','sans-serif'; font-size: 12pt;\"><span style=\"color: #000000;\">, destinada a directivos, gerentes y personal de las entidades. Sus objetivos fueron reflexionar sobre la necesidad de las mutuales para posicionar sus servicios como impulsores del crecimiento, consolidar los v\u00ednculos de confianza y solidaridad en los equipos de trabajo como con los asociados, y fortalecer a\u00fan m\u00e1s la integraci\u00f3n entre los dirigentes de las mutuales adheridas a FEDEMBA.<\/span><\/span><\/p>\n<p><span style=\"line-height: 115%; font-family: 'Arial','sans-serif'; font-size: 12pt;\"><span style=\"color: #000000;\"> Los disertadores fueron el Prof. Sergio Echag\u00fce y el Lic. Carlos Castro, ambos del Instituto de Capacitaci\u00f3n, el Cont. Gast\u00f3n Ricciardi, Gerente General de la Asociaci\u00f3n Mutual de Protecci\u00f3n Familiar, y posteriormente a un almuerzo de camarader\u00eda, se desarroll\u00f3 un Panel de Autoridades con la presencia del Dr. Marcelo Collomb, Coordinador T\u00e9cnico del Directorio del INAES, quien se expres\u00f3 al respecto de las \u00faltimas Resoluciones del Instituto; junto a el Dr. Dar\u00edo Mart\u00ednez Corti, Presidente de FEDEMBA, y la Dra. Rosa B. Rodr\u00edguez, Presidenta de CONAM.<\/span><\/span><\/p>\n<p><a href=\"http:\/\/fedemba.org.ar\/web\/wp-content\/uploads\/2014\/06\/pop.jpg\"><img decoding=\"async\" loading=\"lazy\" class=\" wp-image-406\" src=\"http:\/\/fedemba.org.ar\/web\/wp-content\/uploads\/2014\/06\/pop-300x225.jpg\" alt=\"OLYMPUS DIGITAL CAMERA\" width=\"303\" height=\"227\" srcset=\"https:\/\/fedemba.org.ar\/web\/wp-content\/uploads\/2014\/06\/pop-300x225.jpg 300w, https:\/\/fedemba.org.ar\/web\/wp-content\/uploads\/2014\/06\/pop.jpg 730w\" sizes=\"(max-width: 303px) 100vw, 303px\" \/><\/a><\/p>\n","protected":false},"excerpt":{"rendered":"<p>FEDEMBA realiz\u00f3 el 11 de junio, conjuntamente con la Confederaci\u00f3n Nacional de Mutualidades de la Rep\u00fablica Argentina (CONAM) y el Instituto de Capacitaci\u00f3n y Formaci\u00f3n Mutual \u201cCarlos Castillo\u201d de la Organizaci\u00f3n de Entidades Mutuales de las Am\u00e9ricas (ODEMA), la Jornada de Capacitaci\u00f3n de \u201cCambio, Sinergia, Transformaci\u00f3n. Gesti\u00f3n del Cambio para la transformaci\u00f3n de las mutuales\u201d.<\/p>\n","protected":false},"author":1,"featured_media":407,"comment_status":"closed","ping_status":"closed","sticky":false,"template":"","format":"standard","meta":[],"categories":[1],"tags":[30,9,7,12,6,8,15,10,14],"_links":{"self":[{"href":"https:\/\/fedemba.org.ar\/web\/wp-json\/wp\/v2\/posts\/403"}],"collection":[{"href":"https:\/\/fedemba.org.ar\/web\/wp-json\/wp\/v2\/posts"}],"about":[{"href":"https:\/\/fedemba.org.ar\/web\/wp-json\/wp\/v2\/types\/post"}],"author":[{"embeddable":true,"href":"https:\/\/fedemba.org.ar\/web\/wp-json\/wp\/v2\/users\/1"}],"replies":[{"embeddable":true,"href":"https:\/\/fedemba.org.ar\/web\/wp-json\/wp\/v2\/comments?post=403"}],"version-history":[{"count":4,"href":"https:\/\/fedemba.org.ar\/web\/wp-json\/wp\/v2\/posts\/403\/revisions"}],"predecessor-version":[{"id":446,"href":"https:\/\/fedemba.org.ar\/web\/wp-json\/wp\/v2\/posts\/403\/revisions\/446"}],"wp:featuredmedia":[{"embeddable":true,"href":"https:\/\/fedemba.org.ar\/web\/wp-json\/wp\/v2\/media\/407"}],"wp:attachment":[{"href":"https:\/\/fedemba.org.ar\/web\/wp-json\/wp\/v2\/media?parent=403"}],"wp:term":[{"taxonomy":"category","embeddable":true,"href":"https:\/\/fedemba.org.ar\/web\/wp-json\/wp\/v2\/categories?post=403"},{"taxonomy":"post_tag","embeddable":true,"href":"https:\/\/fedemba.org.ar\/web\/wp-json\/wp\/v2\/tags?post=403"}],"curies":[{"name":"wp","href":"https:\/\/api.w.org\/{rel}","templated":true}]}}