{"id":419,"date":"2014-11-27T13:28:23","date_gmt":"2014-11-27T16:28:23","guid":{"rendered":"http:\/\/fedemba.org.ar\/web\/?p=419"},"modified":"2015-05-18T13:44:23","modified_gmt":"2015-05-18T16:44:23","slug":"fedemba-asistio-al-encuentro-el-mutualismo-por-una-vida-sin-violencia","status":"publish","type":"post","link":"https:\/\/fedemba.org.ar\/web\/fedemba-asistio-al-encuentro-el-mutualismo-por-una-vida-sin-violencia\/","title":{"rendered":"FEDEMBA asisti\u00f3 al ENCUENTRO \u00abEL MUTUALISMO POR UNA VIDA SIN VIOLENCIA\u00bb"},"content":{"rendered":"<p>FEDEMBA asisti\u00f3 el 27 de noviembre al ENCUENTRO \u201cEL MUTUALISMO POR UNA VIDA SIN VIOLENCIA\u201dorganizado por la Comisi\u00f3n de G\u00e9nero de CONAM, en la Escuela de Pasteler\u00eda Profesional de la Asociaci\u00f3n Mutual 12 de Enero Trabajadores Pasteleros, Confiteros, Pizzeros, Heladeros, Alfajoreros y Servicios R\u00e1pidos. Dicho evento se efectu\u00f3 con motivo del D\u00eda Internacional contra la Violencia de G\u00e9nero, que se conmemora anualmente cada 25 de noviembre.<\/p>\n<p><a href=\"http:\/\/fedemba.org.ar\/web\/wp-content\/uploads\/2015\/05\/paguina-fedemba-33.jpg\"><img decoding=\"async\" loading=\"lazy\" class=\"alignleft size-medium wp-image-420\" src=\"http:\/\/fedemba.org.ar\/web\/wp-content\/uploads\/2015\/05\/paguina-fedemba-33-300x225.jpg\" alt=\"paguina fedemba 3\" width=\"300\" height=\"225\" srcset=\"https:\/\/fedemba.org.ar\/web\/wp-content\/uploads\/2015\/05\/paguina-fedemba-33-300x225.jpg 300w, https:\/\/fedemba.org.ar\/web\/wp-content\/uploads\/2015\/05\/paguina-fedemba-33-1024x768.jpg 1024w, https:\/\/fedemba.org.ar\/web\/wp-content\/uploads\/2015\/05\/paguina-fedemba-33.jpg 2000w\" sizes=\"(max-width: 300px) 100vw, 300px\" \/><\/a><\/p>\n<p><a href=\"http:\/\/fedemba.org.ar\/web\/wp-content\/uploads\/2015\/05\/paguina-fedemba-41.jpg\"><img decoding=\"async\" loading=\"lazy\" class=\"alignleft size-medium wp-image-421\" src=\"http:\/\/fedemba.org.ar\/web\/wp-content\/uploads\/2015\/05\/paguina-fedemba-41-300x225.jpg\" alt=\"paguina fedemba 4\" width=\"300\" height=\"225\" srcset=\"https:\/\/fedemba.org.ar\/web\/wp-content\/uploads\/2015\/05\/paguina-fedemba-41-300x225.jpg 300w, https:\/\/fedemba.org.ar\/web\/wp-content\/uploads\/2015\/05\/paguina-fedemba-41-1024x768.jpg 1024w, https:\/\/fedemba.org.ar\/web\/wp-content\/uploads\/2015\/05\/paguina-fedemba-41.jpg 2000w\" sizes=\"(max-width: 300px) 100vw, 300px\" \/><\/a><\/p>\n<p>&nbsp;<\/p>\n<p>&nbsp;<\/p>\n<p>&nbsp;<\/p>\n<p>&nbsp;<\/p>\n<p>&nbsp;<\/p>\n<p>&nbsp;<\/p>\n<p><a href=\"http:\/\/fedemba.org.ar\/web\/wp-content\/uploads\/2015\/05\/paguina-fedemba51.jpg\"><img decoding=\"async\" loading=\"lazy\" class=\"alignleft  wp-image-422\" src=\"http:\/\/fedemba.org.ar\/web\/wp-content\/uploads\/2015\/05\/paguina-fedemba51-300x225.jpg\" alt=\"paguina fedemba5\" width=\"345\" height=\"259\" srcset=\"https:\/\/fedemba.org.ar\/web\/wp-content\/uploads\/2015\/05\/paguina-fedemba51-300x225.jpg 300w, https:\/\/fedemba.org.ar\/web\/wp-content\/uploads\/2015\/05\/paguina-fedemba51-1024x768.jpg 1024w, https:\/\/fedemba.org.ar\/web\/wp-content\/uploads\/2015\/05\/paguina-fedemba51.jpg 2000w\" sizes=\"(max-width: 345px) 100vw, 345px\" \/><br \/>\n<\/a><\/p>\n<p>&nbsp;<\/p>\n","protected":false},"excerpt":{"rendered":"<p>FEDEMBA asisti\u00f3 el 27 de noviembre al ENCUENTRO \u201cEL MUTUALISMO POR UNA VIDA SIN VIOLENCIA\u201dorganizado por la Comisi\u00f3n de G\u00e9nero de CONAM, en la Escuela de Pasteler\u00eda Profesional de la Asociaci\u00f3n Mutual 12 de Enero Trabajadores Pasteleros, Confiteros, Pizzeros, Heladeros, Alfajoreros y Servicios R\u00e1pidos. Dicho evento se efectu\u00f3 con motivo del D\u00eda Internacional contra la Violencia de G\u00e9nero, que se conmemora anualmente cada 25 de noviembre.<\/p>\n","protected":false},"author":1,"featured_media":423,"comment_status":"closed","ping_status":"closed","sticky":false,"template":"","format":"standard","meta":[],"categories":[1],"tags":[18,23,12,6,10],"_links":{"self":[{"href":"https:\/\/fedemba.org.ar\/web\/wp-json\/wp\/v2\/posts\/419"}],"collection":[{"href":"https:\/\/fedemba.org.ar\/web\/wp-json\/wp\/v2\/posts"}],"about":[{"href":"https:\/\/fedemba.org.ar\/web\/wp-json\/wp\/v2\/types\/post"}],"author":[{"embeddable":true,"href":"https:\/\/fedemba.org.ar\/web\/wp-json\/wp\/v2\/users\/1"}],"replies":[{"embeddable":true,"href":"https:\/\/fedemba.org.ar\/web\/wp-json\/wp\/v2\/comments?post=419"}],"version-history":[{"count":1,"href":"https:\/\/fedemba.org.ar\/web\/wp-json\/wp\/v2\/posts\/419\/revisions"}],"predecessor-version":[{"id":424,"href":"https:\/\/fedemba.org.ar\/web\/wp-json\/wp\/v2\/posts\/419\/revisions\/424"}],"wp:featuredmedia":[{"embeddable":true,"href":"https:\/\/fedemba.org.ar\/web\/wp-json\/wp\/v2\/media\/423"}],"wp:attachment":[{"href":"https:\/\/fedemba.org.ar\/web\/wp-json\/wp\/v2\/media?parent=419"}],"wp:term":[{"taxonomy":"category","embeddable":true,"href":"https:\/\/fedemba.org.ar\/web\/wp-json\/wp\/v2\/categories?post=419"},{"taxonomy":"post_tag","embeddable":true,"href":"https:\/\/fedemba.org.ar\/web\/wp-json\/wp\/v2\/tags?post=419"}],"curies":[{"name":"wp","href":"https:\/\/api.w.org\/{rel}","templated":true}]}}