{"id":45,"date":"2011-03-30T12:17:37","date_gmt":"2011-03-30T15:17:37","guid":{"rendered":"http:\/\/fedemba.org.ar\/web\/?p=45"},"modified":"2015-05-14T14:21:22","modified_gmt":"2015-05-14T17:21:22","slug":"respuestas-estrategicas-y-de-gestion-para-las-instituciones-mutualistas","status":"publish","type":"post","link":"https:\/\/fedemba.org.ar\/web\/respuestas-estrategicas-y-de-gestion-para-las-instituciones-mutualistas\/","title":{"rendered":"JORNADA DE CAPACITACION PARA DIRIGENTES: PLANEAMIENTO DE L\u00cdNEAS ESTRAT\u00c9GICAS PARA UNA FEDERACI\u00d3N"},"content":{"rendered":"<p><span style=\"color: #333333; font-family: 'Arial','sans-serif';\">El martes 29 de marzo de 2011, con m\u00e1s de 50 directivos de diversas mutuales federadas, se desarroll\u00f3 la Jornada de Capacitaci\u00f3n \u201cPlanteamiento de l\u00edneas estrat\u00e9gicas para una Federaci\u00f3n\u201d en los salones del C\u00edrculo de Suboficiales de la Prefectura Naval Argentina, organizada por FEDEMBA y el Instituto de Capacitaci\u00f3n Mutual Carlos Castillo de la Organizaci\u00f3n de Entidades Mutuales de las Am\u00e9ricas (ODEMA). La apertura del evento cont\u00f3 con las palabras del Vicepresidente de la Confederaci\u00f3n Nacional de Mutualidades de la Rep\u00fablica Argentina, Sr. Ra\u00fal Fern\u00e1ndez, del Sr. Eduardo Daniel Pintos, Presidente del C\u00edrculo de Suboficiales de la Prefectura Naval Argentina y del Presidente de la Federaci\u00f3n de Entidades Mutuales de Buenos Aires, Dr. Dar\u00edo Mart\u00ednez Corti, quien afirm\u00f3: \u201cQuiero resaltar la importancia que tienen este tipo de jornadas ya que cumplimos el objetivo de fortalecer los v\u00ednculos con las entidades adheridas a trav\u00e9s de la capacitaci\u00f3n de sus dirigentes\u201d. El Panel de Inicio estuvo moderado por el Sr. Andr\u00e9s Rodr\u00edguez, Presidente de la Asociaci\u00f3n Mutual del Personal y Emisoras de Juegos de Azar, y se dividi\u00f3 en cuatro etapas: \u201c\u00bfPor qu\u00e9 federarnos?\u201d, \u201c\u00bfPor qu\u00e9 confederarnos?\u201d, \u201c\u00bfPor qu\u00e9 pertenecer a una organizaci\u00f3n internacional?\u201d y \u201cCu\u00e1les deber\u00edan ser las metas que se proponga alcanzar una Federaci\u00f3n?\u201d. Algunas frases para resaltar fueron: Ram\u00f3n An\u00edbal Oscar Tovani &#8211; Asociaci\u00f3n Mutual 12 de Enero: \u201cLa Federaci\u00f3n debe ser el enlace para que dos mutuales adheridas puedan efectuar un convenio, el cual favorezca a la econom\u00eda de una mutual y, al mismo tiempo, a los asociados de la otra a trav\u00e9s de un nuevo servicio\u201d. Hugo Bozzini &#8211; Asociaci\u00f3n Mutual del Personal de Comunicaciones: \u201cAlgunos \u00e1mbitos pol\u00edticos no conocen lo que es el Mutualismo. A trav\u00e9s de la representaci\u00f3n institucional de FEDEMBA podemos protegernos y defender los intereses y derechos del sector\u201d. Rosa Rodr\u00edguez &#8211; Secretaria de CONAM y Presidenta de FOCOMFA: \u201cDebemos politizarnos socialmente. Hay necesidades que no se pueden cubrir individualmente\u201d. Dar\u00edo Mart\u00ednez Corti &#8211; Presidente de FEDEMBA: \u201cTenemos que trabajar en equipo y crear comisiones. No tengo dudas que este tipo de jornadas engrandecen a la Federaci\u00f3n\u201d. Posteriormente, se comenz\u00f3 con un taller sobre L\u00edneas Estrat\u00e9gicas, mediante trabajos en grupos, del cual se elaborar\u00e1 un Documento.<\/span><\/p>\n<p><span style=\"color: #333333; font-family: 'Arial','sans-serif';\">Tambi\u00e9n se realiz\u00f3 una charla sobre las \u201cHerramientas de Comunicaci\u00f3n a Distancia\u201d. Luego del almuerzo, el Vocal por el Mutualismo del Directorio del INAES. Dr. V\u00edctor Ra\u00fal Rossetti, y las Contadoras Mar\u00eda del Huerto Di Loreto y Graciela Balbi, realizaron un informe sobre el \u201cBalance Electr\u00f3nico\u201d, al respecto de la Resoluci\u00f3n Inaes 4110\/10, referente a la presentaci\u00f3n del Balance Social y la documentaci\u00f3n contable exigida, tanto en soporte papel como por transmisi\u00f3n electr\u00f3nica al Sitio Web del INSTITUTO NACIONAL DE ASOCIATIVISMO Y ECONOMIA SOCIAL. Debido a que esta disertaci\u00f3n fue resuelta a \u00faltimo momento, est\u00e1 proyectado en un futuro cercano otro Encuentro para los contadores de las mutuales federadas. El cierre estuvo a cargo del Sr. Carlos Castro, Director del Instituto de Capacitaci\u00f3n Mutual Carlos Castillo, y del Presidente de FEDEMBA, Dr. Dar\u00edo Mart\u00ednez Corti.<\/span><\/p>\n<p><img decoding=\"async\" loading=\"lazy\" id=\"Image7\" src=\"http:\/\/www.fedemba.org.ar\/images\/IMG_5229.JPG\" alt=\"\" width=\"422\" height=\"280\" border=\"0\" \/><\/p>\n<p><img decoding=\"async\" loading=\"lazy\" id=\"Image2\" src=\"http:\/\/www.fedemba.org.ar\/images\/IMG_5200.JPG\" alt=\"\" width=\"316\" height=\"210\" border=\"0\" \/><img decoding=\"async\" loading=\"lazy\" id=\"Image4\" src=\"http:\/\/www.fedemba.org.ar\/images\/IMG_5215.JPG\" alt=\"\" width=\"316\" height=\"210\" border=\"0\" \/><\/p>\n<p>&nbsp;<\/p>\n","protected":false},"excerpt":{"rendered":"<p>En el d\u00eda de ayer, martes 29 de marzo, con m\u00e1s de 50 directivos de diversas mutuales federadas, se desarroll\u00f3 la Jornada de Capacitaci\u00f3n \u201cPlanteamiento de l\u00edneas estrat\u00e9gicas para una Federaci\u00f3n\u201d en los salones del C\u00edrculo de Suboficiales de la Prefectura Naval Argentina, organizada por FEDEMBA y el Instituto de Capacitaci\u00f3n Mutual Carlos Castillo de la Organizaci\u00f3n de Entidades Mutuales de las Am\u00e9ricas (ODEMA).<\/p>\n","protected":false},"author":1,"featured_media":154,"comment_status":"closed","ping_status":"closed","sticky":false,"template":"","format":"standard","meta":[],"categories":[1],"tags":[7,12,6,8,15,10,13,14],"_links":{"self":[{"href":"https:\/\/fedemba.org.ar\/web\/wp-json\/wp\/v2\/posts\/45"}],"collection":[{"href":"https:\/\/fedemba.org.ar\/web\/wp-json\/wp\/v2\/posts"}],"about":[{"href":"https:\/\/fedemba.org.ar\/web\/wp-json\/wp\/v2\/types\/post"}],"author":[{"embeddable":true,"href":"https:\/\/fedemba.org.ar\/web\/wp-json\/wp\/v2\/users\/1"}],"replies":[{"embeddable":true,"href":"https:\/\/fedemba.org.ar\/web\/wp-json\/wp\/v2\/comments?post=45"}],"version-history":[{"count":17,"href":"https:\/\/fedemba.org.ar\/web\/wp-json\/wp\/v2\/posts\/45\/revisions"}],"predecessor-version":[{"id":279,"href":"https:\/\/fedemba.org.ar\/web\/wp-json\/wp\/v2\/posts\/45\/revisions\/279"}],"wp:featuredmedia":[{"embeddable":true,"href":"https:\/\/fedemba.org.ar\/web\/wp-json\/wp\/v2\/media\/154"}],"wp:attachment":[{"href":"https:\/\/fedemba.org.ar\/web\/wp-json\/wp\/v2\/media?parent=45"}],"wp:term":[{"taxonomy":"category","embeddable":true,"href":"https:\/\/fedemba.org.ar\/web\/wp-json\/wp\/v2\/categories?post=45"},{"taxonomy":"post_tag","embeddable":true,"href":"https:\/\/fedemba.org.ar\/web\/wp-json\/wp\/v2\/tags?post=45"}],"curies":[{"name":"wp","href":"https:\/\/api.w.org\/{rel}","templated":true}]}}