{"id":457,"date":"2014-11-01T13:33:09","date_gmt":"2014-11-01T16:33:09","guid":{"rendered":"http:\/\/fedemba.org.ar\/web\/?p=457"},"modified":"2015-05-22T14:01:58","modified_gmt":"2015-05-22T17:01:58","slug":"congreso-de-mutualismo-argentino-2014","status":"publish","type":"post","link":"https:\/\/fedemba.org.ar\/web\/congreso-de-mutualismo-argentino-2014\/","title":{"rendered":"Congreso de Mutualismo ARGENTINO 2014"},"content":{"rendered":"<p>El 30 de octubre en Parque Norte comenz\u00f3 el <strong><em>\u201c<\/em><\/strong><em><strong>Congreso de Mutualismo Argentino 2014\u2033<\/strong>,<\/em><em>\u00a0<\/em>organizado en forma conjunta\u00a0por la Confederaci\u00f3n Nacional de Mutualidades de la Rep\u00fablica Argentina (CONAM), la Confederaci\u00f3n Argentina de Mutualidades (CAM) y el Mutualismo Argentino Confederado (MAC).<\/p>\n<p>En la apertura, ante 1.400 mutualistas de todo el pa\u00eds,\u00a0tomaron la palabra la Presidenta de CONAM Dra. Rosa B. Rodr\u00edguez; el Presidente de Cam Lic. Alejandro Russo; el Presidente de MAC Lic. Mario Vilella; el Director por el Mutualismo, en representaci\u00f3n del INAES, Dr. V\u00edctor Rossetti; y el Sr. Ariel Guarco, en representaci\u00f3n de la Mesa Nacional de la Econom\u00eda Solidaria.<\/p>\n<p>Tras la exposici\u00f3n de Rog\u00e9rio Dall\u00f3, Secretario General de la COLACOT (Brasil), comenz\u00f3 el trabajo de las distintas Comisiones. Es importante destacar las disertaciones de la Dra. Rosa B. Rodr\u00edguez, secretaria de relaciones institucionales de FEDEMBA,\u00a0en la Comisi\u00f3n Econom\u00eda Social y G\u00e9nero; del Presidente de la mutual AMUPEJA, Sr. Andr\u00e9s H. Rodr\u00edguez y del Sr. Cristian Santiago L\u00f3pez, Presidente de la Asociaci\u00f3n Mutual Personal de Seguridad de Tierra del Fuego, en la Comisi\u00f3n J\u00f3venes Mutualistas; del Tesorero de FEDEMBA\u00a0Lic. Guillermo E. Palacios en la Comisi\u00f3n de Vivienda, Consumo y Microcr\u00e9dito; y el Vocal Titular 4\u00ba de FEDEMBA,\u00a0Sr. Manuel Gonz\u00e1lez, en la Comisi\u00f3n de Turismo. Tambi\u00e9n expuso el Dr. Marcelo Kobelinsky, de la Asociaci\u00f3n Mutual de Protecci\u00f3n Familiar,\u00a0sobre Atenci\u00f3n Primaria en la Comisi\u00f3n de Salud. Otras Comisiones importantes fueron las de Ahorro y Pr\u00e9stamo, Relaciones Internacionales, Mutualismo Escolar e Integraci\u00f3n Econ\u00f3mica.<\/p>\n<p>El 31 de octubre en Parque Norte, con la presencia del Presidente del INAES Dr. Patricio Griffin en el cierre del <strong>Congreso de Mutualismo Argentino 2014<\/strong>, la Presidenta de CONAM Dra. Rosa B. Rodr\u00edguez; el Presidente de CAM Lic. Alejandro Russo; y el Presidente de MAC Lic. Mario Vilella, firmaron un acta de compromiso para conformar un \u00e1mbito de trabajo, que priorice el estudio para llevar adelante un proceso de unidad del sector. A tal efecto se conformar\u00e1 una comisi\u00f3n de trabajo, compuesta por TRES (3) representantes de cada Confederaci\u00f3n, que \u00e9stas oportunamente designen, para que dentro del t\u00e9rmino de NOVENTA (90) d\u00edas, elaboren un documento, con una plataforma pragm\u00e1tica que prevea las coincidencias m\u00ednimas, que sea consensuada por cada una de las Federaciones que las componen, preservando y garantizando la plena vigencia de la institucionalidad democr\u00e1tica, y constituya el pilar b\u00e1sico del trabajo conjunto, abordando la tem\u00e1tica de integraci\u00f3n con amplitud, que deber\u00e1 ser pensada de acuerdo a la necesidad del sector.<\/p>\n<p><a href=\"http:\/\/fedemba.org.ar\/web\/wp-content\/uploads\/2015\/05\/paguina-fedemba7.jpg\"><img decoding=\"async\" loading=\"lazy\" class=\"alignleft size-medium wp-image-458\" src=\"http:\/\/fedemba.org.ar\/web\/wp-content\/uploads\/2015\/05\/paguina-fedemba7-300x225.jpg\" alt=\"paguina fedemba\" width=\"300\" height=\"225\" srcset=\"https:\/\/fedemba.org.ar\/web\/wp-content\/uploads\/2015\/05\/paguina-fedemba7-300x225.jpg 300w, https:\/\/fedemba.org.ar\/web\/wp-content\/uploads\/2015\/05\/paguina-fedemba7.jpg 480w\" sizes=\"(max-width: 300px) 100vw, 300px\" \/><\/a><a href=\"http:\/\/fedemba.org.ar\/web\/wp-content\/uploads\/2015\/05\/paguina-fedemba-34.jpg\"><img decoding=\"async\" loading=\"lazy\" class=\"alignleft size-medium wp-image-459\" src=\"http:\/\/fedemba.org.ar\/web\/wp-content\/uploads\/2015\/05\/paguina-fedemba-34-300x225.jpg\" alt=\"paguina fedemba 3\" width=\"300\" height=\"225\" srcset=\"https:\/\/fedemba.org.ar\/web\/wp-content\/uploads\/2015\/05\/paguina-fedemba-34-300x225.jpg 300w, https:\/\/fedemba.org.ar\/web\/wp-content\/uploads\/2015\/05\/paguina-fedemba-34-1024x768.jpg 1024w, https:\/\/fedemba.org.ar\/web\/wp-content\/uploads\/2015\/05\/paguina-fedemba-34.jpg 2000w\" sizes=\"(max-width: 300px) 100vw, 300px\" \/><\/a><\/p>\n<p>&nbsp;<\/p>\n<p>&nbsp;<\/p>\n<p>&nbsp;<\/p>\n<p>&nbsp;<\/p>\n<p>&nbsp;<\/p>\n<p>&nbsp;<\/p>\n<p><a href=\"http:\/\/fedemba.org.ar\/web\/wp-content\/uploads\/2015\/05\/paguina-fedemba-42.jpg\"><img decoding=\"async\" loading=\"lazy\" class=\"alignleft size-medium wp-image-460\" src=\"http:\/\/fedemba.org.ar\/web\/wp-content\/uploads\/2015\/05\/paguina-fedemba-42-300x225.jpg\" alt=\"paguina fedemba 4\" width=\"300\" height=\"225\" srcset=\"https:\/\/fedemba.org.ar\/web\/wp-content\/uploads\/2015\/05\/paguina-fedemba-42-300x225.jpg 300w, https:\/\/fedemba.org.ar\/web\/wp-content\/uploads\/2015\/05\/paguina-fedemba-42-1024x768.jpg 1024w, https:\/\/fedemba.org.ar\/web\/wp-content\/uploads\/2015\/05\/paguina-fedemba-42.jpg 2000w\" sizes=\"(max-width: 300px) 100vw, 300px\" \/><br \/>\n<\/a><\/p>\n","protected":false},"excerpt":{"rendered":"<p>El 30 de octubre en Parque Norte comenz\u00f3 el \u201cCongreso de Mutualismo Argentino 2014\u2033, organizado en forma conjunta por la Confederaci\u00f3n Nacional de Mutualidades de la Rep\u00fablica Argentina (CONAM), la Confederaci\u00f3n Argentina de Mutualidades (CAM) y el Mutualismo Argentino Confederado (MAC).<\/p>\n","protected":false},"author":1,"featured_media":461,"comment_status":"closed","ping_status":"closed","sticky":false,"template":"","format":"standard","meta":[],"categories":[1],"tags":[35,9,12,6,20,8,34,10,14],"_links":{"self":[{"href":"https:\/\/fedemba.org.ar\/web\/wp-json\/wp\/v2\/posts\/457"}],"collection":[{"href":"https:\/\/fedemba.org.ar\/web\/wp-json\/wp\/v2\/posts"}],"about":[{"href":"https:\/\/fedemba.org.ar\/web\/wp-json\/wp\/v2\/types\/post"}],"author":[{"embeddable":true,"href":"https:\/\/fedemba.org.ar\/web\/wp-json\/wp\/v2\/users\/1"}],"replies":[{"embeddable":true,"href":"https:\/\/fedemba.org.ar\/web\/wp-json\/wp\/v2\/comments?post=457"}],"version-history":[{"count":1,"href":"https:\/\/fedemba.org.ar\/web\/wp-json\/wp\/v2\/posts\/457\/revisions"}],"predecessor-version":[{"id":462,"href":"https:\/\/fedemba.org.ar\/web\/wp-json\/wp\/v2\/posts\/457\/revisions\/462"}],"wp:featuredmedia":[{"embeddable":true,"href":"https:\/\/fedemba.org.ar\/web\/wp-json\/wp\/v2\/media\/461"}],"wp:attachment":[{"href":"https:\/\/fedemba.org.ar\/web\/wp-json\/wp\/v2\/media?parent=457"}],"wp:term":[{"taxonomy":"category","embeddable":true,"href":"https:\/\/fedemba.org.ar\/web\/wp-json\/wp\/v2\/categories?post=457"},{"taxonomy":"post_tag","embeddable":true,"href":"https:\/\/fedemba.org.ar\/web\/wp-json\/wp\/v2\/tags?post=457"}],"curies":[{"name":"wp","href":"https:\/\/api.w.org\/{rel}","templated":true}]}}