{"id":463,"date":"2015-02-27T14:03:46","date_gmt":"2015-02-27T17:03:46","guid":{"rendered":"http:\/\/fedemba.org.ar\/web\/?p=463"},"modified":"2015-05-22T15:03:25","modified_gmt":"2015-05-22T18:03:25","slug":"la-mutual-ameport-apadrinara-al-jardin-maternal-municipal-no3-de-avellaneda","status":"publish","type":"post","link":"https:\/\/fedemba.org.ar\/web\/la-mutual-ameport-apadrinara-al-jardin-maternal-municipal-no3-de-avellaneda\/","title":{"rendered":"AMEPORT apadrinar\u00e1 el Jard\u00edn Maternal Municipal N\u00ba3 de Avellaneda"},"content":{"rendered":"<p>El 26 de Febrero representantes de AMEPORT, mutual adherida a la Federaci\u00f3n,\u00a0asistieron a la inauguraci\u00f3n del Jard\u00edn Maternal Municipal N\u00b0 3 de Avellaneda, el cual ser\u00e1 apadrinado por dicha mutual. En la inauguraci\u00f3n estuvieron presentes el Intendente del Municipio de Avellaneda, Ing. Jorge Ferraresi; la Ministra de Educaci\u00f3n y Cultura de la Provincia de Buenos Aires, Dra. Nora Silvana De Lucia y el Coordinador de Relaciones Institucionales de Ameport, Sr. Diego Salom; quien al respecto una vez finalizada la ceremonia, expres\u00f3: \u201c<strong><em>Es importante que los m\u00e1s chiquitos tengan un \u00e1mbito de contenci\u00f3n c\u00e1lido y agradable mientras sus padres van a trabajar. Aqu\u00ed han logrado crear un espacio acorde a esas necesidades y han establecido un equipo de trabajo con muchas ganas de brindarse por los chicos\u201d.<\/em><\/strong><\/p>\n<p>AMEPORT realiz\u00f3 varias visitas al jard\u00edn, cuando \u00e9ste estaba en plena construcci\u00f3n. El Consejo Directivo de la Mutual, que preside el Sr. Alberto Salom, Vicepresidente de la Federaci\u00f3n de Entidades Mutuales de Buenos Aires FEDEMBA, decidi\u00f3 apoyar y acompa\u00f1ar firmemente la iniciativa de desarrollo, ya que los hijos de muchos asociados que trabajan en la Municipalidad de Avellaneda concurrir\u00e1n a la instituci\u00f3n.<\/p>\n<p><a href=\"http:\/\/fedemba.org.ar\/web\/wp-content\/uploads\/2015\/05\/paguina-fedemba-23.jpg\"><img decoding=\"async\" loading=\"lazy\" class=\"alignleft size-medium wp-image-464\" src=\"http:\/\/fedemba.org.ar\/web\/wp-content\/uploads\/2015\/05\/paguina-fedemba-23-300x225.jpg\" alt=\"paguina fedemba 2\" width=\"300\" height=\"225\" \/><\/a><a href=\"http:\/\/fedemba.org.ar\/web\/wp-content\/uploads\/2015\/05\/paguina-fedemba-35.jpg\"><img decoding=\"async\" loading=\"lazy\" class=\"alignleft size-medium wp-image-465\" src=\"http:\/\/fedemba.org.ar\/web\/wp-content\/uploads\/2015\/05\/paguina-fedemba-35-300x225.jpg\" alt=\"paguina fedemba 3\" width=\"300\" height=\"225\" \/><\/a><a href=\"http:\/\/fedemba.org.ar\/web\/wp-content\/uploads\/2015\/05\/paguina-fedemba-43.jpg\"><img decoding=\"async\" loading=\"lazy\" class=\"alignleft size-medium wp-image-466\" src=\"http:\/\/fedemba.org.ar\/web\/wp-content\/uploads\/2015\/05\/paguina-fedemba-43-300x225.jpg\" alt=\"paguina fedemba 4\" width=\"300\" height=\"225\" \/><br \/>\n<\/a><\/p>\n","protected":false},"excerpt":{"rendered":"<p>El 26 de Febrero representantes de AMEPORT, mutual adherida a la Federaci\u00f3n, asistieron a la inauguraci\u00f3n del Jard\u00edn Maternal Municipal N\u00b0 3 de Avellaneda, el cual ser\u00e1 apadrinado por dicha mutual.<\/p>\n","protected":false},"author":1,"featured_media":467,"comment_status":"closed","ping_status":"closed","sticky":false,"template":"","format":"standard","meta":[],"categories":[1],"tags":[25,30,12,6,10],"_links":{"self":[{"href":"https:\/\/fedemba.org.ar\/web\/wp-json\/wp\/v2\/posts\/463"}],"collection":[{"href":"https:\/\/fedemba.org.ar\/web\/wp-json\/wp\/v2\/posts"}],"about":[{"href":"https:\/\/fedemba.org.ar\/web\/wp-json\/wp\/v2\/types\/post"}],"author":[{"embeddable":true,"href":"https:\/\/fedemba.org.ar\/web\/wp-json\/wp\/v2\/users\/1"}],"replies":[{"embeddable":true,"href":"https:\/\/fedemba.org.ar\/web\/wp-json\/wp\/v2\/comments?post=463"}],"version-history":[{"count":5,"href":"https:\/\/fedemba.org.ar\/web\/wp-json\/wp\/v2\/posts\/463\/revisions"}],"predecessor-version":[{"id":496,"href":"https:\/\/fedemba.org.ar\/web\/wp-json\/wp\/v2\/posts\/463\/revisions\/496"}],"wp:featuredmedia":[{"embeddable":true,"href":"https:\/\/fedemba.org.ar\/web\/wp-json\/wp\/v2\/media\/467"}],"wp:attachment":[{"href":"https:\/\/fedemba.org.ar\/web\/wp-json\/wp\/v2\/media?parent=463"}],"wp:term":[{"taxonomy":"category","embeddable":true,"href":"https:\/\/fedemba.org.ar\/web\/wp-json\/wp\/v2\/categories?post=463"},{"taxonomy":"post_tag","embeddable":true,"href":"https:\/\/fedemba.org.ar\/web\/wp-json\/wp\/v2\/tags?post=463"}],"curies":[{"name":"wp","href":"https:\/\/api.w.org\/{rel}","templated":true}]}}