{"id":480,"date":"2015-04-25T14:31:53","date_gmt":"2015-04-25T17:31:53","guid":{"rendered":"http:\/\/fedemba.org.ar\/web\/?p=480"},"modified":"2015-05-22T15:11:11","modified_gmt":"2015-05-22T18:11:11","slug":"fedemba-nuevamente-presente-en-la-feria-del-libro","status":"publish","type":"post","link":"https:\/\/fedemba.org.ar\/web\/fedemba-nuevamente-presente-en-la-feria-del-libro\/","title":{"rendered":"FEDEMBA nuevamente presente en la Feria del libro"},"content":{"rendered":"<p>FEDEMBA se encuentra nuevamente presente en otra edici\u00f3n de la Feria del libro. Invitados por la periodista Noem\u00ed Gladys Gorriz, Directora de la revista Mutualismo Hoy,\u00a0la Federaci\u00f3n\u00a0participa por tercera vez en esta magn\u00edfica exposici\u00f3n que cada a\u00f1o suma a m\u00e1s visitantes, con un amplio stand ubicado estrat\u00e9gicamente para el paso de las personas, el cual cuenta con un equipo de trabajo a disposici\u00f3n dispuesto a llevar el mutualismo al conocimiento de todos.<\/p>\n<p>En la inauguraci\u00f3n del stand N\u00ba 3.050 del Sal\u00f3n Ocre del pasado viernes 24 de abril, estuvieron presentes el Tesorero de\u00a0FEDEMBA Lic. Guillermo Palacios, el Vicepresidente de FEDEMBA Sr. Alberto Salom, quien estuvo conversando con el Ministro de Trabajo, Empleo y \u00a0Seguridad Social de la Argentina Dr. Carlos Tomada, y otros directivos de la Federaci\u00f3n, que en conjunto con los empleados acompa\u00f1aron y celebraron la presencia mutualista en el lugar.<\/p>\n<p><a href=\"http:\/\/fedemba.org.ar\/web\/wp-content\/uploads\/2015\/05\/stand-feria.jpg\"><img decoding=\"async\" loading=\"lazy\" class=\"alignleft size-medium wp-image-481\" src=\"http:\/\/fedemba.org.ar\/web\/wp-content\/uploads\/2015\/05\/stand-feria-300x225.jpg\" alt=\"stand feria\" width=\"300\" height=\"225\" \/><\/a><a href=\"http:\/\/fedemba.org.ar\/web\/wp-content\/uploads\/2015\/05\/el-albert.jpg\"><img decoding=\"async\" loading=\"lazy\" class=\"alignleft size-medium wp-image-482\" src=\"http:\/\/fedemba.org.ar\/web\/wp-content\/uploads\/2015\/05\/el-albert-300x225.jpg\" alt=\"el albert\" width=\"300\" height=\"225\" \/><\/a><a href=\"http:\/\/fedemba.org.ar\/web\/wp-content\/uploads\/2015\/05\/paguina-fedemba-24.jpg\"><img decoding=\"async\" loading=\"lazy\" class=\"alignleft size-medium wp-image-483\" src=\"http:\/\/fedemba.org.ar\/web\/wp-content\/uploads\/2015\/05\/paguina-fedemba-24-300x225.jpg\" alt=\"paguina fedemba 2\" width=\"300\" height=\"225\" \/><\/a><a href=\"http:\/\/fedemba.org.ar\/web\/wp-content\/uploads\/2015\/05\/la-feriaaa.jpg\"><img decoding=\"async\" loading=\"lazy\" class=\"alignleft size-medium wp-image-484\" src=\"http:\/\/fedemba.org.ar\/web\/wp-content\/uploads\/2015\/05\/la-feriaaa-300x225.jpg\" alt=\"la feriaaa\" width=\"300\" height=\"225\" \/><\/a><a href=\"http:\/\/fedemba.org.ar\/web\/wp-content\/uploads\/2015\/05\/paguina-fedemba-24.jpg\"><br \/>\n<\/a><\/p>\n<p>&nbsp;<\/p>\n","protected":false},"excerpt":{"rendered":"<p>FEDEMBA se encuentra nuevamente presente en otra edici\u00f3n de la Feria del libro. Invitados por la periodista Noem\u00ed Gladys Gorriz, Directora de la revista Mutualismo Hoy, la Federaci\u00f3n participa por tercera vez en esta magn\u00edfica exposici\u00f3n que cada a\u00f1o suma a m\u00e1s visitantes, con un amplio stand ubicado estrat\u00e9gicamente para el paso de las personas, el cual cuenta con un equipo de trabajo a disposici\u00f3n dispuesto a llevar el mutualismo al conocimiento de todos.<\/p>\n","protected":false},"author":1,"featured_media":485,"comment_status":"closed","ping_status":"closed","sticky":false,"template":"","format":"standard","meta":[],"categories":[1],"tags":[25,12,6,21,22,20,10],"_links":{"self":[{"href":"https:\/\/fedemba.org.ar\/web\/wp-json\/wp\/v2\/posts\/480"}],"collection":[{"href":"https:\/\/fedemba.org.ar\/web\/wp-json\/wp\/v2\/posts"}],"about":[{"href":"https:\/\/fedemba.org.ar\/web\/wp-json\/wp\/v2\/types\/post"}],"author":[{"embeddable":true,"href":"https:\/\/fedemba.org.ar\/web\/wp-json\/wp\/v2\/users\/1"}],"replies":[{"embeddable":true,"href":"https:\/\/fedemba.org.ar\/web\/wp-json\/wp\/v2\/comments?post=480"}],"version-history":[{"count":3,"href":"https:\/\/fedemba.org.ar\/web\/wp-json\/wp\/v2\/posts\/480\/revisions"}],"predecessor-version":[{"id":500,"href":"https:\/\/fedemba.org.ar\/web\/wp-json\/wp\/v2\/posts\/480\/revisions\/500"}],"wp:featuredmedia":[{"embeddable":true,"href":"https:\/\/fedemba.org.ar\/web\/wp-json\/wp\/v2\/media\/485"}],"wp:attachment":[{"href":"https:\/\/fedemba.org.ar\/web\/wp-json\/wp\/v2\/media?parent=480"}],"wp:term":[{"taxonomy":"category","embeddable":true,"href":"https:\/\/fedemba.org.ar\/web\/wp-json\/wp\/v2\/categories?post=480"},{"taxonomy":"post_tag","embeddable":true,"href":"https:\/\/fedemba.org.ar\/web\/wp-json\/wp\/v2\/tags?post=480"}],"curies":[{"name":"wp","href":"https:\/\/api.w.org\/{rel}","templated":true}]}}