{"id":52,"date":"2012-06-24T10:20:37","date_gmt":"2012-06-24T13:20:37","guid":{"rendered":"http:\/\/fedemba.org.ar\/web\/?p=52"},"modified":"2015-05-14T14:32:34","modified_gmt":"2015-05-14T17:32:34","slug":"jornada-de-capacitacion-dirigida-a-directivos-de-mutuales-adheridas","status":"publish","type":"post","link":"https:\/\/fedemba.org.ar\/web\/jornada-de-capacitacion-dirigida-a-directivos-de-mutuales-adheridas\/","title":{"rendered":"Jornada de Capacitaci\u00f3n \u201cRespuestas estrat\u00e9gicas y de gesti\u00f3n para las instituciones mutualistas\u201d"},"content":{"rendered":"<p>El 22 de junio de 2012 se desarroll\u00f3 la Jornada de Capacitaci\u00f3n \u201cRespuestas estrat\u00e9gicas y de gesti\u00f3n para las instituciones mutualistas\u201d en la Regional Buenos Aires del C\u00edrculo de Suboficiales de la Fuerza A\u00e9rea Argentina, dirigida a directivos de las mutuales adheridas a FEDEMBA.<\/p>\n<p>La apertura del evento cont\u00f3 con las palabras del Presidente de la Federaci\u00f3n Dr. Dar\u00edo Mart\u00ednez Corti,\u00a0del\u00a0Presidente del C\u00edrculo de Suboficiales de la Fuerza A\u00e9rea Argentina Asociaci\u00f3n Mutual Sr. Hugo Delmar Castellini y, posteriormente, la Dra. Rosa B. Rodr\u00edguez, Secretaria de Promoci\u00f3n y Relaciones Institucionales de FEDEMBA, y el Dr. Fernando Torres, Vicepresidente de FEDEMBA, contextualizaron las razones del encuentro y explicaron la situaci\u00f3n que atraviesa el Mutualismo a ra\u00edz de los decretos Nros. 246\/2011, de fecha 22 de noviembre de 2011, y 14\/2012, de fecha 9 de enero de 2012.<\/p>\n<p>La Jornada cont\u00f3 con la coordinaci\u00f3n del Instituto de Capacitaci\u00f3n y Formaci\u00f3n Mutual \u201cCarlos Castillo\u201d de la Organizaci\u00f3n de Entidades Mutuales de las Am\u00e9ricas (ODEMA) y los principales temas tratados fueron \u201cRespuestas desde el Gerenciamiento\u201d por Gast\u00f3n Ricciardi, Gerente General de la Asociaci\u00f3n Mutual de Protecci\u00f3n Familiar, y \u201cRespuestas desde el accionar con los asociados\u201d por Gast\u00f3n Salvioli, Gerente de Desarrollo de la Asociaci\u00f3n Mutual de Protecci\u00f3n Familiar.<\/p>\n<p>Finalmente, se disert\u00f3 sobre la \u201cIntroducci\u00f3n a la problem\u00e1tica de Lavado de Dinero\u201d. Cerrando la jornada, todos los presentes compartieron un Asado de Camarader\u00eda fomentando as\u00ed la integraci\u00f3n de las mutuales adheridas a la Federaci\u00f3n.<\/p>\n<p>&nbsp;<\/p>\n<p><a href=\"http:\/\/fedemba.org.ar\/web\/wp-content\/uploads\/2014\/10\/2.jpg\"><img decoding=\"async\" loading=\"lazy\" class=\"alignleft size-medium wp-image-166\" src=\"http:\/\/fedemba.org.ar\/web\/wp-content\/uploads\/2014\/10\/2-300x225.jpg\" alt=\"2\" width=\"300\" height=\"225\" srcset=\"https:\/\/fedemba.org.ar\/web\/wp-content\/uploads\/2014\/10\/2-300x225.jpg 300w, https:\/\/fedemba.org.ar\/web\/wp-content\/uploads\/2014\/10\/2-1024x768.jpg 1024w, https:\/\/fedemba.org.ar\/web\/wp-content\/uploads\/2014\/10\/2.jpg 2000w\" sizes=\"(max-width: 300px) 100vw, 300px\" \/><\/a><a href=\"http:\/\/fedemba.org.ar\/web\/wp-content\/uploads\/2012\/06\/paguina-fedemba.jpg\"><img decoding=\"async\" loading=\"lazy\" class=\"alignleft size-medium wp-image-238\" src=\"http:\/\/fedemba.org.ar\/web\/wp-content\/uploads\/2012\/06\/paguina-fedemba-300x225.jpg\" alt=\"paguina fedemba\" width=\"300\" height=\"225\" srcset=\"https:\/\/fedemba.org.ar\/web\/wp-content\/uploads\/2012\/06\/paguina-fedemba-300x225.jpg 300w, https:\/\/fedemba.org.ar\/web\/wp-content\/uploads\/2012\/06\/paguina-fedemba-1024x768.jpg 1024w, https:\/\/fedemba.org.ar\/web\/wp-content\/uploads\/2012\/06\/paguina-fedemba.jpg 2000w\" sizes=\"(max-width: 300px) 100vw, 300px\" \/><\/a><\/p>\n","protected":false},"excerpt":{"rendered":"<p>El 22 de junio de 2012 se desarroll\u00f3 la Jornada de Capacitaci\u00f3n \u201cRespuestas estrat\u00e9gicas y de gesti\u00f3n para las instituciones mutualistas\u201d en la Regional Buenos Aires del C\u00edrculo de Suboficiales de la Fuerza A\u00e9rea Argentina, dirigida a directivos de las mutuales adheridas a FEDEMBA.<\/p>\n","protected":false},"author":1,"featured_media":165,"comment_status":"closed","ping_status":"closed","sticky":false,"template":"","format":"standard","meta":[],"categories":[1],"tags":[27,7,6,15,10,13,14],"_links":{"self":[{"href":"https:\/\/fedemba.org.ar\/web\/wp-json\/wp\/v2\/posts\/52"}],"collection":[{"href":"https:\/\/fedemba.org.ar\/web\/wp-json\/wp\/v2\/posts"}],"about":[{"href":"https:\/\/fedemba.org.ar\/web\/wp-json\/wp\/v2\/types\/post"}],"author":[{"embeddable":true,"href":"https:\/\/fedemba.org.ar\/web\/wp-json\/wp\/v2\/users\/1"}],"replies":[{"embeddable":true,"href":"https:\/\/fedemba.org.ar\/web\/wp-json\/wp\/v2\/comments?post=52"}],"version-history":[{"count":10,"href":"https:\/\/fedemba.org.ar\/web\/wp-json\/wp\/v2\/posts\/52\/revisions"}],"predecessor-version":[{"id":291,"href":"https:\/\/fedemba.org.ar\/web\/wp-json\/wp\/v2\/posts\/52\/revisions\/291"}],"wp:featuredmedia":[{"embeddable":true,"href":"https:\/\/fedemba.org.ar\/web\/wp-json\/wp\/v2\/media\/165"}],"wp:attachment":[{"href":"https:\/\/fedemba.org.ar\/web\/wp-json\/wp\/v2\/media?parent=52"}],"wp:term":[{"taxonomy":"category","embeddable":true,"href":"https:\/\/fedemba.org.ar\/web\/wp-json\/wp\/v2\/categories?post=52"},{"taxonomy":"post_tag","embeddable":true,"href":"https:\/\/fedemba.org.ar\/web\/wp-json\/wp\/v2\/tags?post=52"}],"curies":[{"name":"wp","href":"https:\/\/api.w.org\/{rel}","templated":true}]}}