{"id":521,"date":"2015-07-08T14:27:22","date_gmt":"2015-07-08T17:27:22","guid":{"rendered":"http:\/\/fedemba.org.ar\/web\/?p=521"},"modified":"2015-07-08T14:30:11","modified_gmt":"2015-07-08T17:30:11","slug":"odema-trabaja-para-formalizar-la-creacion-de-una-organizacion-iberoamericana-de-mutualismo","status":"publish","type":"post","link":"https:\/\/fedemba.org.ar\/web\/odema-trabaja-para-formalizar-la-creacion-de-una-organizacion-iberoamericana-de-mutualismo\/","title":{"rendered":"ODEMA TRABAJA PARA FORMALIZAR LA CREACI\u00d3N DE UNA ORGANIZACI\u00d3N IBEROAMERICANA DE MUTUALISMO"},"content":{"rendered":"<p>En junio pasado, en la ciudad de Madrid, se realiz\u00f3 el encuentro programado entre la Confederaci\u00f3n Espa\u00f1ola de Mutualidades y la Organizaci\u00f3n de Entidades Mutuales de las Am\u00e9ricas, con el prop\u00f3sito de avanzar en el desarrollo del convenio celebrado oportunamente entre ambas entidades. El punto central de las conversaciones fue avanzar en las gestiones para formalizar la creaci\u00f3n de una Organizaci\u00f3n Iberoamericana de Mutualismo, que tendr\u00e1 como objetivo fundamental la promoci\u00f3n y el conocimiento del sistema mutual en todos los \u00e1mbitos internacionales.<\/p>\n<p>Participaron en la reuni\u00f3n el Presidente de la Confederaci\u00f3n Pedro Mu\u00f1oz P\u00e9rez, el\u00a0Presidente de Odema Alfredo Sigliano, los referentes de Odema\u00a0\u00a0para el funcionamiento del convenio Jos\u00e9 Lira Fern\u00e1ndez y Andr\u00e9s Rom\u00e1n, y la gerente de Comunicaci\u00f3n Social Mar\u00eda Rosa S\u00e1enz.<\/p>\n<p>Asimismo, se trat\u00f3 sobre la posibilidad de realizar, en el \u00e1mbito de la 105\u00ba Conferencia Internacional del Trabajo durante el a\u00f1o 2016,\u00a0\u00a0una reuni\u00f3n de car\u00e1cter\u00a0\u00a0multilateral con el objetivo de tratar la tem\u00e1tica \u201cEl rol del mutualismo en el \u00e1mbito del trabajo y la seguridad social, y la labor\u00a0mancomunada con los estados\u201d.<\/p>\n<p>Es importante destacar que la Federaci\u00f3n de Entidades Mutuales de Buenos Aires se encuentra adherida a ODEMA desde su fundaci\u00f3n en el 2005. Adem\u00e1s, el Secretario de Prensa de FEDEMBA, Sr. Manuel Balea Reino, es Director Suplente de la Organizaci\u00f3n por la Rep\u00fablica Argentina, la Secretaria de Promoci\u00f3n y Relaciones Institucionales Dra. Rosa B. Rodr\u00edguez es Secretaria de la Comisi\u00f3n ODEMA Mujeres, y el Presidente Dr. Dar\u00edo Mart\u00ednez Corti es el Coordinador de Promoci\u00f3n Institucional de la Organizaci\u00f3n.<\/p>\n<h2>Representaci\u00f3n de Odema ante autoridades africanas<\/h2>\n<p>Con motivo de la participaci\u00f3n en la 104\u00ba sesi\u00f3n de la Conferencia Internacional del Trabajo en Ginebra, la Organizaci\u00f3n de Entidades Mutuales de las Am\u00e9ricas y la Uni\u00f3n Africana de la Mutualidad se reunieron con el ministro de Empleo y Asuntos Sociales de Marruecos, Abdeslam Seddiki, y el embajador permanente de Marruecos ante Naciones Unidas, Mahamed Auajjar.<\/p>\n<p>Dicho encuentro se realiz\u00f3 con el prop\u00f3sito de avanzar en el trabajo mancomunado entre las entidades de la sociedad civil -en especial las mutuales- y las \u00e1reas de gobierno relacionadas con la econom\u00eda social y solidaria, al mismo tiempo de solicitar un apoyo sostenido a la mutualidad, destacando el rol que ellas ostentan en la igualdad y la cohesi\u00f3n social de los pueblos, y entendiendo que el sistema solidario est\u00e1 capacitado para acompa\u00f1ar eficientemente a los estados en la tarea de instrumentar pol\u00edticas p\u00fablicas que garanticen el acceso a servicios sociales esenciales para todos, especialmente dirigidas a los grupos m\u00e1s vulnerables de la sociedad.<\/p>\n<p>Los ministros manifestaron su apoyo a la mutualidad, confirmando que en su pa\u00eds se ha creado un ministerio de econom\u00eda social y solidaria, y es su voluntad y compromiso trabajar en el est\u00edmulo, promoci\u00f3n y desarrollo de las mutuales, ya que consideran que existe una din\u00e1mica viva de estas entidades que hacen que las sociedades se desarrollen en equidad, teniendo como objeto principal a la persona y su desarrollo, basado en el inter\u00e9s colectivo de sus integrantes en igualdad de oportunidades para todos.<\/p>\n<p>Asimismo, ante la iniciativa de Odema de realizar el a\u00f1o pr\u00f3ximo una reuni\u00f3n de car\u00e1cter\u00a0 multilateral en el \u00e1mbito de la 105\u00ba Conferencia Internacional del Trabajo, con el objetivo de tratar la tem\u00e1tica \u201cEl rol del mutualismo en el \u00e1mbito del trabajo y la seguridad social y el trabajo mancomunado con los estados\u201d, el ministro Seddiki respondi\u00f3 con total apoyo a la propuesta y se comprometi\u00f3 a ser \u00e9l quien solicite a la OIT la posibilidad de esta jornada.<\/p>\n<p><a href=\"http:\/\/fedemba.org.ar\/web\/wp-content\/uploads\/2015\/07\/DSC_0913-Reducida.jpg\"><img decoding=\"async\" loading=\"lazy\" class=\"alignleft size-medium wp-image-523\" src=\"http:\/\/fedemba.org.ar\/web\/wp-content\/uploads\/2015\/07\/DSC_0913-Reducida-300x169.jpg\" alt=\"DSC_0913 Reducida\" width=\"300\" height=\"169\" srcset=\"https:\/\/fedemba.org.ar\/web\/wp-content\/uploads\/2015\/07\/DSC_0913-Reducida-300x169.jpg 300w, https:\/\/fedemba.org.ar\/web\/wp-content\/uploads\/2015\/07\/DSC_0913-Reducida-1024x576.jpg 1024w, https:\/\/fedemba.org.ar\/web\/wp-content\/uploads\/2015\/07\/DSC_0913-Reducida.jpg 1299w\" sizes=\"(max-width: 300px) 100vw, 300px\" \/><\/a> <a href=\"http:\/\/fedemba.org.ar\/web\/wp-content\/uploads\/2015\/07\/DSC_0920-Reducida.jpg\"><img decoding=\"async\" loading=\"lazy\" class=\"alignleft size-medium wp-image-524\" src=\"http:\/\/fedemba.org.ar\/web\/wp-content\/uploads\/2015\/07\/DSC_0920-Reducida-300x169.jpg\" alt=\"DSC_0920 Reducida\" width=\"300\" height=\"169\" srcset=\"https:\/\/fedemba.org.ar\/web\/wp-content\/uploads\/2015\/07\/DSC_0920-Reducida-300x169.jpg 300w, https:\/\/fedemba.org.ar\/web\/wp-content\/uploads\/2015\/07\/DSC_0920-Reducida-1024x576.jpg 1024w, https:\/\/fedemba.org.ar\/web\/wp-content\/uploads\/2015\/07\/DSC_0920-Reducida.jpg 1299w\" sizes=\"(max-width: 300px) 100vw, 300px\" \/><\/a><\/p>\n<h2><\/h2>\n<h2><\/h2>\n<h2><\/h2>\n<p>&nbsp;<\/p>\n<h2>\u00a0<strong>Odema presente en la OEA<br \/>\n<\/strong><\/h2>\n<p><strong><br \/>\n<\/strong>Durante los d\u00edas 13 y 14 de Junio de 2015, se desarroll\u00f3 en Washington DC la 45\u00ba Asamblea General de la Organizaci\u00f3n de los Estados Americanos (OEA), a la cual asistieron, en representaci\u00f3n de Odema, el director titular por los EEUU, Sr. Jos\u00e9 Z\u00e1rate y la directora suplente, Juanita Z\u00e1rate.<\/p>\n<p>Los representantes integraron la comisi\u00f3n que trabaj\u00f3 bajo la consigna \u201cFomentar el desarrollo Integral y la prosperidad\u201d. Ante la presencia del nuevo Secretario General de la OEA, el uruguayo Dr. Luis Leonardo Almagro Lemes, Odema present\u00f3 una recomendaci\u00f3n, posteriormente aprobada, que expresa lo siguiente: \u201cSe recomienda crear dentro del \u00e1mbito de la OEA un espacio para las Organizaciones de la Sociedad Civil pertenecientes al sector de la Econom\u00eda Social, como ser Mutuales, Cooperativas y Fundaciones, con el objetivo de facilitar el intercambio de buenas pr\u00e1cticas y la elaboraci\u00f3n de recomendaciones para los estados miembros, a los fines de contribuir a la implementaci\u00f3n universal de pisos m\u00ednimos de protecci\u00f3n social y promover pol\u00edticas globales en ese sentido\u201d.<\/p>\n<p><a href=\"http:\/\/fedemba.org.ar\/web\/wp-content\/uploads\/2015\/07\/OEA.jpg\"><img decoding=\"async\" loading=\"lazy\" class=\"alignleft size-medium wp-image-525\" src=\"http:\/\/fedemba.org.ar\/web\/wp-content\/uploads\/2015\/07\/OEA-225x300.jpg\" alt=\"OEA\" width=\"225\" height=\"300\" srcset=\"https:\/\/fedemba.org.ar\/web\/wp-content\/uploads\/2015\/07\/OEA-225x300.jpg 225w, https:\/\/fedemba.org.ar\/web\/wp-content\/uploads\/2015\/07\/OEA.jpg 480w\" sizes=\"(max-width: 225px) 100vw, 225px\" \/><\/a><\/p>\n<p>&nbsp;<\/p>\n<p>&nbsp;<\/p>\n<p>&nbsp;<\/p>\n<p>&nbsp;<\/p>\n<p>&nbsp;<\/p>\n<p>&nbsp;<\/p>\n<p>&nbsp;<\/p>\n<p>&nbsp;<\/p>\n<p>&nbsp;<\/p>\n<p><strong>GENTILEZA DE PRENSA ODEMA &#8211;\u00a0<\/strong><strong>JUNIO 2015<\/strong><\/p>\n","protected":false},"excerpt":{"rendered":"<p>En junio pasado, en la ciudad de Madrid, se realiz\u00f3 el encuentro programado entre la Confederaci\u00f3n Espa\u00f1ola de Mutualidades y la Organizaci\u00f3n de Entidades Mutuales de las Am\u00e9ricas, con el prop\u00f3sito de avanzar en el desarrollo del convenio celebrado oportunamente entre ambas entidades. El punto central de las conversaciones fue avanzar en las gestiones para [&hellip;]<\/p>\n","protected":false},"author":1,"featured_media":522,"comment_status":"closed","ping_status":"closed","sticky":false,"template":"","format":"standard","meta":[],"categories":[1],"tags":[37,12,6,10,13],"_links":{"self":[{"href":"https:\/\/fedemba.org.ar\/web\/wp-json\/wp\/v2\/posts\/521"}],"collection":[{"href":"https:\/\/fedemba.org.ar\/web\/wp-json\/wp\/v2\/posts"}],"about":[{"href":"https:\/\/fedemba.org.ar\/web\/wp-json\/wp\/v2\/types\/post"}],"author":[{"embeddable":true,"href":"https:\/\/fedemba.org.ar\/web\/wp-json\/wp\/v2\/users\/1"}],"replies":[{"embeddable":true,"href":"https:\/\/fedemba.org.ar\/web\/wp-json\/wp\/v2\/comments?post=521"}],"version-history":[{"count":3,"href":"https:\/\/fedemba.org.ar\/web\/wp-json\/wp\/v2\/posts\/521\/revisions"}],"predecessor-version":[{"id":528,"href":"https:\/\/fedemba.org.ar\/web\/wp-json\/wp\/v2\/posts\/521\/revisions\/528"}],"wp:featuredmedia":[{"embeddable":true,"href":"https:\/\/fedemba.org.ar\/web\/wp-json\/wp\/v2\/media\/522"}],"wp:attachment":[{"href":"https:\/\/fedemba.org.ar\/web\/wp-json\/wp\/v2\/media?parent=521"}],"wp:term":[{"taxonomy":"category","embeddable":true,"href":"https:\/\/fedemba.org.ar\/web\/wp-json\/wp\/v2\/categories?post=521"},{"taxonomy":"post_tag","embeddable":true,"href":"https:\/\/fedemba.org.ar\/web\/wp-json\/wp\/v2\/tags?post=521"}],"curies":[{"name":"wp","href":"https:\/\/api.w.org\/{rel}","templated":true}]}}