{"id":530,"date":"2015-08-20T15:15:06","date_gmt":"2015-08-20T18:15:06","guid":{"rendered":"http:\/\/fedemba.org.ar\/web\/?p=530"},"modified":"2015-08-20T15:15:27","modified_gmt":"2015-08-20T18:15:27","slug":"se-acerca-la-asamblea-general-ordinaria-2015","status":"publish","type":"post","link":"https:\/\/fedemba.org.ar\/web\/se-acerca-la-asamblea-general-ordinaria-2015\/","title":{"rendered":"Se acerca la Asamblea General Ordinaria 2015"},"content":{"rendered":"<p><strong><span style=\"text-decoration: underline;\">Sres. Presidentes de Mutuales <\/span><\/strong><br \/>\n<strong><span style=\"text-decoration: underline;\">adheridas a FEDEMBA<\/span><\/strong><\/p>\n<p>De nuestra mayor consideraci\u00f3n:<\/p>\n<p>Tenemos el agrado de dirigirnos a ustedes con el fin de informarles, como ya lo hicimos oportunamente detallando la cantidad de delegados por entidad, que el jueves 10 de septiembre del corriente a\u00f1o a las 18.30 horas se llevar\u00e1 a cabo la Asamblea General Ordinaria de la Federaci\u00f3n de Entidades Mutuales de Buenos Aires (FEDEMBA), oportunamente convocada y publicada de acuerdo a las normas legales vigentes. La misma se realizar\u00e1 en Av. Corrientes 4367, Capital Federal, para tratar el siguiente orden del d\u00eda:<\/p>\n<p>1\u00b0) Designaci\u00f3n de dos Delegados para la firma del Acta de Asamblea.<br \/>\n2\u00b0) Consideraci\u00f3n de la Memoria, Balance General, Cuadros Anexos, Cuenta de Gastos y Recursos e Informe de la Junta Fiscalizadora y del Auditor Externo correspondientes al Ejercicio cerrado el 31-05-2015.<br \/>\n3\u00ba) Ratificaci\u00f3n del aumento de la cuota social.<\/p>\n<p>Finalmente, compartiremos todos juntos una Cena de Camarader\u00eda, sin costo para las entidades federadas. Resulta sumamente importante y valioso contar con ustedes para fortalecer la integraci\u00f3n de las mutuales de la Federaci\u00f3n. Sin otro particular, cordialmente.<br \/>\n<a href=\"http:\/\/fedemba.org.ar\/web\/wp-content\/uploads\/2015\/08\/FIRMAS-FEDEMBA-DAR\u00cdO-Y-HUGO.jpg\"><img decoding=\"async\" loading=\"lazy\" class=\"  wp-image-533 aligncenter\" src=\"http:\/\/fedemba.org.ar\/web\/wp-content\/uploads\/2015\/08\/FIRMAS-FEDEMBA-DAR\u00cdO-Y-HUGO-300x126.jpg\" alt=\"FIRMAS FEDEMBA - DAR\u00cdO Y HUGO\" width=\"386\" height=\"162\" srcset=\"https:\/\/fedemba.org.ar\/web\/wp-content\/uploads\/2015\/08\/FIRMAS-FEDEMBA-DAR\u00cdO-Y-HUGO-300x126.jpg 300w, https:\/\/fedemba.org.ar\/web\/wp-content\/uploads\/2015\/08\/FIRMAS-FEDEMBA-DAR\u00cdO-Y-HUGO.jpg 920w\" sizes=\"(max-width: 386px) 100vw, 386px\" \/><\/a><\/p>\n<p><strong>Nota: Confirmar asistencia antes del jueves 27 de agosto a fedemba@yahoo.com.ar o al 4361-7491.<\/strong><\/p>\n","protected":false},"excerpt":{"rendered":"<p>El jueves 10 de septiembre del corriente a\u00f1o a las 18.30 horas se llevar\u00e1 a cabo la Asamblea General Ordinaria de la Federaci\u00f3n de Entidades Mutuales de Buenos Aires (FEDEMBA), oportunamente convocada y publicada de acuerdo a las normas legales vigentes. La misma se realizar\u00e1 en Av. Corrientes 4367, Capital Federal.<\/p>\n","protected":false},"author":1,"featured_media":161,"comment_status":"closed","ping_status":"closed","sticky":false,"template":"","format":"standard","meta":[],"categories":[1],"tags":[19,7,12,6,17,10,14],"_links":{"self":[{"href":"https:\/\/fedemba.org.ar\/web\/wp-json\/wp\/v2\/posts\/530"}],"collection":[{"href":"https:\/\/fedemba.org.ar\/web\/wp-json\/wp\/v2\/posts"}],"about":[{"href":"https:\/\/fedemba.org.ar\/web\/wp-json\/wp\/v2\/types\/post"}],"author":[{"embeddable":true,"href":"https:\/\/fedemba.org.ar\/web\/wp-json\/wp\/v2\/users\/1"}],"replies":[{"embeddable":true,"href":"https:\/\/fedemba.org.ar\/web\/wp-json\/wp\/v2\/comments?post=530"}],"version-history":[{"count":1,"href":"https:\/\/fedemba.org.ar\/web\/wp-json\/wp\/v2\/posts\/530\/revisions"}],"predecessor-version":[{"id":534,"href":"https:\/\/fedemba.org.ar\/web\/wp-json\/wp\/v2\/posts\/530\/revisions\/534"}],"wp:featuredmedia":[{"embeddable":true,"href":"https:\/\/fedemba.org.ar\/web\/wp-json\/wp\/v2\/media\/161"}],"wp:attachment":[{"href":"https:\/\/fedemba.org.ar\/web\/wp-json\/wp\/v2\/media?parent=530"}],"wp:term":[{"taxonomy":"category","embeddable":true,"href":"https:\/\/fedemba.org.ar\/web\/wp-json\/wp\/v2\/categories?post=530"},{"taxonomy":"post_tag","embeddable":true,"href":"https:\/\/fedemba.org.ar\/web\/wp-json\/wp\/v2\/tags?post=530"}],"curies":[{"name":"wp","href":"https:\/\/api.w.org\/{rel}","templated":true}]}}