{"id":542,"date":"2015-09-15T17:01:12","date_gmt":"2015-09-15T20:01:12","guid":{"rendered":"http:\/\/fedemba.org.ar\/web\/?p=542"},"modified":"2015-09-15T17:01:12","modified_gmt":"2015-09-15T20:01:12","slug":"asamblea-general-ordinaria-2015","status":"publish","type":"post","link":"https:\/\/fedemba.org.ar\/web\/asamblea-general-ordinaria-2015\/","title":{"rendered":"Asamblea General Ordinaria 2015"},"content":{"rendered":"<p>El pasado 10 de septiembre de 2015 se desarroll\u00f3 la Asamblea General Ordinaria de FEDEMBA en la Escuela de Pasteler\u00eda Profesional de la Asociaci\u00f3n Mutual 12 de Enero Trabajadores Pasteleros, Confiteros, Pizzeros, Heladeros, Alfajoreros y Servicios R\u00e1pidos.<\/p>\n<p>Luego de la designaci\u00f3n de los dos delegados para la firma del Acta de Asamblea, se prosigui\u00f3 con la Orden del D\u00eda, aprob\u00e1ndose por unanimidad Memoria, Balance General, Cuadros Anexos, Cuenta de Gastos y Recursos e Informe de la Junta Fiscalizadora y del Auditor Externo, correspondientes al \u00faltimo ejercicio que comprende el per\u00edodo del 01\/06\/2014 al 31\/05\/2015. Asimismo, se mostr\u00f3 un video, que fue obsequiado a los delegados presentes, con todas las actividades de la Federaci\u00f3n durante el ejercicio y un repaso de los logos de las mutuales que activamente integran y participan de la Federaci\u00f3n.<\/p>\n<p>El Presidente Dr. Dar\u00edo Mart\u00ednez Corti y el Secretario Sr. Hugo Bozzini comentaron que a partir de mayo de 2015, se encuentra disponible la nueva P\u00e1gina Web www.fedemba.org.ar, la cual fue redise\u00f1ada y actualizada con informaci\u00f3n desde el 2011 hasta la actualidad. Al respecto, invitaron a visitarla asiduamente y solicitaron que las entidades env\u00eden material de las actividades que realizan.<\/p>\n<p>Posteriormente, la Dra. Rosa B. Rodr\u00edguez, Secretaria de Promoci\u00f3n y Relaciones Institucionales de la Federaci\u00f3n y Presidenta de la Confederaci\u00f3n Nacional de Mutualidades de la Rep\u00fablica Argentina (CONAM), agradeci\u00f3 las reiteradas muestras de cari\u00f1o y afecto que recibi\u00f3, en su regreso presencial a un evento institucional del Mutualismo. Adem\u00e1s, solicit\u00f3 un aplauso para los directivos de FEDEMBA por su apoyo incondicional y valor\u00f3 la presencia de los medios de prensa mutualista. Posteriormente, obsequi\u00f3 el libro \u201cNuria ha llegado para quedarse\u201d de Mar\u00eda Jos\u00e9 Ferrero Carreras, a la Directora de Promoci\u00f3n del peri\u00f3dico Mundo Mutual, Dra. Estrella Asquineyer y a la Directora de la revista Mutualismo Hoy, Sra. Noem\u00ed Gladys Gorriz.<\/p>\n<p>Finalmente, el Consejo Directivo comparti\u00f3 con los delegados de las mutuales adheridas una cena de camarader\u00eda, como parte de los festejos por el 30\u00ba Aniversario de FEDEMBA (1985 \u2013 2015), en la que se hicieron presentes el Sr. Luis Hlebowisz, Presidente de la Asociaci\u00f3n Mutual 12 de Enero, y el Sr. Alfredo Sigliano, Presidente de la Organizaci\u00f3n de Entidades Mutuales de las Am\u00e9ricas (ODEMA).<\/p>\n<p><a href=\"http:\/\/fedemba.org.ar\/web\/wp-content\/uploads\/2015\/09\/Banner-Asamblea-2015.jpg\"><img decoding=\"async\" loading=\"lazy\" class=\"alignleft size-medium wp-image-544\" src=\"http:\/\/fedemba.org.ar\/web\/wp-content\/uploads\/2015\/09\/Banner-Asamblea-2015-142x300.jpg\" alt=\"Banner Asamblea 2015\" width=\"142\" height=\"300\" srcset=\"https:\/\/fedemba.org.ar\/web\/wp-content\/uploads\/2015\/09\/Banner-Asamblea-2015-142x300.jpg 142w, https:\/\/fedemba.org.ar\/web\/wp-content\/uploads\/2015\/09\/Banner-Asamblea-2015-486x1024.jpg 486w, https:\/\/fedemba.org.ar\/web\/wp-content\/uploads\/2015\/09\/Banner-Asamblea-2015.jpg 568w\" sizes=\"(max-width: 142px) 100vw, 142px\" \/><\/a> <a href=\"http:\/\/fedemba.org.ar\/web\/wp-content\/uploads\/2015\/09\/Folleto.jpg\"><img decoding=\"async\" loading=\"lazy\" class=\"alignleft size-medium wp-image-545\" src=\"http:\/\/fedemba.org.ar\/web\/wp-content\/uploads\/2015\/09\/Folleto-216x300.jpg\" alt=\"Folleto\" width=\"216\" height=\"300\" srcset=\"https:\/\/fedemba.org.ar\/web\/wp-content\/uploads\/2015\/09\/Folleto-216x300.jpg 216w, https:\/\/fedemba.org.ar\/web\/wp-content\/uploads\/2015\/09\/Folleto-739x1024.jpg 739w, https:\/\/fedemba.org.ar\/web\/wp-content\/uploads\/2015\/09\/Folleto.jpg 1211w\" sizes=\"(max-width: 216px) 100vw, 216px\" \/><\/a><\/p>\n<div id=\"attachment_550\" style=\"width: 310px\" class=\"wp-caption alignleft\"><a href=\"http:\/\/fedemba.org.ar\/web\/wp-content\/uploads\/2015\/09\/vrg31452-m\u00e1s-chica.jpg\"><img aria-describedby=\"caption-attachment-550\" decoding=\"async\" loading=\"lazy\" class=\"size-medium wp-image-550\" src=\"http:\/\/fedemba.org.ar\/web\/wp-content\/uploads\/2015\/09\/vrg31452-m\u00e1s-chica-300x187.jpg\" alt=\"Buenos Aires 10\/09\/15: Asamblea y Cena FEDEMBA.\" width=\"300\" height=\"187\" srcset=\"https:\/\/fedemba.org.ar\/web\/wp-content\/uploads\/2015\/09\/vrg31452-m\u00e1s-chica-300x187.jpg 300w, https:\/\/fedemba.org.ar\/web\/wp-content\/uploads\/2015\/09\/vrg31452-m\u00e1s-chica-1024x638.jpg 1024w, https:\/\/fedemba.org.ar\/web\/wp-content\/uploads\/2015\/09\/vrg31452-m\u00e1s-chica.jpg 1958w\" sizes=\"(max-width: 300px) 100vw, 300px\" \/><\/a><p id=\"caption-attachment-550\" class=\"wp-caption-text\">Buenos Aires 10\/09\/15: Asamblea y Cena FEDEMBA.<\/p><\/div>\n<div id=\"attachment_549\" style=\"width: 310px\" class=\"wp-caption alignleft\"><a href=\"http:\/\/fedemba.org.ar\/web\/wp-content\/uploads\/2015\/09\/vrg31445-m\u00e1s-chica.jpg\"><img aria-describedby=\"caption-attachment-549\" decoding=\"async\" loading=\"lazy\" class=\"size-medium wp-image-549\" src=\"http:\/\/fedemba.org.ar\/web\/wp-content\/uploads\/2015\/09\/vrg31445-m\u00e1s-chica-300x180.jpg\" alt=\"Buenos Aires 10\/09\/15: Asamblea y Cena FEDEMBA.\" width=\"300\" height=\"180\" srcset=\"https:\/\/fedemba.org.ar\/web\/wp-content\/uploads\/2015\/09\/vrg31445-m\u00e1s-chica-300x180.jpg 300w, https:\/\/fedemba.org.ar\/web\/wp-content\/uploads\/2015\/09\/vrg31445-m\u00e1s-chica-1024x613.jpg 1024w, https:\/\/fedemba.org.ar\/web\/wp-content\/uploads\/2015\/09\/vrg31445-m\u00e1s-chica.jpg 1575w\" sizes=\"(max-width: 300px) 100vw, 300px\" \/><\/a><p id=\"caption-attachment-549\" class=\"wp-caption-text\">Buenos Aires 10\/09\/15: Asamblea y Cena FEDEMBA.<\/p><\/div>\n<div id=\"attachment_548\" style=\"width: 310px\" class=\"wp-caption alignleft\"><a href=\"http:\/\/fedemba.org.ar\/web\/wp-content\/uploads\/2015\/09\/vrg31444-m\u00e1s-chica.jpg\"><img aria-describedby=\"caption-attachment-548\" decoding=\"async\" loading=\"lazy\" class=\"size-medium wp-image-548\" src=\"http:\/\/fedemba.org.ar\/web\/wp-content\/uploads\/2015\/09\/vrg31444-m\u00e1s-chica-300x163.jpg\" alt=\"Buenos Aires 10\/09\/15: Asamblea y Cena FEDEMBA.\" width=\"300\" height=\"163\" srcset=\"https:\/\/fedemba.org.ar\/web\/wp-content\/uploads\/2015\/09\/vrg31444-m\u00e1s-chica-300x163.jpg 300w, https:\/\/fedemba.org.ar\/web\/wp-content\/uploads\/2015\/09\/vrg31444-m\u00e1s-chica-1024x557.jpg 1024w, https:\/\/fedemba.org.ar\/web\/wp-content\/uploads\/2015\/09\/vrg31444-m\u00e1s-chica.jpg 1575w\" sizes=\"(max-width: 300px) 100vw, 300px\" \/><\/a><p id=\"caption-attachment-548\" class=\"wp-caption-text\">Buenos Aires 10\/09\/15: Asamblea y Cena FEDEMBA.<\/p><\/div>\n<p><a href=\"http:\/\/fedemba.org.ar\/web\/wp-content\/uploads\/2015\/09\/vrg31454-m\u00e1s-chica.jpg\"><img decoding=\"async\" loading=\"lazy\" class=\"alignleft size-medium wp-image-551\" src=\"http:\/\/fedemba.org.ar\/web\/wp-content\/uploads\/2015\/09\/vrg31454-m\u00e1s-chica-300x200.jpg\" alt=\"vrg31454 m\u00e1s chica\" width=\"300\" height=\"200\" srcset=\"https:\/\/fedemba.org.ar\/web\/wp-content\/uploads\/2015\/09\/vrg31454-m\u00e1s-chica-300x200.jpg 300w, https:\/\/fedemba.org.ar\/web\/wp-content\/uploads\/2015\/09\/vrg31454-m\u00e1s-chica-1024x683.jpg 1024w\" sizes=\"(max-width: 300px) 100vw, 300px\" \/><\/a><\/p>\n<div id=\"attachment_552\" style=\"width: 310px\" class=\"wp-caption alignleft\"><a href=\"http:\/\/fedemba.org.ar\/web\/wp-content\/uploads\/2015\/09\/vrg31481-m\u00e1s-chica.jpg\"><img aria-describedby=\"caption-attachment-552\" decoding=\"async\" loading=\"lazy\" class=\"size-medium wp-image-552\" src=\"http:\/\/fedemba.org.ar\/web\/wp-content\/uploads\/2015\/09\/vrg31481-m\u00e1s-chica-300x260.jpg\" alt=\"Buenos Aires 10\/09\/15: Asamblea y Cena FEDEMBA.\" width=\"300\" height=\"260\" srcset=\"https:\/\/fedemba.org.ar\/web\/wp-content\/uploads\/2015\/09\/vrg31481-m\u00e1s-chica-300x260.jpg 300w, https:\/\/fedemba.org.ar\/web\/wp-content\/uploads\/2015\/09\/vrg31481-m\u00e1s-chica-1024x888.jpg 1024w, https:\/\/fedemba.org.ar\/web\/wp-content\/uploads\/2015\/09\/vrg31481-m\u00e1s-chica.jpg 1400w\" sizes=\"(max-width: 300px) 100vw, 300px\" \/><\/a><p id=\"caption-attachment-552\" class=\"wp-caption-text\">Buenos Aires 10\/09\/15: Asamblea y Cena FEDEMBA.<\/p><\/div>\n","protected":false},"excerpt":{"rendered":"<p>El pasado 10 de septiembre de 2015 se desarroll\u00f3 la Asamblea General Ordinaria de FEDEMBA en la Escuela de Pasteler\u00eda Profesional de la Asociaci\u00f3n Mutual 12 de Enero Trabajadores Pasteleros, Confiteros, Pizzeros, Heladeros, Alfajoreros y Servicios R\u00e1pidos.<\/p>\n","protected":false},"author":1,"featured_media":543,"comment_status":"closed","ping_status":"closed","sticky":false,"template":"","format":"standard","meta":[],"categories":[1],"tags":[25,37,19,18,7,12,6,22,20,17,10,13,14],"_links":{"self":[{"href":"https:\/\/fedemba.org.ar\/web\/wp-json\/wp\/v2\/posts\/542"}],"collection":[{"href":"https:\/\/fedemba.org.ar\/web\/wp-json\/wp\/v2\/posts"}],"about":[{"href":"https:\/\/fedemba.org.ar\/web\/wp-json\/wp\/v2\/types\/post"}],"author":[{"embeddable":true,"href":"https:\/\/fedemba.org.ar\/web\/wp-json\/wp\/v2\/users\/1"}],"replies":[{"embeddable":true,"href":"https:\/\/fedemba.org.ar\/web\/wp-json\/wp\/v2\/comments?post=542"}],"version-history":[{"count":1,"href":"https:\/\/fedemba.org.ar\/web\/wp-json\/wp\/v2\/posts\/542\/revisions"}],"predecessor-version":[{"id":554,"href":"https:\/\/fedemba.org.ar\/web\/wp-json\/wp\/v2\/posts\/542\/revisions\/554"}],"wp:featuredmedia":[{"embeddable":true,"href":"https:\/\/fedemba.org.ar\/web\/wp-json\/wp\/v2\/media\/543"}],"wp:attachment":[{"href":"https:\/\/fedemba.org.ar\/web\/wp-json\/wp\/v2\/media?parent=542"}],"wp:term":[{"taxonomy":"category","embeddable":true,"href":"https:\/\/fedemba.org.ar\/web\/wp-json\/wp\/v2\/categories?post=542"},{"taxonomy":"post_tag","embeddable":true,"href":"https:\/\/fedemba.org.ar\/web\/wp-json\/wp\/v2\/tags?post=542"}],"curies":[{"name":"wp","href":"https:\/\/api.w.org\/{rel}","templated":true}]}}