{"id":556,"date":"2015-10-21T13:49:21","date_gmt":"2015-10-21T16:49:21","guid":{"rendered":"http:\/\/fedemba.org.ar\/web\/?p=556"},"modified":"2015-10-21T13:49:21","modified_gmt":"2015-10-21T16:49:21","slug":"el-vicepresidente-de-fedemba-sr-alberto-salom-diserto-en-la-uba-sobre-economia-social","status":"publish","type":"post","link":"https:\/\/fedemba.org.ar\/web\/el-vicepresidente-de-fedemba-sr-alberto-salom-diserto-en-la-uba-sobre-economia-social\/","title":{"rendered":"El Vicepresidente de FEDEMBA Sr. Alberto Salom disert\u00f3 en la UBA sobre Econom\u00eda Social"},"content":{"rendered":"<h4>El pasado 8 de octubre el Sr. Alberto Salom, Vicepresidente de FEDEMBA y Presidente de AMEPORT, disert\u00f3 ante alumnos que realizan un posgrado de Econom\u00eda Social en la Universidad de Ciencias Econ\u00f3micas de la UBA (Universidad de Buenos Aires). Durante una charla de casi 3 horas, explic\u00f3 a los estudiantes aspectos generales y espec\u00edficos de las instituciones de la econom\u00eda social, y comparti\u00f3 su experiencia como asociado fundador de AMEPORT.<\/h4>\n<h4>Asimismo, se proyect\u00f3 un video que refleja la memoria institucional del \u00faltimo ejercicio de la mutual, donde se muestran estad\u00edsticas del crecimiento del per\u00edodo y diferentes eventos donde particip\u00f3 activamente junto a FEDEMBA, cerrando con un resumen de las acciones solidarias que se organizaron desde el Dpto. de Responsabilidad Social Institucional.<\/h4>\n<p><a href=\"http:\/\/fedemba.org.ar\/web\/wp-content\/uploads\/2015\/10\/Alberto-Salom-disert\u00f3-en-la-UBA-octubre-2015.jpg\"><img decoding=\"async\" loading=\"lazy\" class=\"alignleft size-full wp-image-557\" src=\"http:\/\/fedemba.org.ar\/web\/wp-content\/uploads\/2015\/10\/Alberto-Salom-disert\u00f3-en-la-UBA-octubre-2015.jpg\" alt=\"Alberto Salom disert\u00f3 en la UBA - octubre 2015\" width=\"1500\" height=\"786\" srcset=\"https:\/\/fedemba.org.ar\/web\/wp-content\/uploads\/2015\/10\/Alberto-Salom-disert\u00f3-en-la-UBA-octubre-2015.jpg 1500w, https:\/\/fedemba.org.ar\/web\/wp-content\/uploads\/2015\/10\/Alberto-Salom-disert\u00f3-en-la-UBA-octubre-2015-300x157.jpg 300w, https:\/\/fedemba.org.ar\/web\/wp-content\/uploads\/2015\/10\/Alberto-Salom-disert\u00f3-en-la-UBA-octubre-2015-1024x537.jpg 1024w\" sizes=\"(max-width: 1500px) 100vw, 1500px\" \/><\/a><\/p>\n","protected":false},"excerpt":{"rendered":"<p>El pasado 8 de octubre el Sr. Alberto Salom, Vicepresidente de FEDEMBA y Presidente de AMEPORT, disert\u00f3 ante alumnos que realizan un posgrado de Econom\u00eda Social en la Universidad de Ciencias Econ\u00f3micas de la UBA (Universidad de Buenos Aires). <\/p>\n","protected":false},"author":1,"featured_media":557,"comment_status":"closed","ping_status":"closed","sticky":false,"template":"","format":"standard","meta":[],"categories":[1],"tags":[25,30,12,6,10],"_links":{"self":[{"href":"https:\/\/fedemba.org.ar\/web\/wp-json\/wp\/v2\/posts\/556"}],"collection":[{"href":"https:\/\/fedemba.org.ar\/web\/wp-json\/wp\/v2\/posts"}],"about":[{"href":"https:\/\/fedemba.org.ar\/web\/wp-json\/wp\/v2\/types\/post"}],"author":[{"embeddable":true,"href":"https:\/\/fedemba.org.ar\/web\/wp-json\/wp\/v2\/users\/1"}],"replies":[{"embeddable":true,"href":"https:\/\/fedemba.org.ar\/web\/wp-json\/wp\/v2\/comments?post=556"}],"version-history":[{"count":1,"href":"https:\/\/fedemba.org.ar\/web\/wp-json\/wp\/v2\/posts\/556\/revisions"}],"predecessor-version":[{"id":558,"href":"https:\/\/fedemba.org.ar\/web\/wp-json\/wp\/v2\/posts\/556\/revisions\/558"}],"wp:featuredmedia":[{"embeddable":true,"href":"https:\/\/fedemba.org.ar\/web\/wp-json\/wp\/v2\/media\/557"}],"wp:attachment":[{"href":"https:\/\/fedemba.org.ar\/web\/wp-json\/wp\/v2\/media?parent=556"}],"wp:term":[{"taxonomy":"category","embeddable":true,"href":"https:\/\/fedemba.org.ar\/web\/wp-json\/wp\/v2\/categories?post=556"},{"taxonomy":"post_tag","embeddable":true,"href":"https:\/\/fedemba.org.ar\/web\/wp-json\/wp\/v2\/tags?post=556"}],"curies":[{"name":"wp","href":"https:\/\/api.w.org\/{rel}","templated":true}]}}