{"id":578,"date":"2015-12-10T18:27:53","date_gmt":"2015-12-10T21:27:53","guid":{"rendered":"http:\/\/fedemba.org.ar\/web\/?p=578"},"modified":"2015-12-10T18:27:53","modified_gmt":"2015-12-10T21:27:53","slug":"30o-aniversario-de-fedemba","status":"publish","type":"post","link":"https:\/\/fedemba.org.ar\/web\/30o-aniversario-de-fedemba\/","title":{"rendered":"30\u00ba ANIVERSARIO DE FEDEMBA"},"content":{"rendered":"<p>El pasado mi\u00e9rcoles 2 de diciembre, con m\u00e1s de 450 mutualistas, se desarroll\u00f3 la Cena Show por el 30\u00ba Aniversario de la Federaci\u00f3n de Entidades Mutuales de Buenos Aires (FEDEMBA) en los salones del C\u00edrculo Oficiales de Mar (COM). Invitamos a recorrer dicho acontecimiento a trav\u00e9s de una Revista Digital:<\/p>\n<h3>\u00a0<a href=\"http:\/\/fedemba.org.ar\/newsletter\/30anios\/\">REVISTA DIGITAL FEDEMBA 30\u00ba ANIVERSARIO<\/a><\/h3>\n<p><a href=\"http:\/\/fedemba.org.ar\/web\/wp-content\/uploads\/2015\/12\/TAPA-REVISTA-DIGITAL.jpg\"><img decoding=\"async\" loading=\"lazy\" class=\"alignleft size-full wp-image-579\" src=\"http:\/\/fedemba.org.ar\/web\/wp-content\/uploads\/2015\/12\/TAPA-REVISTA-DIGITAL.jpg\" alt=\"TAPA REVISTA DIGITAL\" width=\"790\" height=\"571\" srcset=\"https:\/\/fedemba.org.ar\/web\/wp-content\/uploads\/2015\/12\/TAPA-REVISTA-DIGITAL.jpg 790w, https:\/\/fedemba.org.ar\/web\/wp-content\/uploads\/2015\/12\/TAPA-REVISTA-DIGITAL-300x217.jpg 300w\" sizes=\"(max-width: 790px) 100vw, 790px\" \/><\/a><\/p>\n<p>&nbsp;<\/p>\n<p>&nbsp;<\/p>\n","protected":false},"excerpt":{"rendered":"<p>El pasado mi\u00e9rcoles 2 de diciembre, con m\u00e1s de 450 mutualistas, se desarroll\u00f3 la Cena Show por el 30\u00ba Aniversario de la Federaci\u00f3n de Entidades Mutuales de Buenos Aires (FEDEMBA) en los salones del C\u00edrculo Oficiales de Mar (COM). Invitamos a recorrer dicho acontecimiento a trav\u00e9s de una Revista Digital.<\/p>\n","protected":false},"author":1,"featured_media":579,"comment_status":"closed","ping_status":"closed","sticky":false,"template":"","format":"standard","meta":[],"categories":[1],"tags":[46,25,37,30,35,18,36,27,44,23,9,7,12,6,29,11,22,20,17,8,31,16,39,10,13,14],"_links":{"self":[{"href":"https:\/\/fedemba.org.ar\/web\/wp-json\/wp\/v2\/posts\/578"}],"collection":[{"href":"https:\/\/fedemba.org.ar\/web\/wp-json\/wp\/v2\/posts"}],"about":[{"href":"https:\/\/fedemba.org.ar\/web\/wp-json\/wp\/v2\/types\/post"}],"author":[{"embeddable":true,"href":"https:\/\/fedemba.org.ar\/web\/wp-json\/wp\/v2\/users\/1"}],"replies":[{"embeddable":true,"href":"https:\/\/fedemba.org.ar\/web\/wp-json\/wp\/v2\/comments?post=578"}],"version-history":[{"count":1,"href":"https:\/\/fedemba.org.ar\/web\/wp-json\/wp\/v2\/posts\/578\/revisions"}],"predecessor-version":[{"id":580,"href":"https:\/\/fedemba.org.ar\/web\/wp-json\/wp\/v2\/posts\/578\/revisions\/580"}],"wp:featuredmedia":[{"embeddable":true,"href":"https:\/\/fedemba.org.ar\/web\/wp-json\/wp\/v2\/media\/579"}],"wp:attachment":[{"href":"https:\/\/fedemba.org.ar\/web\/wp-json\/wp\/v2\/media?parent=578"}],"wp:term":[{"taxonomy":"category","embeddable":true,"href":"https:\/\/fedemba.org.ar\/web\/wp-json\/wp\/v2\/categories?post=578"},{"taxonomy":"post_tag","embeddable":true,"href":"https:\/\/fedemba.org.ar\/web\/wp-json\/wp\/v2\/tags?post=578"}],"curies":[{"name":"wp","href":"https:\/\/api.w.org\/{rel}","templated":true}]}}